{"id":3856,"date":"2021-05-06T11:05:55","date_gmt":"2021-05-06T14:05:55","guid":{"rendered":"https:\/\/radiorevelacionfm.cl\/?p=3856"},"modified":"2021-05-06T11:05:55","modified_gmt":"2021-05-06T14:05:55","slug":"sernapesca-anuncia-el-cierre-de-la-temporada-de-pesca-recreativa-en-aysen","status":"publish","type":"post","link":"https:\/\/radiorevelacionfm.cl\/?p=3856","title":{"rendered":"Sernapesca anuncia el cierre de la temporada de pesca recreativa en Ays\u00e9n"},"content":{"rendered":"<div class=\"flex_column av_one_full  flex_column_div av-zero-column-padding first  avia-builder-el-0  el_before_av_one_full  avia-builder-el-first  \" style='border-radius:0px; '><div  class='avia-image-container  av-styling-    avia-builder-el-1  avia-builder-el-no-sibling  avia-align-center '  itemprop=\"image\" itemscope=\"itemscope\" itemtype=\"https:\/\/schema.org\/ImageObject\"  ><div class='avia-image-container-inner'><div class='avia-image-overlay-wrap'><img decoding=\"async\" class='wp-image-3857 avia-img-lazy-loading-not-3857 avia_image' src=\"https:\/\/radiorevelacionfm.cl\/wp-content\/uploads\/2021\/05\/pesca-recreativa-aysen-1-1_optimized.jpg\" alt='' title='pesca-recreativa-ays\u00e9n-1-(1)_optimized' height=\"600\" width=\"906\"  itemprop=\"thumbnailUrl\" srcset=\"https:\/\/radiorevelacionfm.cl\/wp-content\/uploads\/2021\/05\/pesca-recreativa-aysen-1-1_optimized.jpg 906w, https:\/\/radiorevelacionfm.cl\/wp-content\/uploads\/2021\/05\/pesca-recreativa-aysen-1-1_optimized-300x199.jpg 300w, https:\/\/radiorevelacionfm.cl\/wp-content\/uploads\/2021\/05\/pesca-recreativa-aysen-1-1_optimized-768x509.jpg 768w, https:\/\/radiorevelacionfm.cl\/wp-content\/uploads\/2021\/05\/pesca-recreativa-aysen-1-1_optimized-705x467.jpg 705w, https:\/\/radiorevelacionfm.cl\/wp-content\/uploads\/2021\/05\/pesca-recreativa-aysen-1-1_optimized-600x397.jpg 600w\" sizes=\"(max-width: 906px) 100vw, 906px\" \/><\/div><\/div><\/div><\/div><div class=\"flex_column av_one_full  flex_column_div av-zero-column-padding first  avia-builder-el-2  el_after_av_one_full  el_before_av_one_full  column-top-margin\" style='border-radius:0px; '><section class=\"av_textblock_section \"  itemscope=\"itemscope\" itemtype=\"https:\/\/schema.org\/BlogPosting\" itemprop=\"blogPost\" ><div class='avia_textblock  '   itemprop=\"text\" ><p style=\"text-align: center;\"><strong><span style=\"font-size: 18pt;\">Sernapesca anuncia el cierre de la temporada de pesca recreativa en Ays\u00e9n<\/span><\/strong><\/p>\n<div id=\"gtx-trans\" style=\"position: absolute; left: -50px; top: 4.31534px;\">\n<div class=\"gtx-trans-icon\"><\/div>\n<\/div>\n<\/div><\/section><\/div><div class=\"flex_column av_one_full  flex_column_div av-zero-column-padding first  avia-builder-el-4  el_after_av_one_full  el_before_av_hr  column-top-margin\" style='border-radius:0px; '><section class=\"av_textblock_section \"  itemscope=\"itemscope\" itemtype=\"https:\/\/schema.org\/BlogPosting\" itemprop=\"blogPost\" ><div class='avia_textblock  '   itemprop=\"text\" ><p style=\"text-align: justify;\">El jueves 06 de mayo finaliza la temporada de pesca recreativa 2020\u20132021, en la regi\u00f3n de Ays\u00e9n. La actividad regulada por la Ley N\u00b0 20.256 y Resoluci\u00f3n Exenta N\u00b028\/2020, establece que la temporada de pesca en r\u00edos, lagos y lagunas tiene fechas definidas para su inicio y cierre, siendo estas entre el 12 de Octubre y 06 de mayo.<\/p>\n<p style=\"text-align: justify;\">Con el t\u00e9rmino de la temporada de pesca recreativa, se inicia la veda biol\u00f3gica de salm\u00f3nidos, prohibiendo la captura o extracci\u00f3n de los ejemplares con el fin de resguardar los procesos de reproducci\u00f3n de esta especie hidrobiol\u00f3gica y de este modo cuidar el turismo en la regi\u00f3n.<\/p>\n<p style=\"text-align: justify;\">En el marco del Programa Especial de Aguas Continentales, que busca resguardar la sustentabilidad de la pesca recreativa, el Servicio Nacional de Pesca y Acuicultura (Sernapesca) reforzar\u00e1 sus acciones de control en r\u00edos, lagunas, lagos, particularmente en zonas de desove, a objeto de proteger los procesos de reproducci\u00f3n. Para ello, y en el marco de la Red Sustenta, Sernapesca ha coordinado acciones de fiscalizaci\u00f3n con otras instituciones llamadas a hacer cumplir la Ley de Pesca Recreativa, lo que permitir\u00e1 una amplia cobertura territorial.<\/p>\n<p style=\"text-align: justify;\">La normativa general de pesca recreativa regulada por la Ley N\u00b0 20.256, establece que la temporada finaliza el primer domingo de mayo. No obstante, hay regiones, como la regi\u00f3n de Ays\u00e9n, que tienen regulaciones especiales para sus cuerpos de agua o por especies, quedando s\u00f3lo habilitada la extracci\u00f3n bajo la modalidad de pesca recreativa en el mar.<\/p>\n<p style=\"text-align: justify;\">Finalmente, junto con informar el cierre de la temporada 2020-2021, se hace un llamado a la corresponsabilidad tanto p\u00fablica como privada, a fin de prevenir conductas re\u00f1idas con la sustentabilidad de la actividad de pesca recreativa, entendiendo que este es un trabajo que permitir\u00e1 el desarrollo de los recursos hidrobiol\u00f3gicos, y los principios inspiradores de la ley que lo regula.<\/p>\n<\/div><\/section><\/div><div  style='height:50px' class='hr hr-invisible   avia-builder-el-6  el_after_av_one_full  el_before_av_social_share '><span class='hr-inner ' ><span class='hr-inner-style'><\/span><\/span><\/div><\/p>\n<div  class='av-social-sharing-box  avia-builder-el-7  el_after_av_hr  el_before_av_hr  '><div class='av-share-box'><h5 class='av-share-link-description av-no-toc '>Compartir esta noticia<\/h5><ul class='av-share-box-list noLightbox'><li class='av-share-link av-social-link-facebook' ><a target=\"_blank\" aria-label=\"Compartir en Facebook\" href='https:\/\/www.facebook.com\/sharer.php?u=https:\/\/radiorevelacionfm.cl\/?p=3856&#038;t=Sernapesca%20anuncia%20el%20cierre%20de%20la%20temporada%20de%20pesca%20recreativa%20en%20Ays%C3%A9n' aria-hidden='false' data-av_icon='\ue8f3' data-av_iconfont='entypo-fontello' title='' data-avia-related-tooltip='Compartir en Facebook' rel=\"noopener\"><span class='avia_hidden_link_text'>Compartir en Facebook<\/span><\/a><\/li><li class='av-share-link av-social-link-twitter' ><a target=\"_blank\" aria-label=\"Compartir en Twitter\" href='https:\/\/twitter.com\/share?text=Sernapesca%20anuncia%20el%20cierre%20de%20la%20temporada%20de%20pesca%20recreativa%20en%20Ays%C3%A9n&#038;url=https:\/\/radiorevelacionfm.cl\/?p=3856' aria-hidden='false' data-av_icon='\ue8f1' data-av_iconfont='entypo-fontello' title='' data-avia-related-tooltip='Compartir en Twitter' rel=\"noopener\"><span class='avia_hidden_link_text'>Compartir en Twitter<\/span><\/a><\/li><li class='av-share-link av-social-link-whatsapp' ><a target=\"_blank\" aria-label=\"Compartir en Whatsapp\" href='https:\/\/api.whatsapp.com\/send?text=https:\/\/radiorevelacionfm.cl\/?p=3856' aria-hidden='false' data-av_icon='\uf232' data-av_iconfont='entypo-fontello' title='' data-avia-related-tooltip='Compartir en Whatsapp' rel=\"noopener\"><span class='avia_hidden_link_text'>Compartir en Whatsapp<\/span><\/a><\/li><li class='av-share-link av-social-link-linkedin' ><a target=\"_blank\" aria-label=\"Compartir en LinkedIn\" href='https:\/\/linkedin.com\/shareArticle?mini=true&#038;title=Sernapesca%20anuncia%20el%20cierre%20de%20la%20temporada%20de%20pesca%20recreativa%20en%20Ays%C3%A9n&#038;url=https:\/\/radiorevelacionfm.cl\/?p=3856' aria-hidden='false' data-av_icon='\ue8fc' data-av_iconfont='entypo-fontello' title='' data-avia-related-tooltip='Compartir en LinkedIn' rel=\"noopener\"><span class='avia_hidden_link_text'>Compartir en LinkedIn<\/span><\/a><\/li><li class='av-share-link av-social-link-mail' ><a  aria-label=\"Compartir por correo\" href='mailto:?subject=Sernapesca%20anuncia%20el%20cierre%20de%20la%20temporada%20de%20pesca%20recreativa%20en%20Ays%C3%A9n&#038;body=https:\/\/radiorevelacionfm.cl\/?p=3856' aria-hidden='false' data-av_icon='\ue805' data-av_iconfont='entypo-fontello' title='' data-avia-related-tooltip='Compartir por correo'><span class='avia_hidden_link_text'>Compartir por correo<\/span><\/a><\/li><\/ul><\/div><\/div>\n<div  style='height:50px' class='hr hr-invisible   avia-builder-el-8  el_after_av_social_share  el_before_av_comments_list '><span class='hr-inner ' ><span class='hr-inner-style'><\/span><\/span><\/div>\n<div  class='av-buildercomment  av-blog-meta-html-info-disabled av-blog-meta-tag-disabled  '><\/div>\n","protected":false},"excerpt":{"rendered":"","protected":false},"author":1,"featured_media":3857,"comment_status":"open","ping_status":"open","sticky":false,"template":"","format":"standard","meta":{"footnotes":""},"categories":[60,38],"tags":[],"class_list":["post-3856","post","type-post","status-publish","format-standard","has-post-thumbnail","hentry","category-pesca","category-regional"],"jetpack_featured_media_url":"https:\/\/radiorevelacionfm.cl\/wp-content\/uploads\/2021\/05\/pesca-recreativa-aysen-1-1_optimized.jpg","_links":{"self":[{"href":"https:\/\/radiorevelacionfm.cl\/index.php?rest_route=\/wp\/v2\/posts\/3856","targetHints":{"allow":["GET"]}}],"collection":[{"href":"https:\/\/radiorevelacionfm.cl\/index.php?rest_route=\/wp\/v2\/posts"}],"about":[{"href":"https:\/\/radiorevelacionfm.cl\/index.php?rest_route=\/wp\/v2\/types\/post"}],"author":[{"embeddable":true,"href":"https:\/\/radiorevelacionfm.cl\/index.php?rest_route=\/wp\/v2\/users\/1"}],"replies":[{"embeddable":true,"href":"https:\/\/radiorevelacionfm.cl\/index.php?rest_route=%2Fwp%2Fv2%2Fcomments&post=3856"}],"version-history":[{"count":1,"href":"https:\/\/radiorevelacionfm.cl\/index.php?rest_route=\/wp\/v2\/posts\/3856\/revisions"}],"predecessor-version":[{"id":3858,"href":"https:\/\/radiorevelacionfm.cl\/index.php?rest_route=\/wp\/v2\/posts\/3856\/revisions\/3858"}],"wp:featuredmedia":[{"embeddable":true,"href":"https:\/\/radiorevelacionfm.cl\/index.php?rest_route=\/wp\/v2\/media\/3857"}],"wp:attachment":[{"href":"https:\/\/radiorevelacionfm.cl\/index.php?rest_route=%2Fwp%2Fv2%2Fmedia&parent=3856"}],"wp:term":[{"taxonomy":"category","embeddable":true,"href":"https:\/\/radiorevelacionfm.cl\/index.php?rest_route=%2Fwp%2Fv2%2Fcategories&post=3856"},{"taxonomy":"post_tag","embeddable":true,"href":"https:\/\/radiorevelacionfm.cl\/index.php?rest_route=%2Fwp%2Fv2%2Ftags&post=3856"}],"curies":[{"name":"wp","href":"https:\/\/api.w.org\/{rel}","templated":true}]}}