{"id":38555,"date":"2024-01-04T11:58:48","date_gmt":"2024-01-04T14:58:48","guid":{"rendered":"https:\/\/radiorevelacionfm.cl\/?p=38555"},"modified":"2024-01-04T11:58:48","modified_gmt":"2024-01-04T14:58:48","slug":"con-fondo-de-proteccion-ambiental-vecinos-y-vecinas-recuperan-punto-de-encuentro-en-quebrada-la-cruz","status":"publish","type":"post","link":"https:\/\/radiorevelacionfm.cl\/?p=38555","title":{"rendered":"Con Fondo de Protecci\u00f3n Ambiental, vecinos y vecinas recuperan punto de encuentro en Quebrada La Cruz"},"content":{"rendered":"<div class=\"flex_column av_one_full  flex_column_div av-zero-column-padding first  avia-builder-el-0  el_before_av_one_full  avia-builder-el-first  \" style='border-radius:0px; '><div  class='avia-image-container  av-styling-    avia-builder-el-1  avia-builder-el-no-sibling  avia-align-center '  itemprop=\"image\" itemscope=\"itemscope\" itemtype=\"https:\/\/schema.org\/ImageObject\"  ><div class='avia-image-container-inner'><div class='avia-image-overlay-wrap'><img decoding=\"async\" class='wp-image-38556 avia-img-lazy-loading-not-38556 avia_image' src=\"https:\/\/radiorevelacionfm.cl\/wp-content\/uploads\/2024\/01\/5-81-1_optimized-1.jpg\" alt='' title='5-(81)-(1)_optimized (1)' height=\"600\" width=\"1067\"  itemprop=\"thumbnailUrl\" srcset=\"https:\/\/radiorevelacionfm.cl\/wp-content\/uploads\/2024\/01\/5-81-1_optimized-1.jpg 1067w, https:\/\/radiorevelacionfm.cl\/wp-content\/uploads\/2024\/01\/5-81-1_optimized-1-300x169.jpg 300w, https:\/\/radiorevelacionfm.cl\/wp-content\/uploads\/2024\/01\/5-81-1_optimized-1-1030x579.jpg 1030w, https:\/\/radiorevelacionfm.cl\/wp-content\/uploads\/2024\/01\/5-81-1_optimized-1-768x432.jpg 768w, https:\/\/radiorevelacionfm.cl\/wp-content\/uploads\/2024\/01\/5-81-1_optimized-1-705x396.jpg 705w, https:\/\/radiorevelacionfm.cl\/wp-content\/uploads\/2024\/01\/5-81-1_optimized-1-450x253.jpg 450w, https:\/\/radiorevelacionfm.cl\/wp-content\/uploads\/2024\/01\/5-81-1_optimized-1-600x337.jpg 600w\" sizes=\"(max-width: 1067px) 100vw, 1067px\" \/><\/div><\/div><\/div><\/div><div class=\"flex_column av_one_full  flex_column_div av-zero-column-padding first  avia-builder-el-2  el_after_av_one_full  el_before_av_one_full  column-top-margin\" style='border-radius:0px; '><section class=\"av_textblock_section \"  itemscope=\"itemscope\" itemtype=\"https:\/\/schema.org\/BlogPosting\" itemprop=\"blogPost\" ><div class='avia_textblock  '   itemprop=\"text\" ><p style=\"text-align: center;\"><span style=\"font-size: 18pt;\"><strong>Con Fondo de Protecci\u00f3n Ambiental, vecinos y vecinas recuperan punto de encuentro en Quebrada La Cruz<\/strong><\/span><\/p>\n<div id=\"gtx-trans\" style=\"position: absolute; left: -50px; top: 4.31534px;\">\n<div class=\"gtx-trans-icon\"><\/div>\n<\/div>\n<\/div><\/section><\/div><div class=\"flex_column av_one_full  flex_column_div av-zero-column-padding first  avia-builder-el-4  el_after_av_one_full  el_before_av_hr  column-top-margin\" style='border-radius:0px; '><section class=\"av_textblock_section \"  itemscope=\"itemscope\" itemtype=\"https:\/\/schema.org\/BlogPosting\" itemprop=\"blogPost\" ><div class='avia_textblock  '   itemprop=\"text\" ><p style=\"text-align: justify;\">Para conocer los avances del proyecto financiado con el Fondo de Protecci\u00f3n Ambiental del FPA, ministerio del Medio Ambiente, adjudicado al Consejo Vecinal de Desarrollo, Barrio Quebrada La Cruz, el Seremi del Medio Ambiente, junto a su equipo de educaci\u00f3n ambiental, se reunieron con vecinos, vecinas, ni\u00f1os y ni\u00f1as del sector, quienes recorrieron el espacio destacando los logros obtenidos hasta la fecha.<\/p>\n<p style=\"text-align: justify;\">Durante el recorrido, la representante del Consejo Vecinal Barrio Quebrada la Cruz, Nancy Vargas, se declar\u00f3 impactada \u201cesto estaba perdido, yo creo que el Seremi cuando vino lo vio abandonado, y aunque hay muchas cosas m\u00e1s que hacer, para nosotros ya es un tremendo logro poder estar aqu\u00ed, ahora\u201d, dijo se\u00f1alando el espacio intervenido, donde ahora se re\u00fanen con la comunidad y al que antes no ten\u00edan acceso.<\/p>\n<p style=\"text-align: justify;\">El proyecto denominado \u201cQuebrada La Cruz: Recuperando un espacio de encuentro\u201d corresponde al concurso de iniciativas ciudadanas sustentables 2023 y tiene por objetivo recuperar una porci\u00f3n del sector Quebrada La Cruz como espacio natural de encuentro, mediante la habilitaci\u00f3n de un sendero interpretativo y arborizaci\u00f3n.<\/p>\n<p style=\"text-align: justify;\">El proyecto, que pretende visibilizar la dependiente relaci\u00f3n de cuidado y educaci\u00f3n ambiental para el resguardo de la biodiversidad, ha convocado a jornadas de arborizaci\u00f3n y limpieza; realizado el dise\u00f1o y avanzado en la construcci\u00f3n participativa del sendero interpretativo en la Quebrada; organizado visitas guiadas y talleres en terreno para fomentar la educaci\u00f3n ambiental.<\/p>\n<p style=\"text-align: justify;\">Este proyecto cuenta con el apoyo del Programa \u201cQuiero Mi Barrio\u201d de MINVU que junto al municipio de Coyhaique realizan acciones para mejorar la calidad de vida de la comunidad beneficiada. La profesional del programa Quiero Mi Barrio \u2013 Quebrada la Cruz \u2013 \u00a0y coordinadora del proyecto FPA, Kristine Wenderoth explic\u00f3 que \u201cla idea principal es recuperar la quebrada que hace muchos a\u00f1os est\u00e1 abandonada, generando un acceso que, si bien a\u00fan no es inclusivo, con este proyecto logramos que las personas puedan acceder sin mayor peligro, y recorrer este espacio que tiene bastantes atractivos naturales\u201d.<\/p>\n<p style=\"text-align: justify;\">As\u00ed tambi\u00e9n son organismos asociados la Universidad Austral, Universidad de Ays\u00e9n y la Sala Cuna y Jard\u00edn Futuro Austral, establecimiento JUNJI VTF con certificaci\u00f3n ambiental de excelencia \u201cEstamos muy contentos en el jard\u00edn de poder contar con un nuevo espacio donde poder trabajar de manera pedag\u00f3gica, porque este espacio viene a enriquecer la labor que realizamos en el establecimiento educativo (\u2026) necesitamos espacios donde los ni\u00f1os puedan tener contacto directo con la naturaleza\u201d, agradeci\u00f3 la Educadora y encargada de Medio Ambiente del Jard\u00edn Infantil Futuro Austral, Yannia P\u00e9rez, llamando a la comunidad a cuidar, respetar y mantener el espacio restaurado.<\/p>\n<p style=\"text-align: justify;\">Por su parte el Seremi del Medio Ambiente, Yoal D\u00edaz, agradeci\u00f3 el trabajo e iniciativa de la comunidad y organismos asociados, destacando los visibles logros de la tarea comprometida con el Fondo de Protecci\u00f3n Ambiental \u201csi como Ministerio podemos poner a disposici\u00f3n esto, nos llena de orgullo pensar que estos fondos tienen un impacto as\u00ed en la vida de las personas y el medio ambiente; tuvimos la oportunidad de ver el antes y como va avanzando y es muy gratificante constatar los logros y vamos a seguir apoy\u00e1ndoles\u201d.<\/p>\n<p style=\"text-align: justify;\">El FPA es el primer fondo concursable de car\u00e1cter nacional con que cuenta el Estado de Chile para apoyar iniciativas ambientales presentadas por y desde la ciudadan\u00eda. Desde el a\u00f1o 1998 a la fecha, se han financiado m\u00e1s de 3.600 proyectos a nivel nacional, a nivel regional han sido m\u00e1s de 200 los proyectos financiados por el FPA, entregando alrededor de 1.000 millones en sus 26 a\u00f1os de historia.<\/p>\n<p style=\"text-align: justify;\">Durante 2023 se adjudicaron en la regi\u00f3n siete proyectos FPA para iniciativas ciudadanas en la ciudad de Coyhaique, Puerto Ra\u00fal Mar\u00edn Balmaceda y Valle Simpson; y para proyectos sustentables en establecimientos educacionales de Puerto Ays\u00e9n, Puerto Guadal y Chile Chico.<\/p>\n<\/div><\/section><\/div><div  style='height:50px' class='hr hr-invisible   avia-builder-el-6  el_after_av_one_full  el_before_av_social_share '><span class='hr-inner ' ><span class='hr-inner-style'><\/span><\/span><\/div><\/p>\n<div  class='av-social-sharing-box  avia-builder-el-7  el_after_av_hr  el_before_av_hr  '><div class='av-share-box'><h5 class='av-share-link-description av-no-toc '>Compartir esta noticia<\/h5><ul class='av-share-box-list noLightbox'><li class='av-share-link av-social-link-facebook' ><a target=\"_blank\" aria-label=\"Compartir en Facebook\" href='https:\/\/www.facebook.com\/sharer.php?u=https:\/\/radiorevelacionfm.cl\/?p=38555&#038;t=Con%20Fondo%20de%20Protecci%C3%B3n%20Ambiental%2C%20vecinos%20y%20vecinas%20recuperan%20punto%20de%20encuentro%20en%20Quebrada%20La%20Cruz' aria-hidden='false' data-av_icon='\ue8f3' data-av_iconfont='entypo-fontello' title='' data-avia-related-tooltip='Compartir en Facebook' rel=\"noopener\"><span class='avia_hidden_link_text'>Compartir en Facebook<\/span><\/a><\/li><li class='av-share-link av-social-link-twitter' ><a target=\"_blank\" aria-label=\"Compartir en Twitter\" href='https:\/\/twitter.com\/share?text=Con%20Fondo%20de%20Protecci%C3%B3n%20Ambiental%2C%20vecinos%20y%20vecinas%20recuperan%20punto%20de%20encuentro%20en%20Quebrada%20La%20Cruz&#038;url=https:\/\/radiorevelacionfm.cl\/?p=38555' aria-hidden='false' data-av_icon='\ue8f1' data-av_iconfont='entypo-fontello' title='' data-avia-related-tooltip='Compartir en Twitter' rel=\"noopener\"><span class='avia_hidden_link_text'>Compartir en Twitter<\/span><\/a><\/li><li class='av-share-link av-social-link-whatsapp' ><a target=\"_blank\" aria-label=\"Compartir en Whatsapp\" href='https:\/\/api.whatsapp.com\/send?text=https:\/\/radiorevelacionfm.cl\/?p=38555' aria-hidden='false' data-av_icon='\uf232' data-av_iconfont='entypo-fontello' title='' data-avia-related-tooltip='Compartir en Whatsapp' rel=\"noopener\"><span class='avia_hidden_link_text'>Compartir en Whatsapp<\/span><\/a><\/li><li class='av-share-link av-social-link-linkedin' ><a target=\"_blank\" aria-label=\"Compartir en LinkedIn\" href='https:\/\/linkedin.com\/shareArticle?mini=true&#038;title=Con%20Fondo%20de%20Protecci%C3%B3n%20Ambiental%2C%20vecinos%20y%20vecinas%20recuperan%20punto%20de%20encuentro%20en%20Quebrada%20La%20Cruz&#038;url=https:\/\/radiorevelacionfm.cl\/?p=38555' aria-hidden='false' data-av_icon='\ue8fc' data-av_iconfont='entypo-fontello' title='' data-avia-related-tooltip='Compartir en LinkedIn' rel=\"noopener\"><span class='avia_hidden_link_text'>Compartir en LinkedIn<\/span><\/a><\/li><li class='av-share-link av-social-link-mail' ><a  aria-label=\"Compartir por correo\" href='mailto:?subject=Con%20Fondo%20de%20Protecci%C3%B3n%20Ambiental%2C%20vecinos%20y%20vecinas%20recuperan%20punto%20de%20encuentro%20en%20Quebrada%20La%20Cruz&#038;body=https:\/\/radiorevelacionfm.cl\/?p=38555' aria-hidden='false' data-av_icon='\ue805' data-av_iconfont='entypo-fontello' title='' data-avia-related-tooltip='Compartir por correo'><span class='avia_hidden_link_text'>Compartir por correo<\/span><\/a><\/li><\/ul><\/div><\/div>\n<div  style='height:50px' class='hr hr-invisible   avia-builder-el-8  el_after_av_social_share  el_before_av_comments_list '><span class='hr-inner ' ><span class='hr-inner-style'><\/span><\/span><\/div>\n<div  class='av-buildercomment  av-blog-meta-html-info-disabled av-blog-meta-tag-disabled  '><\/div>\n","protected":false},"excerpt":{"rendered":"","protected":false},"author":1,"featured_media":38556,"comment_status":"open","ping_status":"open","sticky":false,"template":"","format":"standard","meta":{"footnotes":""},"categories":[39],"tags":[],"class_list":["post-38555","post","type-post","status-publish","format-standard","has-post-thumbnail","hentry","category-medio-ambiente"],"jetpack_featured_media_url":"https:\/\/radiorevelacionfm.cl\/wp-content\/uploads\/2024\/01\/5-81-1_optimized-1.jpg","_links":{"self":[{"href":"https:\/\/radiorevelacionfm.cl\/index.php?rest_route=\/wp\/v2\/posts\/38555","targetHints":{"allow":["GET"]}}],"collection":[{"href":"https:\/\/radiorevelacionfm.cl\/index.php?rest_route=\/wp\/v2\/posts"}],"about":[{"href":"https:\/\/radiorevelacionfm.cl\/index.php?rest_route=\/wp\/v2\/types\/post"}],"author":[{"embeddable":true,"href":"https:\/\/radiorevelacionfm.cl\/index.php?rest_route=\/wp\/v2\/users\/1"}],"replies":[{"embeddable":true,"href":"https:\/\/radiorevelacionfm.cl\/index.php?rest_route=%2Fwp%2Fv2%2Fcomments&post=38555"}],"version-history":[{"count":1,"href":"https:\/\/radiorevelacionfm.cl\/index.php?rest_route=\/wp\/v2\/posts\/38555\/revisions"}],"predecessor-version":[{"id":38557,"href":"https:\/\/radiorevelacionfm.cl\/index.php?rest_route=\/wp\/v2\/posts\/38555\/revisions\/38557"}],"wp:featuredmedia":[{"embeddable":true,"href":"https:\/\/radiorevelacionfm.cl\/index.php?rest_route=\/wp\/v2\/media\/38556"}],"wp:attachment":[{"href":"https:\/\/radiorevelacionfm.cl\/index.php?rest_route=%2Fwp%2Fv2%2Fmedia&parent=38555"}],"wp:term":[{"taxonomy":"category","embeddable":true,"href":"https:\/\/radiorevelacionfm.cl\/index.php?rest_route=%2Fwp%2Fv2%2Fcategories&post=38555"},{"taxonomy":"post_tag","embeddable":true,"href":"https:\/\/radiorevelacionfm.cl\/index.php?rest_route=%2Fwp%2Fv2%2Ftags&post=38555"}],"curies":[{"name":"wp","href":"https:\/\/api.w.org\/{rel}","templated":true}]}}