{"id":38552,"date":"2024-01-03T19:04:04","date_gmt":"2024-01-03T22:04:04","guid":{"rendered":"https:\/\/radiorevelacionfm.cl\/?p=38552"},"modified":"2024-01-03T19:05:20","modified_gmt":"2024-01-03T22:05:20","slug":"pareja-de-aysen-participara-en-campeonato-nacional-de-cueca-en-calama-gracias-a-subvencion-municipal","status":"publish","type":"post","link":"https:\/\/radiorevelacionfm.cl\/?p=38552","title":{"rendered":"Pareja de Ays\u00e9n participar\u00e1 en campeonato nacional de cueca en Calama gracias a subvenci\u00f3n municipal"},"content":{"rendered":"<div class=\"flex_column av_one_full  flex_column_div av-zero-column-padding first  avia-builder-el-0  el_before_av_one_full  avia-builder-el-first  \" style='border-radius:0px; '><div  class='avia-image-container  av-styling-    avia-builder-el-1  avia-builder-el-no-sibling  avia-align-center '  itemprop=\"image\" itemscope=\"itemscope\" itemtype=\"https:\/\/schema.org\/ImageObject\"  ><div class='avia-image-container-inner'><div class='avia-image-overlay-wrap'><img decoding=\"async\" class='wp-image-38553 avia-img-lazy-loading-not-38553 avia_image' src=\"https:\/\/radiorevelacionfm.cl\/wp-content\/uploads\/2024\/01\/SUBVENCION-FANTASIA-SURENA-1-1-1.jpg\" alt='' title='SUBVENCION FANTASIA SURE\u00d1A 1 (1) (1)' height=\"600\" width=\"800\"  itemprop=\"thumbnailUrl\" srcset=\"https:\/\/radiorevelacionfm.cl\/wp-content\/uploads\/2024\/01\/SUBVENCION-FANTASIA-SURENA-1-1-1.jpg 800w, https:\/\/radiorevelacionfm.cl\/wp-content\/uploads\/2024\/01\/SUBVENCION-FANTASIA-SURENA-1-1-1-300x225.jpg 300w, https:\/\/radiorevelacionfm.cl\/wp-content\/uploads\/2024\/01\/SUBVENCION-FANTASIA-SURENA-1-1-1-768x576.jpg 768w, https:\/\/radiorevelacionfm.cl\/wp-content\/uploads\/2024\/01\/SUBVENCION-FANTASIA-SURENA-1-1-1-705x529.jpg 705w, https:\/\/radiorevelacionfm.cl\/wp-content\/uploads\/2024\/01\/SUBVENCION-FANTASIA-SURENA-1-1-1-450x338.jpg 450w, https:\/\/radiorevelacionfm.cl\/wp-content\/uploads\/2024\/01\/SUBVENCION-FANTASIA-SURENA-1-1-1-600x450.jpg 600w\" sizes=\"(max-width: 800px) 100vw, 800px\" \/><\/div><\/div><\/div><\/div>\n<div class=\"flex_column av_one_full  flex_column_div av-zero-column-padding first  avia-builder-el-2  el_after_av_one_full  el_before_av_one_full  column-top-margin\" style='border-radius:0px; '><section class=\"av_textblock_section \"  itemscope=\"itemscope\" itemtype=\"https:\/\/schema.org\/BlogPosting\" itemprop=\"blogPost\" ><div class='avia_textblock  '   itemprop=\"text\" ><p style=\"text-align: center;\"><strong><span style=\"font-size: 18pt;\">Pareja de Ays\u00e9n participar\u00e1 en campeonato nacional de cueca en Calama gracias a subvenci\u00f3n municipal <\/span><\/strong><\/p>\n<div id=\"gtx-trans\" style=\"position: absolute; left: -50px; top: 4.31534px;\">\n<div class=\"gtx-trans-icon\"><\/div>\n<\/div>\n<\/div><\/section><\/div><div class=\"flex_column av_one_full  flex_column_div av-zero-column-padding first  avia-builder-el-4  el_after_av_one_full  el_before_av_hr  column-top-margin\" style='border-radius:0px; '><section class=\"av_textblock_section \"  itemscope=\"itemscope\" itemtype=\"https:\/\/schema.org\/BlogPosting\" itemprop=\"blogPost\" ><div class='avia_textblock  '   itemprop=\"text\" ><p style=\"text-align: justify;\">Gracias a la aprobaci\u00f3n del Concejo Municipal, este mi\u00e9rcoles el Alcalde Julio Uribe y la presidenta de la agrupaci\u00f3n folcl\u00f3rica \u201cFantas\u00eda Sure\u00f1a\u201d, Erika Montecinos, firmaron la subvenci\u00f3n que permitir\u00e1 a Nicol\u00e1s Mansilla y Martina Nahuelquin, campeones regionales del certamen \u201cJ\u00f3venes del Cobre\u201d, representar a la regi\u00f3n de Ays\u00e9n en la competencia nacional a realizarse en Calama.<\/p>\n<p style=\"text-align: justify;\">Contentos y agradecidos los bailarines y algunos integrantes de su organizaci\u00f3n, se reunieron con la m\u00e1xima autoridad comunal, para recibir formalmente el apoyo econ\u00f3mico que les permitir\u00e1 llegar a tierras del norte de nuestro pa\u00eds. \u201cLos chiquillos se van al Campeonato J\u00f3venes del Cobre, nos van a representar, as\u00ed es que, muy agradecida de lo que hizo la Municipalidad, el se\u00f1or Acalde, para que ellos puedan llegar a all\u00e1. A las personas nos cuesta mucho salir a representar a nuestra regi\u00f3n, ya sea, en lo deportivo, en lo cultural, pero ahora con la ayuda los j\u00f3venes pueden viajar para ser parte del campeonato\u201d, se\u00f1al\u00f3 la presidenta de \u201cFantas\u00eda Sure\u00f1a\u201d, Erika Montecinos.<\/p>\n<p style=\"text-align: justify;\">El Alcalde de la comuna de Ays\u00e9n, Julio Uribe, puso en valor los recursos que se aprueban al interior del Concejo Municipal y que permiten, en este caso, que j\u00f3venes del territorio representen a nuestra regi\u00f3n en una competencia a nivel nacional. \u201cComo Municipio, a trav\u00e9s de las subvenciones que se han aprobado por nuestro cuerpo colegiado, una de ellas era este aporte para el viaje a este lugar de Chile, que para nosotros es muy caro viajar, la zona del cobre, creo que uno de los lugares m\u00e1s transitados y eso hace que los precios de los pasajes sean muy altos. Por lo tanto, si no ten\u00edan el apoyo del Municipio, era muy dif\u00edcil que pudieran viajar\u201d.<\/p>\n<p style=\"text-align: justify;\">Nicol\u00e1s Mansilla, tambi\u00e9n quiso agradecer el importante respaldo de la Municipalidad de Ays\u00e9n, afirmando que tienen amplias expectativas de su participaci\u00f3n en Calama, para los cual, est\u00e1n realizando una intensa preparaci\u00f3n. \u201cUn agradecimiento muy grande, ya que, esta es una de las cosas m\u00e1s caras que son los pasajes, debido a que vamos a un campeonato a Calama, que est\u00e1 a mucha distancia de Ays\u00e9n, pero gracias a esto vamos a poder ir a representar a la regi\u00f3n y a la comuna. Estamos ensayando las \u00faltimas semanas que nos quedan, tambi\u00e9n estamos agradecidos de la comunidad que nos aport\u00f3 comprando bingos y rifas\u201d.<\/p>\n<p style=\"text-align: justify;\">Por \u00faltimo, Nicol\u00e1s Mansilla y Martina Nahuelqu\u00edn, reiteraron su agradecimiento a las autoridades comunales que les permitieron obtener la subvenci\u00f3n y a la comunidad que les colabor\u00f3 en cada uno de los beneficios que llevaron a cabo, para estar presentes entre los d\u00edas 23 y 26 de enero pr\u00f3ximos en el Campeonato Nacional J\u00f3venes del Cobre.<\/p>\n<\/div><\/section><\/div><\/p>\n<div  style='height:50px' class='hr hr-invisible   avia-builder-el-6  el_after_av_one_full  el_before_av_social_share '><span class='hr-inner ' ><span class='hr-inner-style'><\/span><\/span><\/div>\n<div  class='av-social-sharing-box  avia-builder-el-7  el_after_av_hr  el_before_av_hr  '><div class='av-share-box'><h5 class='av-share-link-description av-no-toc '>Compartir esta noticia<\/h5><ul class='av-share-box-list noLightbox'><li class='av-share-link av-social-link-facebook' ><a target=\"_blank\" aria-label=\"Compartir en Facebook\" href='https:\/\/www.facebook.com\/sharer.php?u=https:\/\/radiorevelacionfm.cl\/?p=38552&#038;t=Pareja%20de%20Ays%C3%A9n%20participar%C3%A1%20en%20campeonato%20nacional%20de%20cueca%20en%20Calama%20gracias%20a%20subvenci%C3%B3n%20municipal' aria-hidden='false' data-av_icon='\ue8f3' data-av_iconfont='entypo-fontello' title='' data-avia-related-tooltip='Compartir en Facebook' rel=\"noopener\"><span class='avia_hidden_link_text'>Compartir en Facebook<\/span><\/a><\/li><li class='av-share-link av-social-link-twitter' ><a target=\"_blank\" aria-label=\"Compartir en Twitter\" href='https:\/\/twitter.com\/share?text=Pareja%20de%20Ays%C3%A9n%20participar%C3%A1%20en%20campeonato%20nacional%20de%20cueca%20en%20Calama%20gracias%20a%20subvenci%C3%B3n%20municipal&#038;url=https:\/\/radiorevelacionfm.cl\/?p=38552' aria-hidden='false' data-av_icon='\ue8f1' data-av_iconfont='entypo-fontello' title='' data-avia-related-tooltip='Compartir en Twitter' rel=\"noopener\"><span class='avia_hidden_link_text'>Compartir en Twitter<\/span><\/a><\/li><li class='av-share-link av-social-link-whatsapp' ><a target=\"_blank\" aria-label=\"Compartir en Whatsapp\" href='https:\/\/api.whatsapp.com\/send?text=https:\/\/radiorevelacionfm.cl\/?p=38552' aria-hidden='false' data-av_icon='\uf232' data-av_iconfont='entypo-fontello' title='' data-avia-related-tooltip='Compartir en Whatsapp' rel=\"noopener\"><span class='avia_hidden_link_text'>Compartir en Whatsapp<\/span><\/a><\/li><li class='av-share-link av-social-link-linkedin' ><a target=\"_blank\" aria-label=\"Compartir en LinkedIn\" href='https:\/\/linkedin.com\/shareArticle?mini=true&#038;title=Pareja%20de%20Ays%C3%A9n%20participar%C3%A1%20en%20campeonato%20nacional%20de%20cueca%20en%20Calama%20gracias%20a%20subvenci%C3%B3n%20municipal&#038;url=https:\/\/radiorevelacionfm.cl\/?p=38552' aria-hidden='false' data-av_icon='\ue8fc' data-av_iconfont='entypo-fontello' title='' data-avia-related-tooltip='Compartir en LinkedIn' rel=\"noopener\"><span class='avia_hidden_link_text'>Compartir en LinkedIn<\/span><\/a><\/li><li class='av-share-link av-social-link-mail' ><a  aria-label=\"Compartir por correo\" href='mailto:?subject=Pareja%20de%20Ays%C3%A9n%20participar%C3%A1%20en%20campeonato%20nacional%20de%20cueca%20en%20Calama%20gracias%20a%20subvenci%C3%B3n%20municipal&#038;body=https:\/\/radiorevelacionfm.cl\/?p=38552' aria-hidden='false' data-av_icon='\ue805' data-av_iconfont='entypo-fontello' title='' data-avia-related-tooltip='Compartir por correo'><span class='avia_hidden_link_text'>Compartir por correo<\/span><\/a><\/li><\/ul><\/div><\/div>\n<div  style='height:50px' class='hr hr-invisible   avia-builder-el-8  el_after_av_social_share  el_before_av_comments_list '><span class='hr-inner ' ><span class='hr-inner-style'><\/span><\/span><\/div>\n<div  class='av-buildercomment  av-blog-meta-html-info-disabled av-blog-meta-tag-disabled  '><\/div>\n","protected":false},"excerpt":{"rendered":"","protected":false},"author":1,"featured_media":38553,"comment_status":"open","ping_status":"open","sticky":false,"template":"","format":"standard","meta":{"footnotes":""},"categories":[38],"tags":[],"class_list":["post-38552","post","type-post","status-publish","format-standard","has-post-thumbnail","hentry","category-regional"],"jetpack_featured_media_url":"https:\/\/radiorevelacionfm.cl\/wp-content\/uploads\/2024\/01\/SUBVENCION-FANTASIA-SURENA-1-1-1.jpg","_links":{"self":[{"href":"https:\/\/radiorevelacionfm.cl\/index.php?rest_route=\/wp\/v2\/posts\/38552","targetHints":{"allow":["GET"]}}],"collection":[{"href":"https:\/\/radiorevelacionfm.cl\/index.php?rest_route=\/wp\/v2\/posts"}],"about":[{"href":"https:\/\/radiorevelacionfm.cl\/index.php?rest_route=\/wp\/v2\/types\/post"}],"author":[{"embeddable":true,"href":"https:\/\/radiorevelacionfm.cl\/index.php?rest_route=\/wp\/v2\/users\/1"}],"replies":[{"embeddable":true,"href":"https:\/\/radiorevelacionfm.cl\/index.php?rest_route=%2Fwp%2Fv2%2Fcomments&post=38552"}],"version-history":[{"count":3,"href":"https:\/\/radiorevelacionfm.cl\/index.php?rest_route=\/wp\/v2\/posts\/38552\/revisions"}],"predecessor-version":[{"id":38559,"href":"https:\/\/radiorevelacionfm.cl\/index.php?rest_route=\/wp\/v2\/posts\/38552\/revisions\/38559"}],"wp:featuredmedia":[{"embeddable":true,"href":"https:\/\/radiorevelacionfm.cl\/index.php?rest_route=\/wp\/v2\/media\/38553"}],"wp:attachment":[{"href":"https:\/\/radiorevelacionfm.cl\/index.php?rest_route=%2Fwp%2Fv2%2Fmedia&parent=38552"}],"wp:term":[{"taxonomy":"category","embeddable":true,"href":"https:\/\/radiorevelacionfm.cl\/index.php?rest_route=%2Fwp%2Fv2%2Fcategories&post=38552"},{"taxonomy":"post_tag","embeddable":true,"href":"https:\/\/radiorevelacionfm.cl\/index.php?rest_route=%2Fwp%2Fv2%2Ftags&post=38552"}],"curies":[{"name":"wp","href":"https:\/\/api.w.org\/{rel}","templated":true}]}}