{"id":38550,"date":"2024-01-03T18:17:00","date_gmt":"2024-01-03T21:17:00","guid":{"rendered":"https:\/\/radiorevelacionfm.cl\/?p=38550"},"modified":"2024-01-03T18:17:00","modified_gmt":"2024-01-03T21:17:00","slug":"investigan-incidente-que-termino-con-un-joven-herido-a-bala-en-coyhaique","status":"publish","type":"post","link":"https:\/\/radiorevelacionfm.cl\/?p=38550","title":{"rendered":"Investigan incidente que termin\u00f3 con un joven herido a bala en Coyhaique"},"content":{"rendered":"<div class=\"flex_column av_one_full  flex_column_div av-zero-column-padding first  avia-builder-el-0  el_before_av_one_full  avia-builder-el-first  \" style='border-radius:0px; '><div  class='avia-image-container  av-styling-    avia-builder-el-1  avia-builder-el-no-sibling  avia-align-center '  itemprop=\"image\" itemscope=\"itemscope\" itemtype=\"https:\/\/schema.org\/ImageObject\"  ><div class='avia-image-container-inner'><div class='avia-image-overlay-wrap'><img decoding=\"async\" class='wp-image-19537 avia-img-lazy-loading-not-19537 avia_image' src=\"https:\/\/radiorevelacionfm.cl\/wp-content\/uploads\/2022\/07\/PDI-no-pasar-1-1.jpg\" alt='' title='PDI-no pasar (1) (1)' height=\"600\" width=\"961\"  itemprop=\"thumbnailUrl\" srcset=\"https:\/\/radiorevelacionfm.cl\/wp-content\/uploads\/2022\/07\/PDI-no-pasar-1-1.jpg 961w, https:\/\/radiorevelacionfm.cl\/wp-content\/uploads\/2022\/07\/PDI-no-pasar-1-1-300x187.jpg 300w, https:\/\/radiorevelacionfm.cl\/wp-content\/uploads\/2022\/07\/PDI-no-pasar-1-1-768x480.jpg 768w, https:\/\/radiorevelacionfm.cl\/wp-content\/uploads\/2022\/07\/PDI-no-pasar-1-1-705x440.jpg 705w, https:\/\/radiorevelacionfm.cl\/wp-content\/uploads\/2022\/07\/PDI-no-pasar-1-1-600x375.jpg 600w\" sizes=\"(max-width: 961px) 100vw, 961px\" \/><\/div><\/div><\/div><\/div><div class=\"flex_column av_one_full  flex_column_div av-zero-column-padding first  avia-builder-el-2  el_after_av_one_full  el_before_av_one_full  column-top-margin\" style='border-radius:0px; '><section class=\"av_textblock_section \"  itemscope=\"itemscope\" itemtype=\"https:\/\/schema.org\/BlogPosting\" itemprop=\"blogPost\" ><div class='avia_textblock  '   itemprop=\"text\" ><p style=\"text-align: center;\"><strong><span style=\"font-size: 18pt;\">Investigan incidente que termin\u00f3 con un joven herido a bala en Coyhaique<\/span><\/strong><\/p>\n<div id=\"gtx-trans\" style=\"position: absolute; left: -50px; top: 4.31534px;\">\n<div class=\"gtx-trans-icon\"><\/div>\n<\/div>\n<\/div><\/section><\/div><div class=\"flex_column av_one_full  flex_column_div av-zero-column-padding first  avia-builder-el-4  el_after_av_one_full  el_before_av_hr  column-top-margin\" style='border-radius:0px; '><section class=\"av_textblock_section \"  itemscope=\"itemscope\" itemtype=\"https:\/\/schema.org\/BlogPosting\" itemprop=\"blogPost\" ><div class='avia_textblock  '   itemprop=\"text\" ><p style=\"font-weight: 400; text-align: justify;\">La Fiscal\u00eda Local de Coyhaique dirige una investigaci\u00f3n para aclarar las causas y circunstancias de un hecho ocurrido al interior de una vivienda del sector alto de la ciudad, donde un adolescente result\u00f3 herido a bala en su cabeza.<\/p>\n<p style=\"font-weight: 400; text-align: justify;\">Seg\u00fan se inform\u00f3 al fiscal (s) de turno, Mat\u00edas Manzano, \u201cdurante la madrugada en un domicilio de calle Los Cipreses, se encontraban tres personas j\u00f3venes compartiendo y en un determinado momento llega un cuarto sujeto con un arma de fuego, quien ser\u00eda conocido de estos mismos j\u00f3venes\u201d.<\/p>\n<p style=\"font-weight: 400; text-align: justify;\">En ese contexto, a\u00f1adi\u00f3 Mat\u00edas Manzano, \u201cse produce un disparo hacia uno de los j\u00f3venes quien resulta con esta herida de bala en la cabeza. Posteriormente, es trasladado hasta el Hospital de Coyhaique para su intervenci\u00f3n, manteniendo actualmente un estado de salud cr\u00edtico, reservado\u201d.<\/p>\n<p style=\"font-weight: 400; text-align: justify;\">Sobre el imputado, actualmente existe una orden de detenci\u00f3n en su contra, la cual fue solicitada por el Ministerio P\u00fablico al Juzgado de Garant\u00eda. Las diligencias para dar con el paradero del imputado fueron solicitadas por la Fiscal\u00eda a la Brigada de Homicidios de la PDI, adem\u00e1s del levantamiento de prueba pericial desde el sitio del suceso realizado junto al Laboratorio de Criminal\u00edstica.<\/p>\n<\/div><\/section><\/div><div  style='height:50px' class='hr hr-invisible   avia-builder-el-6  el_after_av_one_full  el_before_av_social_share '><span class='hr-inner ' ><span class='hr-inner-style'><\/span><\/span><\/div><\/p>\n<div  class='av-social-sharing-box  avia-builder-el-7  el_after_av_hr  el_before_av_hr  '><div class='av-share-box'><h5 class='av-share-link-description av-no-toc '>Compartir esta noticia<\/h5><ul class='av-share-box-list noLightbox'><li class='av-share-link av-social-link-facebook' ><a target=\"_blank\" aria-label=\"Compartir en Facebook\" href='https:\/\/www.facebook.com\/sharer.php?u=https:\/\/radiorevelacionfm.cl\/?p=38550&#038;t=Investigan%20incidente%20que%20termin%C3%B3%20con%20un%20joven%20herido%20a%20bala%20en%20Coyhaique' aria-hidden='false' data-av_icon='\ue8f3' data-av_iconfont='entypo-fontello' title='' data-avia-related-tooltip='Compartir en Facebook' rel=\"noopener\"><span class='avia_hidden_link_text'>Compartir en Facebook<\/span><\/a><\/li><li class='av-share-link av-social-link-twitter' ><a target=\"_blank\" aria-label=\"Compartir en Twitter\" href='https:\/\/twitter.com\/share?text=Investigan%20incidente%20que%20termin%C3%B3%20con%20un%20joven%20herido%20a%20bala%20en%20Coyhaique&#038;url=https:\/\/radiorevelacionfm.cl\/?p=38550' aria-hidden='false' data-av_icon='\ue8f1' data-av_iconfont='entypo-fontello' title='' data-avia-related-tooltip='Compartir en Twitter' rel=\"noopener\"><span class='avia_hidden_link_text'>Compartir en Twitter<\/span><\/a><\/li><li class='av-share-link av-social-link-whatsapp' ><a target=\"_blank\" aria-label=\"Compartir en Whatsapp\" href='https:\/\/api.whatsapp.com\/send?text=https:\/\/radiorevelacionfm.cl\/?p=38550' aria-hidden='false' data-av_icon='\uf232' data-av_iconfont='entypo-fontello' title='' data-avia-related-tooltip='Compartir en Whatsapp' rel=\"noopener\"><span class='avia_hidden_link_text'>Compartir en Whatsapp<\/span><\/a><\/li><li class='av-share-link av-social-link-linkedin' ><a target=\"_blank\" aria-label=\"Compartir en LinkedIn\" href='https:\/\/linkedin.com\/shareArticle?mini=true&#038;title=Investigan%20incidente%20que%20termin%C3%B3%20con%20un%20joven%20herido%20a%20bala%20en%20Coyhaique&#038;url=https:\/\/radiorevelacionfm.cl\/?p=38550' aria-hidden='false' data-av_icon='\ue8fc' data-av_iconfont='entypo-fontello' title='' data-avia-related-tooltip='Compartir en LinkedIn' rel=\"noopener\"><span class='avia_hidden_link_text'>Compartir en LinkedIn<\/span><\/a><\/li><li class='av-share-link av-social-link-mail' ><a  aria-label=\"Compartir por correo\" href='mailto:?subject=Investigan%20incidente%20que%20termin%C3%B3%20con%20un%20joven%20herido%20a%20bala%20en%20Coyhaique&#038;body=https:\/\/radiorevelacionfm.cl\/?p=38550' aria-hidden='false' data-av_icon='\ue805' data-av_iconfont='entypo-fontello' title='' data-avia-related-tooltip='Compartir por correo'><span class='avia_hidden_link_text'>Compartir por correo<\/span><\/a><\/li><\/ul><\/div><\/div>\n<div  style='height:50px' class='hr hr-invisible   avia-builder-el-8  el_after_av_social_share  el_before_av_comments_list '><span class='hr-inner ' ><span class='hr-inner-style'><\/span><\/span><\/div>\n<div  class='av-buildercomment  av-blog-meta-html-info-disabled av-blog-meta-tag-disabled  '><\/div>\n","protected":false},"excerpt":{"rendered":"","protected":false},"author":1,"featured_media":19537,"comment_status":"open","ping_status":"open","sticky":false,"template":"","format":"standard","meta":{"footnotes":""},"categories":[55,36],"tags":[],"class_list":["post-38550","post","type-post","status-publish","format-standard","has-post-thumbnail","hentry","category-justicia","category-policial"],"jetpack_featured_media_url":"https:\/\/radiorevelacionfm.cl\/wp-content\/uploads\/2022\/07\/PDI-no-pasar-1-1.jpg","_links":{"self":[{"href":"https:\/\/radiorevelacionfm.cl\/index.php?rest_route=\/wp\/v2\/posts\/38550","targetHints":{"allow":["GET"]}}],"collection":[{"href":"https:\/\/radiorevelacionfm.cl\/index.php?rest_route=\/wp\/v2\/posts"}],"about":[{"href":"https:\/\/radiorevelacionfm.cl\/index.php?rest_route=\/wp\/v2\/types\/post"}],"author":[{"embeddable":true,"href":"https:\/\/radiorevelacionfm.cl\/index.php?rest_route=\/wp\/v2\/users\/1"}],"replies":[{"embeddable":true,"href":"https:\/\/radiorevelacionfm.cl\/index.php?rest_route=%2Fwp%2Fv2%2Fcomments&post=38550"}],"version-history":[{"count":1,"href":"https:\/\/radiorevelacionfm.cl\/index.php?rest_route=\/wp\/v2\/posts\/38550\/revisions"}],"predecessor-version":[{"id":38551,"href":"https:\/\/radiorevelacionfm.cl\/index.php?rest_route=\/wp\/v2\/posts\/38550\/revisions\/38551"}],"wp:featuredmedia":[{"embeddable":true,"href":"https:\/\/radiorevelacionfm.cl\/index.php?rest_route=\/wp\/v2\/media\/19537"}],"wp:attachment":[{"href":"https:\/\/radiorevelacionfm.cl\/index.php?rest_route=%2Fwp%2Fv2%2Fmedia&parent=38550"}],"wp:term":[{"taxonomy":"category","embeddable":true,"href":"https:\/\/radiorevelacionfm.cl\/index.php?rest_route=%2Fwp%2Fv2%2Fcategories&post=38550"},{"taxonomy":"post_tag","embeddable":true,"href":"https:\/\/radiorevelacionfm.cl\/index.php?rest_route=%2Fwp%2Fv2%2Ftags&post=38550"}],"curies":[{"name":"wp","href":"https:\/\/api.w.org\/{rel}","templated":true}]}}