{"id":38547,"date":"2024-01-03T18:03:54","date_gmt":"2024-01-03T21:03:54","guid":{"rendered":"https:\/\/radiorevelacionfm.cl\/?p=38547"},"modified":"2024-01-03T18:03:54","modified_gmt":"2024-01-03T21:03:54","slug":"familia-tuvo-providencial-salvada-tras-caer-40-metros-hasta-las-aguas-del-rio-en-ruta-raul-marin-balmaceda-la-junta","status":"publish","type":"post","link":"https:\/\/radiorevelacionfm.cl\/?p=38547","title":{"rendered":"Familia tuvo providencial salvada tras caer 40 metros hasta las aguas del r\u00edo en ruta Ra\u00fal Mar\u00edn Balmaceda-La Junta"},"content":{"rendered":"<div class=\"flex_column av_one_full  flex_column_div av-zero-column-padding first  avia-builder-el-0  el_before_av_one_full  avia-builder-el-first  \" style='border-radius:0px; '><div  class='avia-image-container  av-styling-    avia-builder-el-1  avia-builder-el-no-sibling  avia-align-center '  itemprop=\"image\" itemscope=\"itemscope\" itemtype=\"https:\/\/schema.org\/ImageObject\"  ><div class='avia-image-container-inner'><div class='avia-image-overlay-wrap'><img decoding=\"async\" class='wp-image-38548 avia-img-lazy-loading-not-38548 avia_image' src=\"https:\/\/radiorevelacionfm.cl\/wp-content\/uploads\/2024\/01\/accidente-la-junta-enero2-1_optimized-1.jpg\" alt='' title='accidente-la-junta-enero2-(1)_optimized (1)' height=\"600\" width=\"830\"  itemprop=\"thumbnailUrl\" srcset=\"https:\/\/radiorevelacionfm.cl\/wp-content\/uploads\/2024\/01\/accidente-la-junta-enero2-1_optimized-1.jpg 830w, https:\/\/radiorevelacionfm.cl\/wp-content\/uploads\/2024\/01\/accidente-la-junta-enero2-1_optimized-1-300x217.jpg 300w, https:\/\/radiorevelacionfm.cl\/wp-content\/uploads\/2024\/01\/accidente-la-junta-enero2-1_optimized-1-768x555.jpg 768w, https:\/\/radiorevelacionfm.cl\/wp-content\/uploads\/2024\/01\/accidente-la-junta-enero2-1_optimized-1-705x510.jpg 705w, https:\/\/radiorevelacionfm.cl\/wp-content\/uploads\/2024\/01\/accidente-la-junta-enero2-1_optimized-1-450x325.jpg 450w, https:\/\/radiorevelacionfm.cl\/wp-content\/uploads\/2024\/01\/accidente-la-junta-enero2-1_optimized-1-600x434.jpg 600w\" sizes=\"(max-width: 830px) 100vw, 830px\" \/><\/div><\/div><\/div><\/div><div class=\"flex_column av_one_full  flex_column_div av-zero-column-padding first  avia-builder-el-2  el_after_av_one_full  el_before_av_one_full  column-top-margin\" style='border-radius:0px; '><section class=\"av_textblock_section \"  itemscope=\"itemscope\" itemtype=\"https:\/\/schema.org\/BlogPosting\" itemprop=\"blogPost\" ><div class='avia_textblock  '   itemprop=\"text\" ><p style=\"text-align: center;\"><strong><span style=\"font-size: 18pt;\">Familia tuvo providencial salvada tras caer 40 metros hasta las aguas del r\u00edo en ruta Ra\u00fal Mar\u00edn Balmaceda-La Junta<\/span><\/strong><\/p>\n<div id=\"gtx-trans\" style=\"position: absolute; left: -50px; top: 4.31534px;\">\n<div class=\"gtx-trans-icon\"><\/div>\n<\/div>\n<\/div><\/section><\/div><div class=\"flex_column av_one_full  flex_column_div av-zero-column-padding first  avia-builder-el-4  el_after_av_one_full  el_before_av_hr  column-top-margin\" style='border-radius:0px; '><section class=\"av_textblock_section \"  itemscope=\"itemscope\" itemtype=\"https:\/\/schema.org\/BlogPosting\" itemprop=\"blogPost\" ><div class='avia_textblock  '   itemprop=\"text\" ><div class=\"xdj266r x11i5rnm xat24cr x1mh8g0r x1vvkbs x126k92a\"><\/div>\n<div class=\"x11i5rnm xat24cr x1mh8g0r x1vvkbs xtlvy1s x126k92a\">\n<div dir=\"auto\">\n<p style=\"text-align: justify;\">En horas de la tarde de este 01 de enero de 2024 se vivi\u00f3 una emergencia en la Ruta X-12 que une la localidad de Ra\u00fal Mar\u00edn Balmaceda con La Junta.<\/p>\n<p style=\"text-align: justify;\">Cerca de las 17:00 horas Unidades de Emergencia debieron concurrir hasta el sector R\u00edo Dinamarca para rescatar a una familia tras sufrir el volcamiento del veh\u00edculo (camioneta) en el que se desplazaban, y precipitarse 40 mts en ca\u00edda a las aguas del r\u00edo, a unos 24 km de La Junta, a la altura del puente San Nicol\u00e1s.<\/p>\n<p style=\"text-align: justify;\">Hasta donde lleg\u00f3 Ambulancia, Bomberos y Carabineros para prestar los primeros auxilios a las personas accidentadas.<\/p>\n<p style=\"text-align: justify;\">Seg\u00fan consigna Radio Serran\u00eda de La Junta, el Suboficial Patricio Moraga y Sgto. 2do. Juan Gallardo de dotaci\u00f3n Tenencia La Junta, el Tens del Cesfam Sebasti\u00e1n Gallardo, conductor\u00a0 de Ambulancia (Samu) Miguel Soto y el Bombero Rudy Ruiz de la 2da. Compa\u00f1\u00eda de Bomberos al llegar al lugar se encontraron con un desolador panorama ya que seg\u00fan relato de uno de los afectados (mujer) al fondo del precipicio a unos 40 metros aproximadamente hab\u00eda dejado a su marido y sus dos hijos menores de edad (10 y 06 a\u00f1os).<\/p>\n<p style=\"text-align: justify;\">LOS HECHOS<\/p>\n<p style=\"text-align: justify;\">Momentos en los que un hombre conduc\u00eda su veh\u00edculo de oeste a este por la se\u00f1alada ruta y al presentar problemas mec\u00e1nicos el veh\u00edculo en el que viajaban, \u00e9ste perdi\u00f3 el control del m\u00f3vil en una de las pronunciadas curvas precipit\u00e1ndose a m\u00e1s de 40 metros para caer a las fr\u00edas aguas del R\u00edo Dinamarca, desde donde por sus medios su c\u00f3nyuge y madre de dos hijos decide subir por la frondosa estepa, sujet\u00e1ndose s\u00f3lo de la vegetaci\u00f3n por una casi vertical pared con la finalidad de pedir auxilio, encontr\u00e1ndose al instante con otros veh\u00edculos que precisamente momentos antes le hab\u00edan estado acompa\u00f1ado en un paseo de fin de a\u00f1o en Puerto Ra\u00fal Mar\u00edn Balmaceda.<\/p>\n<p style=\"text-align: justify;\">Finalmente y gracias a la r\u00e1pida respuesta de los Organismos de Emergencia y a la decidida acci\u00f3n de la madre y esposa quien escal\u00f3 la rigurosa geograf\u00eda del lugar los participantes del se\u00f1alado accidente resultaron con lesiones menores, quienes en primera instancia fueron trasladados al Cesfam de la localidad y finalmente hasta la Capital Regional donde fueron dados de alta y recuper\u00e1ndose de la traum\u00e1tica experiencia.<\/p>\n<p style=\"text-align: justify;\">TENS SEBASTIAN GALLARDO DEL CESFAM LA JUNTA, RELATA&#8230;<\/p>\n<p style=\"text-align: justify;\">Cuando llegamos al lugar y conforme relato de una de las participantes del accidente, quien previamente llega por sus propios medios al Cesfam nos encontramos que el accidente se hab\u00eda producido en un lugar de muy dif\u00edcil acceso, en donde hab\u00eda que actuar r\u00e1pidamente ya que al fondo del lugar hab\u00edan 3 personas que necesitaban ser rescatadas, por lo que logramos posicionar una cuerda por la que comenc\u00e9 a descender llegando hasta donde se encontraba una persona adulta masculina, con dos menores de edad a los que manten\u00eda abrazados junto a su pecho, realizando una evaluaci\u00f3n r\u00e1pida en el sitio me percato que las personas ya presentaban signos CIAN\u00d3TICOS (hipotermia), por lo prolongado del tiempo de espera e inmovilidad procediendo al rescate primero de un menor var\u00f3n de 10 a\u00f1os, luego la ni\u00f1a de 06 a\u00f1os y finalmente al padre de los menores de estos con el que utilizamos una tabla inmovilizadora. Dable es indicar que este trabajo lo realizamos junto al conductor de la Ambulancia Miguel Soto, Carabineros de La Junta y el Bombero Rudy Ruiz, quien fue el aporte principal en las maniobras de rescate ante la escarpada geograf\u00eda del lugar. Doy gracias a Dios por darnos la posibilidad de rescatar en buenas condiciones a estas personas, y tambi\u00e9n con la satisfacci\u00f3n de cumplir una buena labor, finaliz\u00f3.<\/p>\n<p style=\"text-align: justify;\">\n<\/div>\n<\/div>\n<\/div><\/section><\/div><div  style='height:50px' class='hr hr-invisible   avia-builder-el-6  el_after_av_one_full  el_before_av_social_share '><span class='hr-inner ' ><span class='hr-inner-style'><\/span><\/span><\/div><\/p>\n<div  class='av-social-sharing-box  avia-builder-el-7  el_after_av_hr  el_before_av_hr  '><div class='av-share-box'><h5 class='av-share-link-description av-no-toc '>Compartir esta noticia<\/h5><ul class='av-share-box-list noLightbox'><li class='av-share-link av-social-link-facebook' ><a target=\"_blank\" aria-label=\"Compartir en Facebook\" href='https:\/\/www.facebook.com\/sharer.php?u=https:\/\/radiorevelacionfm.cl\/?p=38547&#038;t=Familia%20tuvo%20providencial%20salvada%20tras%20caer%2040%20metros%20hasta%20las%20aguas%20del%20r%C3%ADo%20en%20ruta%20Ra%C3%BAl%20Mar%C3%ADn%20Balmaceda-La%20Junta' aria-hidden='false' data-av_icon='\ue8f3' data-av_iconfont='entypo-fontello' title='' data-avia-related-tooltip='Compartir en Facebook' rel=\"noopener\"><span class='avia_hidden_link_text'>Compartir en Facebook<\/span><\/a><\/li><li class='av-share-link av-social-link-twitter' ><a target=\"_blank\" aria-label=\"Compartir en Twitter\" href='https:\/\/twitter.com\/share?text=Familia%20tuvo%20providencial%20salvada%20tras%20caer%2040%20metros%20hasta%20las%20aguas%20del%20r%C3%ADo%20en%20ruta%20Ra%C3%BAl%20Mar%C3%ADn%20Balmaceda-La%20Junta&#038;url=https:\/\/radiorevelacionfm.cl\/?p=38547' aria-hidden='false' data-av_icon='\ue8f1' data-av_iconfont='entypo-fontello' title='' data-avia-related-tooltip='Compartir en Twitter' rel=\"noopener\"><span class='avia_hidden_link_text'>Compartir en Twitter<\/span><\/a><\/li><li class='av-share-link av-social-link-whatsapp' ><a target=\"_blank\" aria-label=\"Compartir en Whatsapp\" href='https:\/\/api.whatsapp.com\/send?text=https:\/\/radiorevelacionfm.cl\/?p=38547' aria-hidden='false' data-av_icon='\uf232' data-av_iconfont='entypo-fontello' title='' data-avia-related-tooltip='Compartir en Whatsapp' rel=\"noopener\"><span class='avia_hidden_link_text'>Compartir en Whatsapp<\/span><\/a><\/li><li class='av-share-link av-social-link-linkedin' ><a target=\"_blank\" aria-label=\"Compartir en LinkedIn\" href='https:\/\/linkedin.com\/shareArticle?mini=true&#038;title=Familia%20tuvo%20providencial%20salvada%20tras%20caer%2040%20metros%20hasta%20las%20aguas%20del%20r%C3%ADo%20en%20ruta%20Ra%C3%BAl%20Mar%C3%ADn%20Balmaceda-La%20Junta&#038;url=https:\/\/radiorevelacionfm.cl\/?p=38547' aria-hidden='false' data-av_icon='\ue8fc' data-av_iconfont='entypo-fontello' title='' data-avia-related-tooltip='Compartir en LinkedIn' rel=\"noopener\"><span class='avia_hidden_link_text'>Compartir en LinkedIn<\/span><\/a><\/li><li class='av-share-link av-social-link-mail' ><a  aria-label=\"Compartir por correo\" href='mailto:?subject=Familia%20tuvo%20providencial%20salvada%20tras%20caer%2040%20metros%20hasta%20las%20aguas%20del%20r%C3%ADo%20en%20ruta%20Ra%C3%BAl%20Mar%C3%ADn%20Balmaceda-La%20Junta&#038;body=https:\/\/radiorevelacionfm.cl\/?p=38547' aria-hidden='false' data-av_icon='\ue805' data-av_iconfont='entypo-fontello' title='' data-avia-related-tooltip='Compartir por correo'><span class='avia_hidden_link_text'>Compartir por correo<\/span><\/a><\/li><\/ul><\/div><\/div>\n<div  style='height:50px' class='hr hr-invisible   avia-builder-el-8  el_after_av_social_share  el_before_av_comments_list '><span class='hr-inner ' ><span class='hr-inner-style'><\/span><\/span><\/div>\n<div  class='av-buildercomment  av-blog-meta-html-info-disabled av-blog-meta-tag-disabled  '><\/div>\n","protected":false},"excerpt":{"rendered":"","protected":false},"author":1,"featured_media":38548,"comment_status":"open","ping_status":"open","sticky":false,"template":"","format":"standard","meta":{"footnotes":""},"categories":[38],"tags":[],"class_list":["post-38547","post","type-post","status-publish","format-standard","has-post-thumbnail","hentry","category-regional"],"jetpack_featured_media_url":"https:\/\/radiorevelacionfm.cl\/wp-content\/uploads\/2024\/01\/accidente-la-junta-enero2-1_optimized-1.jpg","_links":{"self":[{"href":"https:\/\/radiorevelacionfm.cl\/index.php?rest_route=\/wp\/v2\/posts\/38547","targetHints":{"allow":["GET"]}}],"collection":[{"href":"https:\/\/radiorevelacionfm.cl\/index.php?rest_route=\/wp\/v2\/posts"}],"about":[{"href":"https:\/\/radiorevelacionfm.cl\/index.php?rest_route=\/wp\/v2\/types\/post"}],"author":[{"embeddable":true,"href":"https:\/\/radiorevelacionfm.cl\/index.php?rest_route=\/wp\/v2\/users\/1"}],"replies":[{"embeddable":true,"href":"https:\/\/radiorevelacionfm.cl\/index.php?rest_route=%2Fwp%2Fv2%2Fcomments&post=38547"}],"version-history":[{"count":1,"href":"https:\/\/radiorevelacionfm.cl\/index.php?rest_route=\/wp\/v2\/posts\/38547\/revisions"}],"predecessor-version":[{"id":38549,"href":"https:\/\/radiorevelacionfm.cl\/index.php?rest_route=\/wp\/v2\/posts\/38547\/revisions\/38549"}],"wp:featuredmedia":[{"embeddable":true,"href":"https:\/\/radiorevelacionfm.cl\/index.php?rest_route=\/wp\/v2\/media\/38548"}],"wp:attachment":[{"href":"https:\/\/radiorevelacionfm.cl\/index.php?rest_route=%2Fwp%2Fv2%2Fmedia&parent=38547"}],"wp:term":[{"taxonomy":"category","embeddable":true,"href":"https:\/\/radiorevelacionfm.cl\/index.php?rest_route=%2Fwp%2Fv2%2Fcategories&post=38547"},{"taxonomy":"post_tag","embeddable":true,"href":"https:\/\/radiorevelacionfm.cl\/index.php?rest_route=%2Fwp%2Fv2%2Ftags&post=38547"}],"curies":[{"name":"wp","href":"https:\/\/api.w.org\/{rel}","templated":true}]}}