{"id":38544,"date":"2024-01-04T11:16:03","date_gmt":"2024-01-04T14:16:03","guid":{"rendered":"https:\/\/radiorevelacionfm.cl\/?p=38544"},"modified":"2024-01-04T11:16:03","modified_gmt":"2024-01-04T14:16:03","slug":"gobierno-destaca-efectiva-labor-preventiva-e-investigativa-y-recursos-para-la-seguridad-publica-regional","status":"publish","type":"post","link":"https:\/\/radiorevelacionfm.cl\/?p=38544","title":{"rendered":"Gobierno destaca efectiva labor preventiva e investigativa y recursos para la seguridad p\u00fablica regional"},"content":{"rendered":"<div class=\"flex_column av_one_full  flex_column_div av-zero-column-padding first  avia-builder-el-0  el_before_av_one_full  avia-builder-el-first  \" style='border-radius:0px; '><div  class='avia-image-container  av-styling-    avia-builder-el-1  avia-builder-el-no-sibling  avia-align-center '  itemprop=\"image\" itemscope=\"itemscope\" itemtype=\"https:\/\/schema.org\/ImageObject\"  ><div class='avia-image-container-inner'><div class='avia-image-overlay-wrap'><img decoding=\"async\" class='wp-image-38545 avia-img-lazy-loading-not-38545 avia_image' src=\"https:\/\/radiorevelacionfm.cl\/wp-content\/uploads\/2024\/01\/img_8760-1_optimized.jpg\" alt='' title='img_8760-(1)_optimized' height=\"600\" width=\"927\"  itemprop=\"thumbnailUrl\" srcset=\"https:\/\/radiorevelacionfm.cl\/wp-content\/uploads\/2024\/01\/img_8760-1_optimized.jpg 927w, https:\/\/radiorevelacionfm.cl\/wp-content\/uploads\/2024\/01\/img_8760-1_optimized-300x194.jpg 300w, https:\/\/radiorevelacionfm.cl\/wp-content\/uploads\/2024\/01\/img_8760-1_optimized-768x497.jpg 768w, https:\/\/radiorevelacionfm.cl\/wp-content\/uploads\/2024\/01\/img_8760-1_optimized-705x456.jpg 705w, https:\/\/radiorevelacionfm.cl\/wp-content\/uploads\/2024\/01\/img_8760-1_optimized-450x291.jpg 450w, https:\/\/radiorevelacionfm.cl\/wp-content\/uploads\/2024\/01\/img_8760-1_optimized-600x388.jpg 600w\" sizes=\"(max-width: 927px) 100vw, 927px\" \/><\/div><\/div><\/div><\/div><div class=\"flex_column av_one_full  flex_column_div av-zero-column-padding first  avia-builder-el-2  el_after_av_one_full  el_before_av_one_full  column-top-margin\" style='border-radius:0px; '><section class=\"av_textblock_section \"  itemscope=\"itemscope\" itemtype=\"https:\/\/schema.org\/BlogPosting\" itemprop=\"blogPost\" ><div class='avia_textblock  '   itemprop=\"text\" ><p style=\"font-weight: 400; text-align: center;\"><span style=\"font-size: 18pt;\"><strong>Gobierno destaca efectiva labor preventiva e investigativa <\/strong><strong>y recursos para la seguridad p\u00fablica regional<\/strong><\/span><\/p>\n<div id=\"gtx-trans\" style=\"position: absolute; left: -50px; top: 4.31534px;\">\n<div class=\"gtx-trans-icon\"><\/div>\n<\/div>\n<\/div><\/section><\/div><div class=\"flex_column av_one_full  flex_column_div av-zero-column-padding first  avia-builder-el-4  el_after_av_one_full  el_before_av_hr  column-top-margin\" style='border-radius:0px; '><section class=\"av_textblock_section \"  itemscope=\"itemscope\" itemtype=\"https:\/\/schema.org\/BlogPosting\" itemprop=\"blogPost\" ><div class='avia_textblock  '   itemprop=\"text\" ><p style=\"font-weight: 400; text-align: justify;\">La labor preventiva e investigativa efectiva y la asignaci\u00f3n de recursos concretos para ello, destacaron las autoridades de gobierno junto a las instituciones de orden y seguridad, como parte de los \u00e9nfasis de la seguridad p\u00fablica durante el per\u00edodo 2023-2024 en la Regi\u00f3n de Ays\u00e9n.<\/p>\n<p style=\"font-weight: 400; text-align: justify;\">El balance fue abordado tras el Comit\u00e9 Policial de los mi\u00e9rcoles que encabeza el Delegado Presidencial Regional, Rodrigo Araya, con participaci\u00f3n de la coordinadora de Seguridad P\u00fablica, Camila Covarrubias; el jefe de XI Zona de Carabineros, general Patricio Santos Poblete y Prefecta Carolina Namor Esbry, jefa de la Regi\u00f3n Policial de Ays\u00e9n de la PDI.<\/p>\n<p style=\"font-weight: 400; text-align: justify;\">\u201cTodos los recursos y las estrategias que ha dise\u00f1ado Carabineros, la Polic\u00eda de Investigaciones y el Ministerio P\u00fablico en \u00e1mbitos de investigaci\u00f3n, est\u00e1 dando resultados. La capacidad para detener a las personas, investigar y encontrar culpables en los delitos de mayor connotaci\u00f3n p\u00fablica, tambi\u00e9n es una caracter\u00edstica destacable de nuestra regi\u00f3n. Con respecto al n\u00famero Denuncia Seguro, de los 58 llamados que se hicieron al *4242, 56 \u00a0se transformaron en denuncias concretas\u201d, destac\u00f3 Rodrigo Araya.<\/p>\n<p style=\"font-weight: 400; text-align: justify;\">Camila Covarrubias agreg\u00f3 que las subsecretar\u00edas de Prevenci\u00f3n del Delito y de Desarrollo Regional y Administrativo han invertido m\u00e1s de mil cien millones de pesos en veh\u00edculos, recuperaci\u00f3n de espacios p\u00fablicos y sistemas de vigilancia, entre otros.<\/p>\n<p style=\"font-weight: 400; text-align: justify;\">\u201cEn la regi\u00f3n, el a\u00f1o 2024 las diez comunas de la regi\u00f3n van a recibir financiamiento para trabajar en prevenci\u00f3n del delito, disminuir las violencias y mejorar la percepci\u00f3n de seguridad en las personas, a trav\u00e9s de una focalizaci\u00f3n en factores situacionales como sistemas de televigilancia, luminarias o proyectos sociales. Esto tambi\u00e9n va aparejado con el M\u00ednimo Com\u00fan Preventivo que impulsa el Gobierno, con financiamiento para veh\u00edculos de patrullaje preventivo, donde siete de las diez comunas de la regi\u00f3n est\u00e1n recibiendo veh\u00edculos y avanzar\u00e1n en convenios con el OS14 de Carabineros para colaboraci\u00f3n con las municipalidades\u201d, destac\u00f3.<\/p>\n<p style=\"font-weight: 400; text-align: justify;\"><strong>Las principales cifras en prevenci\u00f3n e investigaci\u00f3n<\/strong><\/p>\n<p style=\"font-weight: 400; text-align: justify;\">El General Patricio Santos detall\u00f3 que Ays\u00e9n fue la\u00a0 segunda regi\u00f3n con la m\u00e1s alta eficiencia en la detenci\u00f3n a nivel nacional con un 26,9%. A\u00f1adi\u00f3 que al cierre del a\u00f1o 2023, Carabineros registra 8 fallecidos en accidentes de tr\u00e1nsito, cinco casos menos respecto del a\u00f1o anterior. Asimismo se registraron cerca de 261 accidentes de tr\u00e1nsito con resultado de lesiones. La siniestralidad vial disminuy\u00f3 un 46% respecto al a\u00f1o 2022, mientras que las muertes bajo estas circunstancias lo hicieron en un 38,5%.<\/p>\n<p style=\"font-weight: 400; text-align: justify;\">Durante el fin de semana largo de a\u00f1o nuevo se registraron 20 personas detenidas por diversos delitos, entre estas uno por lanzar fuegos artificiales en Coyhaique, lo cual deriv\u00f3 en una quema de pastizales.<\/p>\n<p style=\"font-weight: 400; text-align: justify;\">En cuanto a recursos detall\u00f3 que \u201ccomo Carabineros estamos felices, porque cerramos el a\u00f1o 2023 con una labor policial complementada con el trabajo de los \u00f3rganos corresponsables, que ha dado buenos resultados. En t\u00e9rminos generales, gracias a las apuestas institucionales y a las coordinaciones desarrolladas, Carabineros pudo recibir 23 veh\u00edculos y durante el primer trimestre de este a\u00f1o 2024 vamos a recibir otros 35 veh\u00edculos\u201d.<\/p>\n<p style=\"font-weight: 400; text-align: justify;\">Por su parte, la prefecta Carolina Namor detall\u00f3 que \u201cel principal delito asociado a las detenciones, es por infracciones a la Ley 20.000, producto de lo cual incautamos aproximadamente 26 kilos de droga y 639 comprimidos de anfetaminas. Es una droga compleja, que afecta a la sociedad, principalmente, \u00e9xtasis\u201d.<\/p>\n<p style=\"font-weight: 400; text-align: justify;\">Acot\u00f3 que \u201ctambi\u00e9n es importante destacar que de las \u00f3rdenes de investigar que hemos recibido, las principales son por violencia intrafamiliar, estafa y abuso sexual, de lo que se desprende que los delitos principales son contra las mujeres. Por ello, institucionalmente, como Estado, como Gobierno, debemos trabajar para disminuir esas cifras de violencia de g\u00e9nero o violencia contra la mujer. Tambi\u00e9n hemos logrado la detenci\u00f3n de 439 personas en la regi\u00f3n\u201d.<\/p>\n<p style=\"font-weight: 400; text-align: justify;\">Las autoridades coincidieron en la importancia de la gesti\u00f3n conjunta para seguir enfrentando delitos, incivilidades y problemas emergentes priorizados en el Plan Regional de Seguridad P\u00fablica, como son la Violencia Intrafamiliar, Infracci\u00f3n a la Ley de Drogas, Infracci\u00f3n a la Ley de Armas, Ebriedad y Consumo de Alcohol en la V\u00eda P\u00fablica y Violencia Escolar.<\/p>\n<\/div><\/section><\/div><div  style='height:50px' class='hr hr-invisible   avia-builder-el-6  el_after_av_one_full  el_before_av_social_share '><span class='hr-inner ' ><span class='hr-inner-style'><\/span><\/span><\/div><\/p>\n<div  class='av-social-sharing-box  avia-builder-el-7  el_after_av_hr  el_before_av_hr  '><div class='av-share-box'><h5 class='av-share-link-description av-no-toc '>Compartir esta noticia<\/h5><ul class='av-share-box-list noLightbox'><li class='av-share-link av-social-link-facebook' ><a target=\"_blank\" aria-label=\"Compartir en Facebook\" href='https:\/\/www.facebook.com\/sharer.php?u=https:\/\/radiorevelacionfm.cl\/?p=38544&#038;t=Gobierno%20destaca%20efectiva%20labor%20preventiva%20e%20investigativa%20y%20recursos%20para%20la%20seguridad%20p%C3%BAblica%20regional' aria-hidden='false' data-av_icon='\ue8f3' data-av_iconfont='entypo-fontello' title='' data-avia-related-tooltip='Compartir en Facebook' rel=\"noopener\"><span class='avia_hidden_link_text'>Compartir en Facebook<\/span><\/a><\/li><li class='av-share-link av-social-link-twitter' ><a target=\"_blank\" aria-label=\"Compartir en Twitter\" href='https:\/\/twitter.com\/share?text=Gobierno%20destaca%20efectiva%20labor%20preventiva%20e%20investigativa%20y%20recursos%20para%20la%20seguridad%20p%C3%BAblica%20regional&#038;url=https:\/\/radiorevelacionfm.cl\/?p=38544' aria-hidden='false' data-av_icon='\ue8f1' data-av_iconfont='entypo-fontello' title='' data-avia-related-tooltip='Compartir en Twitter' rel=\"noopener\"><span class='avia_hidden_link_text'>Compartir en Twitter<\/span><\/a><\/li><li class='av-share-link av-social-link-whatsapp' ><a target=\"_blank\" aria-label=\"Compartir en Whatsapp\" href='https:\/\/api.whatsapp.com\/send?text=https:\/\/radiorevelacionfm.cl\/?p=38544' aria-hidden='false' data-av_icon='\uf232' data-av_iconfont='entypo-fontello' title='' data-avia-related-tooltip='Compartir en Whatsapp' rel=\"noopener\"><span class='avia_hidden_link_text'>Compartir en Whatsapp<\/span><\/a><\/li><li class='av-share-link av-social-link-linkedin' ><a target=\"_blank\" aria-label=\"Compartir en LinkedIn\" href='https:\/\/linkedin.com\/shareArticle?mini=true&#038;title=Gobierno%20destaca%20efectiva%20labor%20preventiva%20e%20investigativa%20y%20recursos%20para%20la%20seguridad%20p%C3%BAblica%20regional&#038;url=https:\/\/radiorevelacionfm.cl\/?p=38544' aria-hidden='false' data-av_icon='\ue8fc' data-av_iconfont='entypo-fontello' title='' data-avia-related-tooltip='Compartir en LinkedIn' rel=\"noopener\"><span class='avia_hidden_link_text'>Compartir en LinkedIn<\/span><\/a><\/li><li class='av-share-link av-social-link-mail' ><a  aria-label=\"Compartir por correo\" href='mailto:?subject=Gobierno%20destaca%20efectiva%20labor%20preventiva%20e%20investigativa%20y%20recursos%20para%20la%20seguridad%20p%C3%BAblica%20regional&#038;body=https:\/\/radiorevelacionfm.cl\/?p=38544' aria-hidden='false' data-av_icon='\ue805' data-av_iconfont='entypo-fontello' title='' data-avia-related-tooltip='Compartir por correo'><span class='avia_hidden_link_text'>Compartir por correo<\/span><\/a><\/li><\/ul><\/div><\/div>\n<div  style='height:50px' class='hr hr-invisible   avia-builder-el-8  el_after_av_social_share  el_before_av_comments_list '><span class='hr-inner ' ><span class='hr-inner-style'><\/span><\/span><\/div>\n<div  class='av-buildercomment  av-blog-meta-html-info-disabled av-blog-meta-tag-disabled  '><\/div>\n","protected":false},"excerpt":{"rendered":"","protected":false},"author":1,"featured_media":38545,"comment_status":"open","ping_status":"open","sticky":false,"template":"","format":"standard","meta":{"footnotes":""},"categories":[38],"tags":[],"class_list":["post-38544","post","type-post","status-publish","format-standard","has-post-thumbnail","hentry","category-regional"],"jetpack_featured_media_url":"https:\/\/radiorevelacionfm.cl\/wp-content\/uploads\/2024\/01\/img_8760-1_optimized.jpg","_links":{"self":[{"href":"https:\/\/radiorevelacionfm.cl\/index.php?rest_route=\/wp\/v2\/posts\/38544","targetHints":{"allow":["GET"]}}],"collection":[{"href":"https:\/\/radiorevelacionfm.cl\/index.php?rest_route=\/wp\/v2\/posts"}],"about":[{"href":"https:\/\/radiorevelacionfm.cl\/index.php?rest_route=\/wp\/v2\/types\/post"}],"author":[{"embeddable":true,"href":"https:\/\/radiorevelacionfm.cl\/index.php?rest_route=\/wp\/v2\/users\/1"}],"replies":[{"embeddable":true,"href":"https:\/\/radiorevelacionfm.cl\/index.php?rest_route=%2Fwp%2Fv2%2Fcomments&post=38544"}],"version-history":[{"count":1,"href":"https:\/\/radiorevelacionfm.cl\/index.php?rest_route=\/wp\/v2\/posts\/38544\/revisions"}],"predecessor-version":[{"id":38546,"href":"https:\/\/radiorevelacionfm.cl\/index.php?rest_route=\/wp\/v2\/posts\/38544\/revisions\/38546"}],"wp:featuredmedia":[{"embeddable":true,"href":"https:\/\/radiorevelacionfm.cl\/index.php?rest_route=\/wp\/v2\/media\/38545"}],"wp:attachment":[{"href":"https:\/\/radiorevelacionfm.cl\/index.php?rest_route=%2Fwp%2Fv2%2Fmedia&parent=38544"}],"wp:term":[{"taxonomy":"category","embeddable":true,"href":"https:\/\/radiorevelacionfm.cl\/index.php?rest_route=%2Fwp%2Fv2%2Fcategories&post=38544"},{"taxonomy":"post_tag","embeddable":true,"href":"https:\/\/radiorevelacionfm.cl\/index.php?rest_route=%2Fwp%2Fv2%2Ftags&post=38544"}],"curies":[{"name":"wp","href":"https:\/\/api.w.org\/{rel}","templated":true}]}}