{"id":38537,"date":"2024-01-03T15:17:26","date_gmt":"2024-01-03T18:17:26","guid":{"rendered":"https:\/\/radiorevelacionfm.cl\/?p=38537"},"modified":"2024-01-03T15:17:26","modified_gmt":"2024-01-03T18:17:26","slug":"programa-centro-de-cuidado-para-trabajos-de-temporada-abre-inscripciones-en-3-comunas-de-la-region-de-aysen","status":"publish","type":"post","link":"https:\/\/radiorevelacionfm.cl\/?p=38537","title":{"rendered":"Programa \u00abCentro de Cuidado para Trabajos de Temporada\u00bb abre inscripciones en 3 comunas de la regi\u00f3n de Ays\u00e9n"},"content":{"rendered":"<div class=\"flex_column av_one_full  flex_column_div av-zero-column-padding first  avia-builder-el-0  el_before_av_one_full  avia-builder-el-first  \" style='border-radius:0px; '><div  class='avia-image-container  av-styling-    avia-builder-el-1  avia-builder-el-no-sibling  avia-align-center '  itemprop=\"image\" itemscope=\"itemscope\" itemtype=\"https:\/\/schema.org\/ImageObject\"  ><div class='avia-image-container-inner'><div class='avia-image-overlay-wrap'><img decoding=\"async\" class='wp-image-38538 avia-img-lazy-loading-not-38538 avia_image' src=\"https:\/\/radiorevelacionfm.cl\/wp-content\/uploads\/2024\/01\/seremi-karina-acevedo-1-1_optimized-1.jpeg\" alt='' title='seremi-karina-acevedo-(1)-(1)_optimized (1)' height=\"600\" width=\"1067\"  itemprop=\"thumbnailUrl\" srcset=\"https:\/\/radiorevelacionfm.cl\/wp-content\/uploads\/2024\/01\/seremi-karina-acevedo-1-1_optimized-1.jpeg 1067w, https:\/\/radiorevelacionfm.cl\/wp-content\/uploads\/2024\/01\/seremi-karina-acevedo-1-1_optimized-1-300x169.jpeg 300w, https:\/\/radiorevelacionfm.cl\/wp-content\/uploads\/2024\/01\/seremi-karina-acevedo-1-1_optimized-1-1030x579.jpeg 1030w, https:\/\/radiorevelacionfm.cl\/wp-content\/uploads\/2024\/01\/seremi-karina-acevedo-1-1_optimized-1-768x432.jpeg 768w, https:\/\/radiorevelacionfm.cl\/wp-content\/uploads\/2024\/01\/seremi-karina-acevedo-1-1_optimized-1-705x396.jpeg 705w, https:\/\/radiorevelacionfm.cl\/wp-content\/uploads\/2024\/01\/seremi-karina-acevedo-1-1_optimized-1-450x253.jpeg 450w, https:\/\/radiorevelacionfm.cl\/wp-content\/uploads\/2024\/01\/seremi-karina-acevedo-1-1_optimized-1-600x337.jpeg 600w\" sizes=\"(max-width: 1067px) 100vw, 1067px\" \/><\/div><\/div><\/div><\/div><div class=\"flex_column av_one_full  flex_column_div av-zero-column-padding first  avia-builder-el-2  el_after_av_one_full  el_before_av_one_full  column-top-margin\" style='border-radius:0px; '><section class=\"av_textblock_section \"  itemscope=\"itemscope\" itemtype=\"https:\/\/schema.org\/BlogPosting\" itemprop=\"blogPost\" ><div class='avia_textblock  '   itemprop=\"text\" ><p style=\"text-align: center;\"><strong><span style=\"font-size: 18pt;\">Programa \u00abCentro de Cuidado para Trabajos de Temporada\u00bb abre inscripciones en 3 comunas de la regi\u00f3n de Ays\u00e9n <\/span><\/strong><\/p>\n<div id=\"gtx-trans\" style=\"position: absolute; left: -50px; top: 4.31534px;\">\n<div class=\"gtx-trans-icon\"><\/div>\n<\/div>\n<\/div><\/section><\/div><div class=\"flex_column av_one_full  flex_column_div av-zero-column-padding first  avia-builder-el-4  el_after_av_one_full  el_before_av_hr  column-top-margin\" style='border-radius:0px; '><section class=\"av_textblock_section \"  itemscope=\"itemscope\" itemtype=\"https:\/\/schema.org\/BlogPosting\" itemprop=\"blogPost\" ><div class='avia_textblock  '   itemprop=\"text\" ><p class=\"v1MsoNormal\" style=\"text-align: justify;\"><i><span class=\"v1ContentPasted0\">El programa del Ministerio de Desarrollo Social y Familia est\u00e1 dirigido a padres, madres o cuidadores que necesiten apoyo para sus hijos durante este periodo de verano por encontrarse en labores de temporada.\u00a0<\/span><\/i><\/p>\n<p class=\"v1MsoNormal\" style=\"text-align: justify;\"><span class=\"v1ContentPasted0\">Abiertas se encuentran las postulaciones al Programa Centros de Cuidado para Trabajos de Temporada en las comunas de Guaitecas, Ib\u00e1\u00f1ez y Cisnes que comienza el 15 de enero impulsado por la Seremi de Desarrollo Social y Familia de Ays\u00e9n en donde la administraci\u00f3n estar\u00e1 a cargo de cada municipalidad en convenio con el Instituto Nacional de Deportes y Junaeb.\u00a0<\/span><\/p>\n<p class=\"v1MsoNormal\" style=\"text-align: justify;\"><span class=\"v1ContentPasted0\">El objetivo de este programa es entregar alternativas de cuidado, entretenci\u00f3n y alimentaci\u00f3n para ni\u00f1as y ni\u00f1os de familias cuyos cuidadores principales realicen labores de temporada dentro de los meses de enero y febrero.\u00a0<\/span><\/p>\n<p class=\"v1MsoNormal\" style=\"text-align: justify;\"><span class=\"v1ContentPasted0\">As\u00ed lo dio a conocer la seremi de Desarrollo Social y Familia de Ays\u00e9n, Karina Acevedo resaltando las pol\u00edticas p\u00fablicas del gobierno del presidente Boric en cuanto a contar con una oferta que vaya en directo apoyo a las comunidades\u00a0<\/span><\/p>\n<p class=\"v1MsoNormal\" style=\"text-align: justify;\"><span class=\"v1ContentPasted0\">\u00abBuscamos entregar alternativas de cuidado y entretenci\u00f3n en espacios seguros a trav\u00e9s de la alianza con el municipio, IND y JUNAEB para aquellos padres y madres que, por sus trabajos en periodo estival, no tienen con quien dejar a sus hijos. Es un apoyo realmente importante porque pueden desarrollar su jornada laboral con tranquilidad y para nosotros como Ministerio es fundamental poder brindar a las familias este beneficio, de tal modo que seguimos cumpliendo con el mandato del presidente Boric de otorgar a ni\u00f1as y ni\u00f1os el derecho a ser cuidados, con una pol\u00edtica pensada para ellos y coordinada\u00bb.\u00a0<\/span><\/p>\n<p class=\"v1MsoNormal\" style=\"text-align: justify;\"><span class=\"v1ContentPasted0\">El programa que funciona en coordinaci\u00f3n con el Municipio, IND y JUNAEB, permitir\u00e1 que los ni\u00f1os y ni\u00f1as que asistan a cada centro sean parte de \u00abPeque\u00f1as Iniciativas Infantiles\u00bb que consisten en actividades recreativas dentro o fuera de los centros por parte de profesores del IND y de monitores aportados por el municipio, adem\u00e1s del servicio de alimentaci\u00f3n consistente en 3 raciones diarias durante el per\u00edodo de ejecuci\u00f3n, por lo que la Seremi invit\u00f3 a interiorizarse de los requisitos o dirigirse a la\u00a0<\/span><span class=\"v1ContentPasted0\">Direcci\u00f3n de Desarrollo Comunitario de Cada Comuna.\u00a0<\/span><\/p>\n<p class=\"v1MsoNormal\" style=\"text-align: justify;\"><span class=\"v1ContentPasted0\">\u00abDeben inscribirse en sus municipalidades, As\u00ed que les invitamos a informarse y ser parte del centro que entrega una atenci\u00f3n integral a ni\u00f1as, ni\u00f1os y adolescentes de hasta 12 a\u00f1os. Este programa beneficia a m\u00e1s de 60 familias de Guaitecas, Cisnes e Ib\u00e1\u00f1ez y comienza a mediados de enero hasta el 16 de febrero, as\u00ed que es muy importante que puedan hacer las consultas cuanto antes\u00bb.\u00a0<\/span><\/p>\n<p class=\"v1MsoNormal\" style=\"text-align: justify;\"><span class=\"v1ContentPasted0\">Para difundir el programa, la seremi de Desarrollo Social y Familia, Karina Acevedo se reuni\u00f3 con el alcalde Francisco Roncagliolo en Puerto Cisnes donde abordaron detalles de este programa, junto con otros que impulsa el Ministerio y que son importantes para la comunidad, por lo que el jefe comunal valor\u00f3 esta oportunidad se\u00f1alando que \u00bb Es muy positivo, porque se piensa en c\u00f3mo mejorar las condiciones y as\u00ed llegar con m\u00e1s ayudas, apoyos a nuestra gente y familias de la comuna de Cisnes en este periodo, pudimos conversar abiertamente la realidad de todos los programas y c\u00f3mo podemos ayudar en mejorar, por lo que ahondamos sobre este en particular e identificamos a personas de la comuna que pueden ingresar al Centro de Cuidados para trabajos de temporada, as\u00ed que lo estamos viendo con nuestro equipo\u00bb.\u00a0<\/span><\/p>\n<p class=\"v1MsoNormal\" style=\"text-align: justify;\"><span class=\"v1ContentPasted0\">Pueden inscribirse aquellos padres, madres y\/o cuidadores principales que cuenten con el Registro Social de Hogares, pertenecientes al 60% m\u00e1s vulnerable y se otorgar\u00e1 un acceso preferente a familias participantes del Subsistema Seguridades y Oportunidades.\u00a0<\/span><\/p>\n<\/div><\/section><\/div><div  style='height:50px' class='hr hr-invisible   avia-builder-el-6  el_after_av_one_full  el_before_av_social_share '><span class='hr-inner ' ><span class='hr-inner-style'><\/span><\/span><\/div><\/p>\n<div  class='av-social-sharing-box  avia-builder-el-7  el_after_av_hr  el_before_av_hr  '><div class='av-share-box'><h5 class='av-share-link-description av-no-toc '>Compartir esta noticia<\/h5><ul class='av-share-box-list noLightbox'><li class='av-share-link av-social-link-facebook' ><a target=\"_blank\" aria-label=\"Compartir en Facebook\" href='https:\/\/www.facebook.com\/sharer.php?u=https:\/\/radiorevelacionfm.cl\/?p=38537&#038;t=Programa%20%C2%ABCentro%20de%20Cuidado%20para%20Trabajos%20de%20Temporada%C2%BB%20abre%20inscripciones%20en%203%20comunas%20de%20la%20regi%C3%B3n%20de%20Ays%C3%A9n' aria-hidden='false' data-av_icon='\ue8f3' data-av_iconfont='entypo-fontello' title='' data-avia-related-tooltip='Compartir en Facebook' rel=\"noopener\"><span class='avia_hidden_link_text'>Compartir en Facebook<\/span><\/a><\/li><li class='av-share-link av-social-link-twitter' ><a target=\"_blank\" aria-label=\"Compartir en Twitter\" href='https:\/\/twitter.com\/share?text=Programa%20%C2%ABCentro%20de%20Cuidado%20para%20Trabajos%20de%20Temporada%C2%BB%20abre%20inscripciones%20en%203%20comunas%20de%20la%20regi%C3%B3n%20de%20Ays%C3%A9n&#038;url=https:\/\/radiorevelacionfm.cl\/?p=38537' aria-hidden='false' data-av_icon='\ue8f1' data-av_iconfont='entypo-fontello' title='' data-avia-related-tooltip='Compartir en Twitter' rel=\"noopener\"><span class='avia_hidden_link_text'>Compartir en Twitter<\/span><\/a><\/li><li class='av-share-link av-social-link-whatsapp' ><a target=\"_blank\" aria-label=\"Compartir en Whatsapp\" href='https:\/\/api.whatsapp.com\/send?text=https:\/\/radiorevelacionfm.cl\/?p=38537' aria-hidden='false' data-av_icon='\uf232' data-av_iconfont='entypo-fontello' title='' data-avia-related-tooltip='Compartir en Whatsapp' rel=\"noopener\"><span class='avia_hidden_link_text'>Compartir en Whatsapp<\/span><\/a><\/li><li class='av-share-link av-social-link-linkedin' ><a target=\"_blank\" aria-label=\"Compartir en LinkedIn\" href='https:\/\/linkedin.com\/shareArticle?mini=true&#038;title=Programa%20%C2%ABCentro%20de%20Cuidado%20para%20Trabajos%20de%20Temporada%C2%BB%20abre%20inscripciones%20en%203%20comunas%20de%20la%20regi%C3%B3n%20de%20Ays%C3%A9n&#038;url=https:\/\/radiorevelacionfm.cl\/?p=38537' aria-hidden='false' data-av_icon='\ue8fc' data-av_iconfont='entypo-fontello' title='' data-avia-related-tooltip='Compartir en LinkedIn' rel=\"noopener\"><span class='avia_hidden_link_text'>Compartir en LinkedIn<\/span><\/a><\/li><li class='av-share-link av-social-link-mail' ><a  aria-label=\"Compartir por correo\" href='mailto:?subject=Programa%20%C2%ABCentro%20de%20Cuidado%20para%20Trabajos%20de%20Temporada%C2%BB%20abre%20inscripciones%20en%203%20comunas%20de%20la%20regi%C3%B3n%20de%20Ays%C3%A9n&#038;body=https:\/\/radiorevelacionfm.cl\/?p=38537' aria-hidden='false' data-av_icon='\ue805' data-av_iconfont='entypo-fontello' title='' data-avia-related-tooltip='Compartir por correo'><span class='avia_hidden_link_text'>Compartir por correo<\/span><\/a><\/li><\/ul><\/div><\/div>\n<div  style='height:50px' class='hr hr-invisible   avia-builder-el-8  el_after_av_social_share  el_before_av_comments_list '><span class='hr-inner ' ><span class='hr-inner-style'><\/span><\/span><\/div>\n<div  class='av-buildercomment  av-blog-meta-html-info-disabled av-blog-meta-tag-disabled  '><\/div>\n","protected":false},"excerpt":{"rendered":"","protected":false},"author":1,"featured_media":38538,"comment_status":"open","ping_status":"open","sticky":false,"template":"","format":"standard","meta":{"footnotes":""},"categories":[38],"tags":[],"class_list":["post-38537","post","type-post","status-publish","format-standard","has-post-thumbnail","hentry","category-regional"],"jetpack_featured_media_url":"https:\/\/radiorevelacionfm.cl\/wp-content\/uploads\/2024\/01\/seremi-karina-acevedo-1-1_optimized-1.jpeg","_links":{"self":[{"href":"https:\/\/radiorevelacionfm.cl\/index.php?rest_route=\/wp\/v2\/posts\/38537","targetHints":{"allow":["GET"]}}],"collection":[{"href":"https:\/\/radiorevelacionfm.cl\/index.php?rest_route=\/wp\/v2\/posts"}],"about":[{"href":"https:\/\/radiorevelacionfm.cl\/index.php?rest_route=\/wp\/v2\/types\/post"}],"author":[{"embeddable":true,"href":"https:\/\/radiorevelacionfm.cl\/index.php?rest_route=\/wp\/v2\/users\/1"}],"replies":[{"embeddable":true,"href":"https:\/\/radiorevelacionfm.cl\/index.php?rest_route=%2Fwp%2Fv2%2Fcomments&post=38537"}],"version-history":[{"count":1,"href":"https:\/\/radiorevelacionfm.cl\/index.php?rest_route=\/wp\/v2\/posts\/38537\/revisions"}],"predecessor-version":[{"id":38539,"href":"https:\/\/radiorevelacionfm.cl\/index.php?rest_route=\/wp\/v2\/posts\/38537\/revisions\/38539"}],"wp:featuredmedia":[{"embeddable":true,"href":"https:\/\/radiorevelacionfm.cl\/index.php?rest_route=\/wp\/v2\/media\/38538"}],"wp:attachment":[{"href":"https:\/\/radiorevelacionfm.cl\/index.php?rest_route=%2Fwp%2Fv2%2Fmedia&parent=38537"}],"wp:term":[{"taxonomy":"category","embeddable":true,"href":"https:\/\/radiorevelacionfm.cl\/index.php?rest_route=%2Fwp%2Fv2%2Fcategories&post=38537"},{"taxonomy":"post_tag","embeddable":true,"href":"https:\/\/radiorevelacionfm.cl\/index.php?rest_route=%2Fwp%2Fv2%2Ftags&post=38537"}],"curies":[{"name":"wp","href":"https:\/\/api.w.org\/{rel}","templated":true}]}}