{"id":38534,"date":"2024-01-03T22:22:32","date_gmt":"2024-01-04T01:22:32","guid":{"rendered":"https:\/\/radiorevelacionfm.cl\/?p=38534"},"modified":"2024-01-03T22:22:32","modified_gmt":"2024-01-04T01:22:32","slug":"ine-presenta-cuestionario-censal-2024","status":"publish","type":"post","link":"https:\/\/radiorevelacionfm.cl\/?p=38534","title":{"rendered":"INE presenta cuestionario Censal 2024"},"content":{"rendered":"<div class=\"flex_column av_one_full  flex_column_div av-zero-column-padding first  avia-builder-el-0  el_before_av_one_full  avia-builder-el-first  \" style='border-radius:0px; '><div  class='avia-image-container  av-styling-    avia-builder-el-1  avia-builder-el-no-sibling  avia-align-center '  itemprop=\"image\" itemscope=\"itemscope\" itemtype=\"https:\/\/schema.org\/ImageObject\"  ><div class='avia-image-container-inner'><div class='avia-image-overlay-wrap'><img decoding=\"async\" class='wp-image-38535 avia-img-lazy-loading-not-38535 avia_image' src=\"https:\/\/radiorevelacionfm.cl\/wp-content\/uploads\/2024\/01\/foto-Cuestionario-Censal-1-1.jpg\" alt='' title='foto Cuestionario Censal (1) (1)' height=\"600\" width=\"1067\"  itemprop=\"thumbnailUrl\" srcset=\"https:\/\/radiorevelacionfm.cl\/wp-content\/uploads\/2024\/01\/foto-Cuestionario-Censal-1-1.jpg 1067w, https:\/\/radiorevelacionfm.cl\/wp-content\/uploads\/2024\/01\/foto-Cuestionario-Censal-1-1-300x169.jpg 300w, https:\/\/radiorevelacionfm.cl\/wp-content\/uploads\/2024\/01\/foto-Cuestionario-Censal-1-1-1030x579.jpg 1030w, https:\/\/radiorevelacionfm.cl\/wp-content\/uploads\/2024\/01\/foto-Cuestionario-Censal-1-1-768x432.jpg 768w, https:\/\/radiorevelacionfm.cl\/wp-content\/uploads\/2024\/01\/foto-Cuestionario-Censal-1-1-705x396.jpg 705w, https:\/\/radiorevelacionfm.cl\/wp-content\/uploads\/2024\/01\/foto-Cuestionario-Censal-1-1-450x253.jpg 450w, https:\/\/radiorevelacionfm.cl\/wp-content\/uploads\/2024\/01\/foto-Cuestionario-Censal-1-1-600x337.jpg 600w\" sizes=\"(max-width: 1067px) 100vw, 1067px\" \/><\/div><\/div><\/div><\/div><div class=\"flex_column av_one_full  flex_column_div av-zero-column-padding first  avia-builder-el-2  el_after_av_one_full  el_before_av_one_full  column-top-margin\" style='border-radius:0px; '><section class=\"av_textblock_section \"  itemscope=\"itemscope\" itemtype=\"https:\/\/schema.org\/BlogPosting\" itemprop=\"blogPost\" ><div class='avia_textblock  '   itemprop=\"text\" ><p style=\"text-align: center;\"><strong><span style=\"font-size: 18pt;\">INE presenta cuestionario Censal 2024<\/span><\/strong><\/p>\n<div id=\"gtx-trans\" style=\"position: absolute; left: -50px; top: 4.31534px;\">\n<div class=\"gtx-trans-icon\"><\/div>\n<\/div>\n<\/div><\/section><\/div><div class=\"flex_column av_one_full  flex_column_div av-zero-column-padding first  avia-builder-el-4  el_after_av_one_full  el_before_av_hr  column-top-margin\" style='border-radius:0px; '><section class=\"av_textblock_section \"  itemscope=\"itemscope\" itemtype=\"https:\/\/schema.org\/BlogPosting\" itemprop=\"blogPost\" ><div class='avia_textblock  '   itemprop=\"text\" ><p style=\"text-align: justify;\">Un total de 50 preguntas tendr\u00e1 el cuestionario para las viviendas particulares que se utilizar\u00e1 en el Censo de Vivienda y Poblaci\u00f3n a realizarse entre marzo y junio de 2024, y que fue presentado por el \u00a0Instituto Nacional de Estad\u00edsticas (organismo del Estado encargado del operativo). Su aplicaci\u00f3n durar\u00e1 alrededor de 20 minutos para un hogar promedio de 3 personas.<\/p>\n<p style=\"text-align: justify;\">El\u00a0<a href=\"https:\/\/censo2024.inechile.cl\/cuestionario.html\">cuestionario censal<\/a>\u00a0permitir\u00e1 cumplir con los cuatro grandes objetivos generales de un censo de poblaci\u00f3n y vivienda, que son proveer informaci\u00f3n para la actualizaci\u00f3n y elaboraci\u00f3n de las estimaciones y proyecciones de poblaci\u00f3n, proporcionar informaci\u00f3n para la actualizaci\u00f3n del marco muestral para las encuestas de hogares, suministrar informaci\u00f3n estad\u00edstica prioritaria para el dise\u00f1o y seguimiento de pol\u00edticas p\u00fablicas, y generar informaci\u00f3n estad\u00edstica sobre \u00e1reas geogr\u00e1ficas espec\u00edficas y subgrupos de poblaci\u00f3n.<\/p>\n<p style=\"text-align: justify;\">As\u00ed, el cuestionario del Censo 2024 incluye preguntas sobre la caracterizaci\u00f3n demogr\u00e1fica de la poblaci\u00f3n (como sexo, edad y fecha de nacimiento), del hogar (como estado conyugal actual), de la migraci\u00f3n interna e internacional, educaci\u00f3n, empleo, movilidad laboral (donde destaca la incorporaci\u00f3n de una pregunta sobre el medio de transporte al lugar de empleo) y fecundidad. A ello se agregan preguntas nuevas que cubren las caracter\u00edsticas sociales de las personas, como afrodescendencia, manejo de lenguas originarias, g\u00e9nero y discapacidad, adem\u00e1s de otras reincorporadas, como religi\u00f3n.<\/p>\n<p style=\"text-align: justify;\">Para cubrir el aspecto de la vivienda, el\u00a0<a href=\"https:\/\/censo2024.inechile.cl\/cuestionario.html\">cuestionario censal 2024<\/a>\u00a0abarca preguntas para caracterizarla (como materialidad de esta y n\u00famero de dormitorios), conocer los servicios b\u00e1sicos (como el sistema de distribuci\u00f3n de agua y, por primer vez, el medio de eliminaci\u00f3n de la basura), identificar los residentes habituales, caracterizar los hogares (como relaciones de parentesco), la tenencia de la vivienda y disponibilidad de tecnolog\u00edas de informaci\u00f3n, adem\u00e1s del uso de energ\u00eda o combustible, tema que incorpora una pregunta nueva sobre energ\u00eda o combustible para calefaccionar.<\/p>\n<p style=\"text-align: justify;\"><strong>Aplicaci\u00f3n del cuestionario<\/strong><\/p>\n<p style=\"text-align: justify;\">El cuestionario del Censo 2024 ser\u00e1 aplicado en forma presencial a lo largo y ancho de Chile por los m\u00e1s de 24.000 censistas que el INE contratar\u00e1 para llevar a cabo el operativo. El tiempo que requerir\u00e1 contestarlo en cada vivienda depender\u00e1 de la cantidad de hogares y de personas que residan en ellas.<\/p>\n<p style=\"text-align: justify;\">Esta vez, dado que se trata de un censo que se efectuar\u00e1 entre marzo y junio, el cuestionario se enfocar\u00e1 en los residentes habituales de las viviendas. Es decir, en cada vivienda particular se aplicar\u00e1 a las personas que han residido en la vivienda durante la mayor parte (al menos seis meses) de los 12 meses anteriores al momento de la entrevista censal o que, llevando menos tiempo, tienen la intenci\u00f3n de residir ah\u00ed los siguientes meses.<\/p>\n<p style=\"text-align: justify;\">Para los operativos especiales que se efectuar\u00e1n en las viviendas colectivas se utilizar\u00e1 un cuestionario censal basado en el cuestionario de vivienda particular presentado, con las respectivas modificaciones.<\/p>\n<p style=\"text-align: justify;\">Revisa toda la informaci\u00f3n sobre el\u00a0cuestionario censal en <a href=\"http:\/\/www.censo2024.cl\">www.censo2024.cl<\/a><\/p>\n<\/div><\/section><\/div><div  style='height:50px' class='hr hr-invisible   avia-builder-el-6  el_after_av_one_full  el_before_av_social_share '><span class='hr-inner ' ><span class='hr-inner-style'><\/span><\/span><\/div><\/p>\n<div  class='av-social-sharing-box  avia-builder-el-7  el_after_av_hr  el_before_av_hr  '><div class='av-share-box'><h5 class='av-share-link-description av-no-toc '>Compartir esta noticia<\/h5><ul class='av-share-box-list noLightbox'><li class='av-share-link av-social-link-facebook' ><a target=\"_blank\" aria-label=\"Compartir en Facebook\" href='https:\/\/www.facebook.com\/sharer.php?u=https:\/\/radiorevelacionfm.cl\/?p=38534&#038;t=INE%20presenta%20cuestionario%20Censal%202024' aria-hidden='false' data-av_icon='\ue8f3' data-av_iconfont='entypo-fontello' title='' data-avia-related-tooltip='Compartir en Facebook' rel=\"noopener\"><span class='avia_hidden_link_text'>Compartir en Facebook<\/span><\/a><\/li><li class='av-share-link av-social-link-twitter' ><a target=\"_blank\" aria-label=\"Compartir en Twitter\" href='https:\/\/twitter.com\/share?text=INE%20presenta%20cuestionario%20Censal%202024&#038;url=https:\/\/radiorevelacionfm.cl\/?p=38534' aria-hidden='false' data-av_icon='\ue8f1' data-av_iconfont='entypo-fontello' title='' data-avia-related-tooltip='Compartir en Twitter' rel=\"noopener\"><span class='avia_hidden_link_text'>Compartir en Twitter<\/span><\/a><\/li><li class='av-share-link av-social-link-whatsapp' ><a target=\"_blank\" aria-label=\"Compartir en Whatsapp\" href='https:\/\/api.whatsapp.com\/send?text=https:\/\/radiorevelacionfm.cl\/?p=38534' aria-hidden='false' data-av_icon='\uf232' data-av_iconfont='entypo-fontello' title='' data-avia-related-tooltip='Compartir en Whatsapp' rel=\"noopener\"><span class='avia_hidden_link_text'>Compartir en Whatsapp<\/span><\/a><\/li><li class='av-share-link av-social-link-linkedin' ><a target=\"_blank\" aria-label=\"Compartir en LinkedIn\" href='https:\/\/linkedin.com\/shareArticle?mini=true&#038;title=INE%20presenta%20cuestionario%20Censal%202024&#038;url=https:\/\/radiorevelacionfm.cl\/?p=38534' aria-hidden='false' data-av_icon='\ue8fc' data-av_iconfont='entypo-fontello' title='' data-avia-related-tooltip='Compartir en LinkedIn' rel=\"noopener\"><span class='avia_hidden_link_text'>Compartir en LinkedIn<\/span><\/a><\/li><li class='av-share-link av-social-link-mail' ><a  aria-label=\"Compartir por correo\" href='mailto:?subject=INE%20presenta%20cuestionario%20Censal%202024&#038;body=https:\/\/radiorevelacionfm.cl\/?p=38534' aria-hidden='false' data-av_icon='\ue805' data-av_iconfont='entypo-fontello' title='' data-avia-related-tooltip='Compartir por correo'><span class='avia_hidden_link_text'>Compartir por correo<\/span><\/a><\/li><\/ul><\/div><\/div>\n<div  style='height:50px' class='hr hr-invisible   avia-builder-el-8  el_after_av_social_share  el_before_av_comments_list '><span class='hr-inner ' ><span class='hr-inner-style'><\/span><\/span><\/div>\n<div  class='av-buildercomment  av-blog-meta-html-info-disabled av-blog-meta-tag-disabled  '><\/div>\n","protected":false},"excerpt":{"rendered":"","protected":false},"author":1,"featured_media":38535,"comment_status":"open","ping_status":"open","sticky":false,"template":"","format":"standard","meta":{"footnotes":""},"categories":[61],"tags":[],"class_list":["post-38534","post","type-post","status-publish","format-standard","has-post-thumbnail","hentry","category-nacional"],"jetpack_featured_media_url":"https:\/\/radiorevelacionfm.cl\/wp-content\/uploads\/2024\/01\/foto-Cuestionario-Censal-1-1.jpg","_links":{"self":[{"href":"https:\/\/radiorevelacionfm.cl\/index.php?rest_route=\/wp\/v2\/posts\/38534","targetHints":{"allow":["GET"]}}],"collection":[{"href":"https:\/\/radiorevelacionfm.cl\/index.php?rest_route=\/wp\/v2\/posts"}],"about":[{"href":"https:\/\/radiorevelacionfm.cl\/index.php?rest_route=\/wp\/v2\/types\/post"}],"author":[{"embeddable":true,"href":"https:\/\/radiorevelacionfm.cl\/index.php?rest_route=\/wp\/v2\/users\/1"}],"replies":[{"embeddable":true,"href":"https:\/\/radiorevelacionfm.cl\/index.php?rest_route=%2Fwp%2Fv2%2Fcomments&post=38534"}],"version-history":[{"count":1,"href":"https:\/\/radiorevelacionfm.cl\/index.php?rest_route=\/wp\/v2\/posts\/38534\/revisions"}],"predecessor-version":[{"id":38536,"href":"https:\/\/radiorevelacionfm.cl\/index.php?rest_route=\/wp\/v2\/posts\/38534\/revisions\/38536"}],"wp:featuredmedia":[{"embeddable":true,"href":"https:\/\/radiorevelacionfm.cl\/index.php?rest_route=\/wp\/v2\/media\/38535"}],"wp:attachment":[{"href":"https:\/\/radiorevelacionfm.cl\/index.php?rest_route=%2Fwp%2Fv2%2Fmedia&parent=38534"}],"wp:term":[{"taxonomy":"category","embeddable":true,"href":"https:\/\/radiorevelacionfm.cl\/index.php?rest_route=%2Fwp%2Fv2%2Fcategories&post=38534"},{"taxonomy":"post_tag","embeddable":true,"href":"https:\/\/radiorevelacionfm.cl\/index.php?rest_route=%2Fwp%2Fv2%2Ftags&post=38534"}],"curies":[{"name":"wp","href":"https:\/\/api.w.org\/{rel}","templated":true}]}}