{"id":3853,"date":"2021-05-06T10:58:23","date_gmt":"2021-05-06T13:58:23","guid":{"rendered":"https:\/\/radiorevelacionfm.cl\/?p=3853"},"modified":"2021-05-06T10:58:23","modified_gmt":"2021-05-06T13:58:23","slug":"entregan-reconocimiento-a-cuatro-de-los-sindicatos-mas-antiguos-de-la-region-de-aysen","status":"publish","type":"post","link":"https:\/\/radiorevelacionfm.cl\/?p=3853","title":{"rendered":"Entregan reconocimiento a cuatro de los sindicatos m\u00e1s antiguos de la Regi\u00f3n de Ays\u00e9n"},"content":{"rendered":"<div class=\"flex_column av_one_full  flex_column_div av-zero-column-padding first  avia-builder-el-0  el_before_av_one_full  avia-builder-el-first  \" style='border-radius:0px; '><div  class='avia-image-container  av-styling-    avia-builder-el-1  avia-builder-el-no-sibling  avia-align-center '  itemprop=\"image\" itemscope=\"itemscope\" itemtype=\"https:\/\/schema.org\/ImageObject\"  ><div class='avia-image-container-inner'><div class='avia-image-overlay-wrap'><img decoding=\"async\" class='wp-image-0 avia-img-lazy-loading-not-0 avia_image' src=\"https:\/\/radiorevelacionfm.cl\/wp-content\/uploads\/2021\/05\/ReconocimientoAntiguedadSindical_Estibadores-1.jpg\" alt='' title=''   itemprop=\"thumbnailUrl\"  \/><\/div><\/div><\/div><\/div><div class=\"flex_column av_one_full  flex_column_div av-zero-column-padding first  avia-builder-el-2  el_after_av_one_full  el_before_av_one_full  column-top-margin\" style='border-radius:0px; '><section class=\"av_textblock_section \"  itemscope=\"itemscope\" itemtype=\"https:\/\/schema.org\/BlogPosting\" itemprop=\"blogPost\" ><div class='avia_textblock  '   itemprop=\"text\" ><p style=\"text-align: center;\"><strong><span style=\"font-size: 18pt;\">Entregan reconocimiento a cuatro de los sindicatos m\u00e1s antiguos de la Regi\u00f3n de Ays\u00e9n<\/span><\/strong><\/p>\n<div id=\"gtx-trans\" style=\"position: absolute; left: -50px; top: 4.31534px;\">\n<div class=\"gtx-trans-icon\"><\/div>\n<\/div>\n<\/div><\/section><\/div><div class=\"flex_column av_one_full  flex_column_div av-zero-column-padding first  avia-builder-el-4  el_after_av_one_full  el_before_av_hr  column-top-margin\" style='border-radius:0px; '><section class=\"av_textblock_section \"  itemscope=\"itemscope\" itemtype=\"https:\/\/schema.org\/BlogPosting\" itemprop=\"blogPost\" ><div class='avia_textblock  '   itemprop=\"text\" ><p class=\"v1MsoNormal\" style=\"text-align: justify;\">En el marco del D\u00eda del Trabajador 2021, se realiz\u00f3 un reconocimiento a cuatro de los sindicatos m\u00e1s antiguos de la Regi\u00f3n de Ays\u00e9n, por parte de la Seremi del Trabajo y Previsi\u00f3n Social, Andrea Ponce y de los directores regionales de la cartera: Katherine Kingma del Servicio Nacional de Capacitaci\u00f3n y Empleo, Sence; Carlos Rodr\u00edguez, del Instituto de Previsi\u00f3n Social, IPS ChileAtiende; Mario Garay del Instituto de Seguridad Laboral, ISL y Christian Aros, director regional(s) del Trabajo.<\/p>\n<p class=\"v1MsoNormal\" style=\"text-align: justify;\">Sobre esta actividad, la Seremi Andrea Ponce, entreg\u00f3 detalles, \u00abEsta es una iniciativa que iniciamos el a\u00f1o 2018 para reconocer la labor de los sindicatos y de los dirigentes en el contexto del D\u00eda del Trabajador, destacando la antig\u00fcedad de las organizaciones en nuestra Regi\u00f3n de Ays\u00e9n. El a\u00f1o pasado, debido a la pandemia de coronavirus, suspendimos la ceremonia, pero este a\u00f1o quisimos retomarlo, ya que estamos en momentos complejos donde la labor de los dirigentes es ser un puente entre los trabajadores y las empresas, tratando de llegar a acuerdos por el bienestar de los trabajadores. Sin trabajadores no hay empresas y sin empresas no hay trabajadores y, precisamente los dirigentes son los veedores de los procesos, para orientar, denunciar malas pr\u00e1cticas, pero tambi\u00e9n para dialogar por el bien de sus compa\u00f1eros\u00bb, concluy\u00f3 la titular de Trabajo y Previsi\u00f3n Social.<\/p>\n<p class=\"v1MsoNormal\" style=\"text-align: justify;\">En esta ocasi\u00f3n fueron cuatro los sindicatos reconocidos por las autoridades del trabajo y previsi\u00f3n social, distribuidos en dos actividades, para cumplir con los aforos, una en dependencias de la oficina regional de Sence y otra en Puerto Chacabuco.<\/p>\n<p class=\"v1MsoNormal\" style=\"text-align: justify;\">El Sindicato Profesional de Estibadores y Desestibadores Mar\u00edtimos de Puerto Ays\u00e9n fue constituido el 11 de agosto de 1945 y es considerado el m\u00e1s antiguo de la Regi\u00f3n de Ays\u00e9n. Junto a ellos, se entreg\u00f3 un reconocimiento a tres de las organizaciones regionales m\u00e1s antiguas: Sindicato de Trabajadores Independientes del Transporte Remunerado de Pasajeros de Coyhaique, creado el 7 de diciembre de 1994; Asociaci\u00f3n de Funcionarios No Docentes del Departamento de Educaci\u00f3n de la I. Municipalidad de Coyhaique, que funciona desde el 5 de octubre de 1996 y el Sindicato de Empresa Salmones Fr\u00edosur S.A. Santa Mar\u00eda del Mar, que data del 1 de abril de 2002.<\/p>\n<p class=\"v1MsoNormal\" style=\"text-align: justify;\">Rich Raimapo, presidente del sindicato de estibadores se mostr\u00f3 sorprendido y agradecido por el reconocimiento a la antig\u00fcedad sindical: \u00abBastante agradecido porque la verdad es que por cosas de la historia pasamos a ser el sindicato m\u00e1s antiguo de la regi\u00f3n y eso obviamente enorgullece\u00bb, afirm\u00f3 el dirigente, cuyo sindicato posee en la actividad 70 socios activos.<\/p>\n<p class=\"v1MsoNormal\" style=\"text-align: justify;\">Por su parte, la secretaria de la organizaci\u00f3n sindical, Georgeth Rubilar, recalc\u00f3 la esforzada labor del trabajador portuario y agradeci\u00f3 el homenaje. \u00abMuy agradecida del reconocimiento que nos acaba de entregar la Seremi del Trabajo, por reconocer nuestros a\u00f1os que llevamos trabajando adentro del puerto. Vienen muchas generaciones atr\u00e1s de nosotros, este sindicato fue formado en 1945 y hasta el d\u00eda de hoy todav\u00eda sigue funcionando como corresponde. El rol del trabajador portuario es de un trabajo muy pesado, de esfuerzo, sacrificio y es bueno que nos tomen en cuenta, como siempre lo ha hecho la Seremi del Trabajo, pensando en nosotros, apoy\u00e1ndonos y se agradece a toda la gente que han podido acompa\u00f1arnos este d\u00eda\u00bb, dijo.<\/p>\n<div style=\"text-align: justify;\">Con respecto al tema de la pandemia de coronavirus y el rol del dirigente en esta \u00e9poca, Eugenia Caro, secretaria del Sindicato de Fr\u00edo Sur Santa Mar\u00eda del Mar, mencion\u00f3, \u00abcomo sindicato del rubro salm\u00f3n ha sido un trabajo colaborativo tambi\u00e9n con la empresa, los dirigentes y los trabajadores porque ellos est\u00e1n ahora con un turno de 21 por 21 -como sali\u00f3 esa resoluci\u00f3n- y para ellos ha significado un cambio en su vida, jornada laboral porque hay todo un proceso tras eso, de carga laboral, de estr\u00e9s, de acostumbrarse a otro turno y entre todos hemos tratado de saberlo llevar, y cuando ha habido problemas, el sindicato ha estado de la mano con la empresa viendo c\u00f3mo colaborar tambi\u00e9n, no todo tiene que ser malo, siempre se buscan los acuerdos que sean en beneficio del trabajador. El di\u00e1logo sobre todo y por algo el sindicato ha seguido durante 19 a\u00f1os siendo vigente\u00bb, reflexion\u00f3 la dirigenta, quien recalc\u00f3 que en su sindicato siempre ha habido mujeres en la directiva.<\/div>\n<\/div><\/section><\/div><div  style='height:50px' class='hr hr-invisible   avia-builder-el-6  el_after_av_one_full  el_before_av_social_share '><span class='hr-inner ' ><span class='hr-inner-style'><\/span><\/span><\/div><\/p>\n<div  class='av-social-sharing-box  avia-builder-el-7  el_after_av_hr  el_before_av_hr  '><div class='av-share-box'><h5 class='av-share-link-description av-no-toc '>Compartir esta noticia<\/h5><ul class='av-share-box-list noLightbox'><li class='av-share-link av-social-link-facebook' ><a target=\"_blank\" aria-label=\"Compartir en Facebook\" href='https:\/\/www.facebook.com\/sharer.php?u=https:\/\/radiorevelacionfm.cl\/?p=3853&#038;t=Entregan%20reconocimiento%20a%20cuatro%20de%20los%20sindicatos%20m%C3%A1s%20antiguos%20de%20la%20Regi%C3%B3n%20de%20Ays%C3%A9n' aria-hidden='false' data-av_icon='\ue8f3' data-av_iconfont='entypo-fontello' title='' data-avia-related-tooltip='Compartir en Facebook' rel=\"noopener\"><span class='avia_hidden_link_text'>Compartir en Facebook<\/span><\/a><\/li><li class='av-share-link av-social-link-twitter' ><a target=\"_blank\" aria-label=\"Compartir en Twitter\" href='https:\/\/twitter.com\/share?text=Entregan%20reconocimiento%20a%20cuatro%20de%20los%20sindicatos%20m%C3%A1s%20antiguos%20de%20la%20Regi%C3%B3n%20de%20Ays%C3%A9n&#038;url=https:\/\/radiorevelacionfm.cl\/?p=3853' aria-hidden='false' data-av_icon='\ue8f1' data-av_iconfont='entypo-fontello' title='' data-avia-related-tooltip='Compartir en Twitter' rel=\"noopener\"><span class='avia_hidden_link_text'>Compartir en Twitter<\/span><\/a><\/li><li class='av-share-link av-social-link-whatsapp' ><a target=\"_blank\" aria-label=\"Compartir en Whatsapp\" href='https:\/\/api.whatsapp.com\/send?text=https:\/\/radiorevelacionfm.cl\/?p=3853' aria-hidden='false' data-av_icon='\uf232' data-av_iconfont='entypo-fontello' title='' data-avia-related-tooltip='Compartir en Whatsapp' rel=\"noopener\"><span class='avia_hidden_link_text'>Compartir en Whatsapp<\/span><\/a><\/li><li class='av-share-link av-social-link-linkedin' ><a target=\"_blank\" aria-label=\"Compartir en LinkedIn\" href='https:\/\/linkedin.com\/shareArticle?mini=true&#038;title=Entregan%20reconocimiento%20a%20cuatro%20de%20los%20sindicatos%20m%C3%A1s%20antiguos%20de%20la%20Regi%C3%B3n%20de%20Ays%C3%A9n&#038;url=https:\/\/radiorevelacionfm.cl\/?p=3853' aria-hidden='false' data-av_icon='\ue8fc' data-av_iconfont='entypo-fontello' title='' data-avia-related-tooltip='Compartir en LinkedIn' rel=\"noopener\"><span class='avia_hidden_link_text'>Compartir en LinkedIn<\/span><\/a><\/li><li class='av-share-link av-social-link-mail' ><a  aria-label=\"Compartir por correo\" href='mailto:?subject=Entregan%20reconocimiento%20a%20cuatro%20de%20los%20sindicatos%20m%C3%A1s%20antiguos%20de%20la%20Regi%C3%B3n%20de%20Ays%C3%A9n&#038;body=https:\/\/radiorevelacionfm.cl\/?p=3853' aria-hidden='false' data-av_icon='\ue805' data-av_iconfont='entypo-fontello' title='' data-avia-related-tooltip='Compartir por correo'><span class='avia_hidden_link_text'>Compartir por correo<\/span><\/a><\/li><\/ul><\/div><\/div>\n<div  style='height:50px' class='hr hr-invisible   avia-builder-el-8  el_after_av_social_share  el_before_av_comments_list '><span class='hr-inner ' ><span class='hr-inner-style'><\/span><\/span><\/div>\n<div  class='av-buildercomment  av-blog-meta-html-info-disabled av-blog-meta-tag-disabled  '><\/div>\n","protected":false},"excerpt":{"rendered":"","protected":false},"author":1,"featured_media":0,"comment_status":"open","ping_status":"open","sticky":false,"template":"","format":"standard","meta":{"footnotes":""},"categories":[56],"tags":[],"class_list":["post-3853","post","type-post","status-publish","format-standard","hentry","category-trabajo"],"jetpack_featured_media_url":"","_links":{"self":[{"href":"https:\/\/radiorevelacionfm.cl\/index.php?rest_route=\/wp\/v2\/posts\/3853","targetHints":{"allow":["GET"]}}],"collection":[{"href":"https:\/\/radiorevelacionfm.cl\/index.php?rest_route=\/wp\/v2\/posts"}],"about":[{"href":"https:\/\/radiorevelacionfm.cl\/index.php?rest_route=\/wp\/v2\/types\/post"}],"author":[{"embeddable":true,"href":"https:\/\/radiorevelacionfm.cl\/index.php?rest_route=\/wp\/v2\/users\/1"}],"replies":[{"embeddable":true,"href":"https:\/\/radiorevelacionfm.cl\/index.php?rest_route=%2Fwp%2Fv2%2Fcomments&post=3853"}],"version-history":[{"count":1,"href":"https:\/\/radiorevelacionfm.cl\/index.php?rest_route=\/wp\/v2\/posts\/3853\/revisions"}],"predecessor-version":[{"id":3855,"href":"https:\/\/radiorevelacionfm.cl\/index.php?rest_route=\/wp\/v2\/posts\/3853\/revisions\/3855"}],"wp:attachment":[{"href":"https:\/\/radiorevelacionfm.cl\/index.php?rest_route=%2Fwp%2Fv2%2Fmedia&parent=3853"}],"wp:term":[{"taxonomy":"category","embeddable":true,"href":"https:\/\/radiorevelacionfm.cl\/index.php?rest_route=%2Fwp%2Fv2%2Fcategories&post=3853"},{"taxonomy":"post_tag","embeddable":true,"href":"https:\/\/radiorevelacionfm.cl\/index.php?rest_route=%2Fwp%2Fv2%2Ftags&post=3853"}],"curies":[{"name":"wp","href":"https:\/\/api.w.org\/{rel}","templated":true}]}}