{"id":38528,"date":"2024-01-03T11:29:25","date_gmt":"2024-01-03T14:29:25","guid":{"rendered":"https:\/\/radiorevelacionfm.cl\/?p=38528"},"modified":"2024-01-03T11:29:25","modified_gmt":"2024-01-03T14:29:25","slug":"chile-chico-fiscalia-logra-condena-de-9-anos-de-carcel-contra-imputado-por-femicidio-tentado","status":"publish","type":"post","link":"https:\/\/radiorevelacionfm.cl\/?p=38528","title":{"rendered":"Chile Chico: Fiscal\u00eda logra condena de 9 a\u00f1os de c\u00e1rcel contra imputado por femicidio tentado"},"content":{"rendered":"<div class=\"flex_column av_one_full  flex_column_div av-zero-column-padding first  avia-builder-el-0  el_before_av_one_full  avia-builder-el-first  \" style='border-radius:0px; '><div  class='avia-image-container  av-styling-    avia-builder-el-1  avia-builder-el-no-sibling  avia-align-center '  itemprop=\"image\" itemscope=\"itemscope\" itemtype=\"https:\/\/schema.org\/ImageObject\"  ><div class='avia-image-container-inner'><div class='avia-image-overlay-wrap'><img decoding=\"async\" class='wp-image-38529 avia-img-lazy-loading-not-38529 avia_image' src=\"https:\/\/radiorevelacionfm.cl\/wp-content\/uploads\/2024\/01\/fiscalia_chile_chico-2-1_optimized.jpg\" alt='' title='fiscalia_chile_chico-(2)-(1)_optimized' height=\"600\" width=\"926\"  itemprop=\"thumbnailUrl\" srcset=\"https:\/\/radiorevelacionfm.cl\/wp-content\/uploads\/2024\/01\/fiscalia_chile_chico-2-1_optimized.jpg 926w, https:\/\/radiorevelacionfm.cl\/wp-content\/uploads\/2024\/01\/fiscalia_chile_chico-2-1_optimized-300x194.jpg 300w, https:\/\/radiorevelacionfm.cl\/wp-content\/uploads\/2024\/01\/fiscalia_chile_chico-2-1_optimized-768x498.jpg 768w, https:\/\/radiorevelacionfm.cl\/wp-content\/uploads\/2024\/01\/fiscalia_chile_chico-2-1_optimized-705x457.jpg 705w, https:\/\/radiorevelacionfm.cl\/wp-content\/uploads\/2024\/01\/fiscalia_chile_chico-2-1_optimized-450x292.jpg 450w, https:\/\/radiorevelacionfm.cl\/wp-content\/uploads\/2024\/01\/fiscalia_chile_chico-2-1_optimized-600x389.jpg 600w\" sizes=\"(max-width: 926px) 100vw, 926px\" \/><\/div><\/div><\/div><\/div><div class=\"flex_column av_one_full  flex_column_div av-zero-column-padding first  avia-builder-el-2  el_after_av_one_full  el_before_av_one_full  column-top-margin\" style='border-radius:0px; '><section class=\"av_textblock_section \"  itemscope=\"itemscope\" itemtype=\"https:\/\/schema.org\/BlogPosting\" itemprop=\"blogPost\" ><div class='avia_textblock  '   itemprop=\"text\" ><h2 class=\"title\" style=\"text-align: center;\"><\/h2>\n<p style=\"text-align: center;\"><span style=\"font-size: 18pt;\"><b>Chile Chico: Fiscal\u00eda logra condena de 9 a\u00f1os de c\u00e1rcel contra imputado por femicidio tentado<\/b><\/span><\/p>\n<div id=\"gtx-trans\" style=\"position: absolute; left: -50px; top: 4.31534px;\">\n<div class=\"gtx-trans-icon\"><\/div>\n<\/div>\n<\/div><\/section><\/div><div class=\"flex_column av_one_full  flex_column_div av-zero-column-padding first  avia-builder-el-4  el_after_av_one_full  el_before_av_hr  column-top-margin\" style='border-radius:0px; '><section class=\"av_textblock_section \"  itemscope=\"itemscope\" itemtype=\"https:\/\/schema.org\/BlogPosting\" itemprop=\"blogPost\" ><div class='avia_textblock  '   itemprop=\"text\" ><p style=\"font-weight: 400; text-align: justify;\">Luego de una investigaci\u00f3n dirigida por la Fiscal\u00eda Local de Chile Chico, fue condenado a la pena de nueve a\u00f1os de presidio mayor en su grado m\u00ednimo un imputado de 27 a\u00f1os, como autor del delito de femicidio tentado cometido en contra de su ex pareja el 20 de febrero de 2023. Las diligencias de investigaci\u00f3n fueron solicitadas por el fiscal Alvaro Sanhueza a Carabineros de la Tercera Comisar\u00eda y peritos del Servicio M\u00e9dico Legal.<\/p>\n<p style=\"font-weight: 400; text-align: justify;\">El sujeto tambi\u00e9n fue sentenciado a la pena de 300 d\u00edas de presidio menor en su grado m\u00ednimo como autor de amenazas condicionales en contexto de violencia intrafamiliar y a la prohibici\u00f3n de acercarse a la v\u00edctima, a su domicilio, lugar de trabajo o estudio, as\u00ed como a cualquier otro lugar al que ella concurra, por el lapso de dos a\u00f1os a contar que el sentenciado recupere su libertad.<\/p>\n<p style=\"font-weight: 400; text-align: justify;\">HECHOS<\/p>\n<p style=\"font-weight: 400; text-align: justify;\">De acuerdo a los hechos acreditados por la Fiscal\u00eda ante el Tribunal de Juicio Oral en lo Penal, el 20 de febrero de 2023, en horas de la tarde al interior del domicilio de la v\u00edctima, el acusado le dijo a su conviviente que la iba a matar, para luego empujarla contra diversos muebles, propinarle golpes y maltratarla. Incluso puso en la cabeza y cuello de la afectada una bolsa de pl\u00e1stico para intentar asfixiarla y ahorcarla, logrando zafar la v\u00edctima de tales acciones.<\/p>\n<p style=\"font-weight: 400; text-align: justify;\">Asimismo, el acusado amenaz\u00f3 de muerte a la v\u00edctima dici\u00e9ndole que, si lo denunciaba o hac\u00eda algo, matar\u00eda a su hijo menor de edad y mientras esto suced\u00eda, ella aprovech\u00f3 de huir hacia el cuartel de Carabineros. Producto de la violencia ejercida por el imputado, la afectada result\u00f3 con diversas lesiones en distintas partes del cuerpo.<\/p>\n<p style=\"font-weight: 400; text-align: justify;\">Al no reunir los requisitos, el sentenciado deber\u00e1 cumplir las condenas impuestas de manera efectiva, las que comenzar\u00e1 a cumplir inmediatamente a continuaci\u00f3n de otra condena a 300 d\u00edas de presidio menor en su grado m\u00ednimo por manejo en estado de ebriedad, impuesta tambi\u00e9n por el Tribunal de Juicio Oral en Lo Penal, la cual se encuentra cumpliendo desde el d\u00eda 21 de noviembre del a\u00f1o reci\u00e9n pasado.<\/p>\n<p style=\"font-weight: 400; text-align: justify;\">En este caso, la Fiscal\u00eda de Chile Chico present\u00f3 en el juicio oral el testimonio de la propia v\u00edctima, quien declar\u00f3 ante los jueces previo apoyo de la Unidad de Atenci\u00f3n a V\u00edctimas y Testigos, Uravit, de la Fiscal\u00eda Regional. Adem\u00e1s, el fiscal Alvaro Sanhueza present\u00f3 en el juicio el testimonio de Carabineros que adoptaron el procedimiento, peritos de Labocar y un m\u00e9dico del Servicio M\u00e9dico Legal que realiz\u00f3 el informe de lesiones, entre otros especialistas que apoyaron las diligencias investigativas.<\/p>\n<\/div><\/section><\/div><div  style='height:50px' class='hr hr-invisible   avia-builder-el-6  el_after_av_one_full  el_before_av_social_share '><span class='hr-inner ' ><span class='hr-inner-style'><\/span><\/span><\/div><\/p>\n<div  class='av-social-sharing-box  avia-builder-el-7  el_after_av_hr  el_before_av_hr  '><div class='av-share-box'><h5 class='av-share-link-description av-no-toc '>Compartir esta noticia<\/h5><ul class='av-share-box-list noLightbox'><li class='av-share-link av-social-link-facebook' ><a target=\"_blank\" aria-label=\"Compartir en Facebook\" href='https:\/\/www.facebook.com\/sharer.php?u=https:\/\/radiorevelacionfm.cl\/?p=38528&#038;t=Chile%20Chico%3A%20Fiscal%C3%ADa%20logra%20condena%20de%209%20a%C3%B1os%20de%20c%C3%A1rcel%20contra%20imputado%20por%20femicidio%20tentado' aria-hidden='false' data-av_icon='\ue8f3' data-av_iconfont='entypo-fontello' title='' data-avia-related-tooltip='Compartir en Facebook' rel=\"noopener\"><span class='avia_hidden_link_text'>Compartir en Facebook<\/span><\/a><\/li><li class='av-share-link av-social-link-twitter' ><a target=\"_blank\" aria-label=\"Compartir en Twitter\" href='https:\/\/twitter.com\/share?text=Chile%20Chico%3A%20Fiscal%C3%ADa%20logra%20condena%20de%209%20a%C3%B1os%20de%20c%C3%A1rcel%20contra%20imputado%20por%20femicidio%20tentado&#038;url=https:\/\/radiorevelacionfm.cl\/?p=38528' aria-hidden='false' data-av_icon='\ue8f1' data-av_iconfont='entypo-fontello' title='' data-avia-related-tooltip='Compartir en Twitter' rel=\"noopener\"><span class='avia_hidden_link_text'>Compartir en Twitter<\/span><\/a><\/li><li class='av-share-link av-social-link-whatsapp' ><a target=\"_blank\" aria-label=\"Compartir en Whatsapp\" href='https:\/\/api.whatsapp.com\/send?text=https:\/\/radiorevelacionfm.cl\/?p=38528' aria-hidden='false' data-av_icon='\uf232' data-av_iconfont='entypo-fontello' title='' data-avia-related-tooltip='Compartir en Whatsapp' rel=\"noopener\"><span class='avia_hidden_link_text'>Compartir en Whatsapp<\/span><\/a><\/li><li class='av-share-link av-social-link-linkedin' ><a target=\"_blank\" aria-label=\"Compartir en LinkedIn\" href='https:\/\/linkedin.com\/shareArticle?mini=true&#038;title=Chile%20Chico%3A%20Fiscal%C3%ADa%20logra%20condena%20de%209%20a%C3%B1os%20de%20c%C3%A1rcel%20contra%20imputado%20por%20femicidio%20tentado&#038;url=https:\/\/radiorevelacionfm.cl\/?p=38528' aria-hidden='false' data-av_icon='\ue8fc' data-av_iconfont='entypo-fontello' title='' data-avia-related-tooltip='Compartir en LinkedIn' rel=\"noopener\"><span class='avia_hidden_link_text'>Compartir en LinkedIn<\/span><\/a><\/li><li class='av-share-link av-social-link-mail' ><a  aria-label=\"Compartir por correo\" href='mailto:?subject=Chile%20Chico%3A%20Fiscal%C3%ADa%20logra%20condena%20de%209%20a%C3%B1os%20de%20c%C3%A1rcel%20contra%20imputado%20por%20femicidio%20tentado&#038;body=https:\/\/radiorevelacionfm.cl\/?p=38528' aria-hidden='false' data-av_icon='\ue805' data-av_iconfont='entypo-fontello' title='' data-avia-related-tooltip='Compartir por correo'><span class='avia_hidden_link_text'>Compartir por correo<\/span><\/a><\/li><\/ul><\/div><\/div>\n<div  style='height:50px' class='hr hr-invisible   avia-builder-el-8  el_after_av_social_share  el_before_av_comments_list '><span class='hr-inner ' ><span class='hr-inner-style'><\/span><\/span><\/div>\n<div  class='av-buildercomment  av-blog-meta-html-info-disabled av-blog-meta-tag-disabled  '><\/div>\n","protected":false},"excerpt":{"rendered":"","protected":false},"author":1,"featured_media":38529,"comment_status":"open","ping_status":"open","sticky":false,"template":"","format":"standard","meta":{"footnotes":""},"categories":[55],"tags":[],"class_list":["post-38528","post","type-post","status-publish","format-standard","has-post-thumbnail","hentry","category-justicia"],"jetpack_featured_media_url":"https:\/\/radiorevelacionfm.cl\/wp-content\/uploads\/2024\/01\/fiscalia_chile_chico-2-1_optimized.jpg","_links":{"self":[{"href":"https:\/\/radiorevelacionfm.cl\/index.php?rest_route=\/wp\/v2\/posts\/38528","targetHints":{"allow":["GET"]}}],"collection":[{"href":"https:\/\/radiorevelacionfm.cl\/index.php?rest_route=\/wp\/v2\/posts"}],"about":[{"href":"https:\/\/radiorevelacionfm.cl\/index.php?rest_route=\/wp\/v2\/types\/post"}],"author":[{"embeddable":true,"href":"https:\/\/radiorevelacionfm.cl\/index.php?rest_route=\/wp\/v2\/users\/1"}],"replies":[{"embeddable":true,"href":"https:\/\/radiorevelacionfm.cl\/index.php?rest_route=%2Fwp%2Fv2%2Fcomments&post=38528"}],"version-history":[{"count":1,"href":"https:\/\/radiorevelacionfm.cl\/index.php?rest_route=\/wp\/v2\/posts\/38528\/revisions"}],"predecessor-version":[{"id":38530,"href":"https:\/\/radiorevelacionfm.cl\/index.php?rest_route=\/wp\/v2\/posts\/38528\/revisions\/38530"}],"wp:featuredmedia":[{"embeddable":true,"href":"https:\/\/radiorevelacionfm.cl\/index.php?rest_route=\/wp\/v2\/media\/38529"}],"wp:attachment":[{"href":"https:\/\/radiorevelacionfm.cl\/index.php?rest_route=%2Fwp%2Fv2%2Fmedia&parent=38528"}],"wp:term":[{"taxonomy":"category","embeddable":true,"href":"https:\/\/radiorevelacionfm.cl\/index.php?rest_route=%2Fwp%2Fv2%2Fcategories&post=38528"},{"taxonomy":"post_tag","embeddable":true,"href":"https:\/\/radiorevelacionfm.cl\/index.php?rest_route=%2Fwp%2Fv2%2Ftags&post=38528"}],"curies":[{"name":"wp","href":"https:\/\/api.w.org\/{rel}","templated":true}]}}