{"id":38523,"date":"2024-01-03T10:09:42","date_gmt":"2024-01-03T13:09:42","guid":{"rendered":"https:\/\/radiorevelacionfm.cl\/?p=38523"},"modified":"2024-01-03T10:09:42","modified_gmt":"2024-01-03T13:09:42","slug":"sandoval-pide-acelerar-procesos-para-asegurar-los-cambios-radicales-que-tiene-que-tener-la-universidad-de-aysen","status":"publish","type":"post","link":"https:\/\/radiorevelacionfm.cl\/?p=38523","title":{"rendered":"Sandoval pide acelerar procesos \u201cpara asegurar los cambios radicales que tiene que tener la Universidad de Ays\u00e9n\u201d"},"content":{"rendered":"<div class=\"flex_column av_one_full  flex_column_div av-zero-column-padding first  avia-builder-el-0  el_before_av_one_full  avia-builder-el-first  \" style='border-radius:0px; '><div  class='avia-image-container  av-styling-    avia-builder-el-1  avia-builder-el-no-sibling  avia-align-center '  itemprop=\"image\" itemscope=\"itemscope\" itemtype=\"https:\/\/schema.org\/ImageObject\"  ><div class='avia-image-container-inner'><div class='avia-image-overlay-wrap'><img decoding=\"async\" class='wp-image-22895 avia-img-lazy-loading-not-22895 avia_image' src=\"https:\/\/radiorevelacionfm.cl\/wp-content\/uploads\/2022\/10\/SENADOR-SANDOVAL-14-1-1.jpg\" alt='' title='SENADOR SANDOVAL (14) (1) (1)' height=\"600\" width=\"750\"  itemprop=\"thumbnailUrl\" srcset=\"https:\/\/radiorevelacionfm.cl\/wp-content\/uploads\/2022\/10\/SENADOR-SANDOVAL-14-1-1.jpg 750w, https:\/\/radiorevelacionfm.cl\/wp-content\/uploads\/2022\/10\/SENADOR-SANDOVAL-14-1-1-300x240.jpg 300w, https:\/\/radiorevelacionfm.cl\/wp-content\/uploads\/2022\/10\/SENADOR-SANDOVAL-14-1-1-705x564.jpg 705w, https:\/\/radiorevelacionfm.cl\/wp-content\/uploads\/2022\/10\/SENADOR-SANDOVAL-14-1-1-600x480.jpg 600w\" sizes=\"(max-width: 750px) 100vw, 750px\" \/><\/div><\/div><\/div><\/div><div class=\"flex_column av_one_full  flex_column_div av-zero-column-padding first  avia-builder-el-2  el_after_av_one_full  el_before_av_one_full  column-top-margin\" style='border-radius:0px; '><section class=\"av_textblock_section \"  itemscope=\"itemscope\" itemtype=\"https:\/\/schema.org\/BlogPosting\" itemprop=\"blogPost\" ><div class='avia_textblock  '   itemprop=\"text\" ><p style=\"text-align: center;\"><strong><span style=\"font-size: 18pt;\">Sandoval pide acelerar procesos \u201cpara asegurar los cambios radicales que tiene que tener la Universidad de Ays\u00e9n\u201d<\/span><\/strong><\/p>\n<div id=\"gtx-trans\" style=\"position: absolute; left: -50px; top: 4.31534px;\">\n<div class=\"gtx-trans-icon\"><\/div>\n<\/div>\n<\/div><\/section><\/div><div class=\"flex_column av_one_full  flex_column_div av-zero-column-padding first  avia-builder-el-4  el_after_av_one_full  el_before_av_hr  column-top-margin\" style='border-radius:0px; '><section class=\"av_textblock_section \"  itemscope=\"itemscope\" itemtype=\"https:\/\/schema.org\/BlogPosting\" itemprop=\"blogPost\" ><div class='avia_textblock  '   itemprop=\"text\" ><p style=\"text-align: justify;\"><em>Se\u00f1al\u00f3 que la Superintendencia de Educaci\u00f3n Superior (SES) tiene en sus manos el futuro de muchos j\u00f3venes de la regi\u00f3n.<\/em><\/p>\n<p style=\"text-align: justify;\">\u201cLa crisis de la universidad de Ays\u00e9n es un hito incuestionable que amerita la toma de decisiones y acciones para la recuperaci\u00f3n integral de este proyecto educacional\u201d. As\u00ed lo se\u00f1al\u00f3 el senador David Sandoval al referirse a la necesidad de concretar prontamente los cambios que permitan enfrentar la crisis de dicha casa de estudios en la regi\u00f3n.<\/p>\n<p style=\"text-align: justify;\">\u201cAqu\u00ed hay que reforzar lo que significa la universidad de Ays\u00e9n\u201d, se\u00f1al\u00f3, agregando que \u201cel riesgo no est\u00e1 en quienes est\u00e1n cumpliendo labores en la universidad, sino que los miles de estudiantes que a trav\u00e9s de sus aulas podr\u00edan ver su futuro mejorado a trav\u00e9s de un proyecto acad\u00e9mico que les asegure calidad, permanencia y que apunte a satisfacer los requerimientos de formaci\u00f3n de educaci\u00f3n superior\u201d.<\/p>\n<p style=\"text-align: justify;\">En esa l\u00ednea, el parlamentario subray\u00f3 que el rol que cumple la Superintendencia de Educaci\u00f3n Superior (SES) es clave, por lo cual llam\u00f3 a acelerar los procesos que est\u00e1 llevando a cabo, a fin de \u201casegurar los cambios radicales que tiene que tener la universidad, partiendo por toda la estructura directiva, donde gran parte de ellos han sido parte involucrada en los conflictos que se est\u00e1 viviendo\u201d<\/p>\n<p style=\"text-align: justify;\">Para Sandoval, la SES \u201ctiene en sus manos el futuro de muchos j\u00f3venes y particularmente de un anhelo de la regi\u00f3n de Ays\u00e9n que por d\u00e9cadas se abrig\u00f3\u201d y que de cierta manera se ha puesto en riesgo \u201cfruto de la irresponsabilidad de algunas administraciones irresponsables\u201d.<\/p>\n<p style=\"text-align: justify;\">Sandoval recalc\u00f3 que este tema hay que resolverlo, m\u00e1s a\u00fan considerando que durante enero se concentra el proceso de postulaciones para la educaci\u00f3n superior tras la publicaci\u00f3n de los resultados de los puntajes PAES. \u201cLa universidad en vez de estar enfatizando en sus conflictos deber\u00eda estar enfatizando en la promoci\u00f3n de las grandes ideas de su proyecto acad\u00e9mico\u201d, concluy\u00f3.<\/p>\n<\/div><\/section><\/div><div  style='height:50px' class='hr hr-invisible   avia-builder-el-6  el_after_av_one_full  el_before_av_social_share '><span class='hr-inner ' ><span class='hr-inner-style'><\/span><\/span><\/div><\/p>\n<div  class='av-social-sharing-box  avia-builder-el-7  el_after_av_hr  el_before_av_hr  '><div class='av-share-box'><h5 class='av-share-link-description av-no-toc '>Compartir esta noticia<\/h5><ul class='av-share-box-list noLightbox'><li class='av-share-link av-social-link-facebook' ><a target=\"_blank\" aria-label=\"Compartir en Facebook\" href='https:\/\/www.facebook.com\/sharer.php?u=https:\/\/radiorevelacionfm.cl\/?p=38523&#038;t=Sandoval%20pide%20acelerar%20procesos%20%E2%80%9Cpara%20asegurar%20los%20cambios%20radicales%20que%20tiene%20que%20tener%20la%20Universidad%20de%20Ays%C3%A9n%E2%80%9D' aria-hidden='false' data-av_icon='\ue8f3' data-av_iconfont='entypo-fontello' title='' data-avia-related-tooltip='Compartir en Facebook' rel=\"noopener\"><span class='avia_hidden_link_text'>Compartir en Facebook<\/span><\/a><\/li><li class='av-share-link av-social-link-twitter' ><a target=\"_blank\" aria-label=\"Compartir en Twitter\" href='https:\/\/twitter.com\/share?text=Sandoval%20pide%20acelerar%20procesos%20%E2%80%9Cpara%20asegurar%20los%20cambios%20radicales%20que%20tiene%20que%20tener%20la%20Universidad%20de%20Ays%C3%A9n%E2%80%9D&#038;url=https:\/\/radiorevelacionfm.cl\/?p=38523' aria-hidden='false' data-av_icon='\ue8f1' data-av_iconfont='entypo-fontello' title='' data-avia-related-tooltip='Compartir en Twitter' rel=\"noopener\"><span class='avia_hidden_link_text'>Compartir en Twitter<\/span><\/a><\/li><li class='av-share-link av-social-link-whatsapp' ><a target=\"_blank\" aria-label=\"Compartir en Whatsapp\" href='https:\/\/api.whatsapp.com\/send?text=https:\/\/radiorevelacionfm.cl\/?p=38523' aria-hidden='false' data-av_icon='\uf232' data-av_iconfont='entypo-fontello' title='' data-avia-related-tooltip='Compartir en Whatsapp' rel=\"noopener\"><span class='avia_hidden_link_text'>Compartir en Whatsapp<\/span><\/a><\/li><li class='av-share-link av-social-link-linkedin' ><a target=\"_blank\" aria-label=\"Compartir en LinkedIn\" href='https:\/\/linkedin.com\/shareArticle?mini=true&#038;title=Sandoval%20pide%20acelerar%20procesos%20%E2%80%9Cpara%20asegurar%20los%20cambios%20radicales%20que%20tiene%20que%20tener%20la%20Universidad%20de%20Ays%C3%A9n%E2%80%9D&#038;url=https:\/\/radiorevelacionfm.cl\/?p=38523' aria-hidden='false' data-av_icon='\ue8fc' data-av_iconfont='entypo-fontello' title='' data-avia-related-tooltip='Compartir en LinkedIn' rel=\"noopener\"><span class='avia_hidden_link_text'>Compartir en LinkedIn<\/span><\/a><\/li><li class='av-share-link av-social-link-mail' ><a  aria-label=\"Compartir por correo\" href='mailto:?subject=Sandoval%20pide%20acelerar%20procesos%20%E2%80%9Cpara%20asegurar%20los%20cambios%20radicales%20que%20tiene%20que%20tener%20la%20Universidad%20de%20Ays%C3%A9n%E2%80%9D&#038;body=https:\/\/radiorevelacionfm.cl\/?p=38523' aria-hidden='false' data-av_icon='\ue805' data-av_iconfont='entypo-fontello' title='' data-avia-related-tooltip='Compartir por correo'><span class='avia_hidden_link_text'>Compartir por correo<\/span><\/a><\/li><\/ul><\/div><\/div>\n<div  style='height:50px' class='hr hr-invisible   avia-builder-el-8  el_after_av_social_share  el_before_av_comments_list '><span class='hr-inner ' ><span class='hr-inner-style'><\/span><\/span><\/div>\n<div  class='av-buildercomment  av-blog-meta-html-info-disabled av-blog-meta-tag-disabled  '><\/div>\n","protected":false},"excerpt":{"rendered":"","protected":false},"author":1,"featured_media":22895,"comment_status":"open","ping_status":"open","sticky":false,"template":"","format":"standard","meta":{"footnotes":""},"categories":[35],"tags":[],"class_list":["post-38523","post","type-post","status-publish","format-standard","has-post-thumbnail","hentry","category-politica"],"jetpack_featured_media_url":"https:\/\/radiorevelacionfm.cl\/wp-content\/uploads\/2022\/10\/SENADOR-SANDOVAL-14-1-1.jpg","_links":{"self":[{"href":"https:\/\/radiorevelacionfm.cl\/index.php?rest_route=\/wp\/v2\/posts\/38523","targetHints":{"allow":["GET"]}}],"collection":[{"href":"https:\/\/radiorevelacionfm.cl\/index.php?rest_route=\/wp\/v2\/posts"}],"about":[{"href":"https:\/\/radiorevelacionfm.cl\/index.php?rest_route=\/wp\/v2\/types\/post"}],"author":[{"embeddable":true,"href":"https:\/\/radiorevelacionfm.cl\/index.php?rest_route=\/wp\/v2\/users\/1"}],"replies":[{"embeddable":true,"href":"https:\/\/radiorevelacionfm.cl\/index.php?rest_route=%2Fwp%2Fv2%2Fcomments&post=38523"}],"version-history":[{"count":1,"href":"https:\/\/radiorevelacionfm.cl\/index.php?rest_route=\/wp\/v2\/posts\/38523\/revisions"}],"predecessor-version":[{"id":38524,"href":"https:\/\/radiorevelacionfm.cl\/index.php?rest_route=\/wp\/v2\/posts\/38523\/revisions\/38524"}],"wp:featuredmedia":[{"embeddable":true,"href":"https:\/\/radiorevelacionfm.cl\/index.php?rest_route=\/wp\/v2\/media\/22895"}],"wp:attachment":[{"href":"https:\/\/radiorevelacionfm.cl\/index.php?rest_route=%2Fwp%2Fv2%2Fmedia&parent=38523"}],"wp:term":[{"taxonomy":"category","embeddable":true,"href":"https:\/\/radiorevelacionfm.cl\/index.php?rest_route=%2Fwp%2Fv2%2Fcategories&post=38523"},{"taxonomy":"post_tag","embeddable":true,"href":"https:\/\/radiorevelacionfm.cl\/index.php?rest_route=%2Fwp%2Fv2%2Ftags&post=38523"}],"curies":[{"name":"wp","href":"https:\/\/api.w.org\/{rel}","templated":true}]}}