{"id":38519,"date":"2024-01-02T18:04:56","date_gmt":"2024-01-02T21:04:56","guid":{"rendered":"https:\/\/radiorevelacionfm.cl\/?p=38519"},"modified":"2024-01-02T18:04:56","modified_gmt":"2024-01-02T21:04:56","slug":"carabineros-refuerza-la-seguridad-en-periodo-estival-y-pone-en-funcionamiento-sistema-modular-movil-en-villa-cerro-castillo","status":"publish","type":"post","link":"https:\/\/radiorevelacionfm.cl\/?p=38519","title":{"rendered":"Carabineros refuerza la seguridad en periodo estival y pone en funcionamiento Sistema Modular M\u00f3vil en Villa Cerro Castillo"},"content":{"rendered":"<div class=\"flex_column av_one_full  flex_column_div av-zero-column-padding first  avia-builder-el-0  el_before_av_one_full  avia-builder-el-first  \" style='border-radius:0px; '><div  class='avia-image-container  av-styling-    avia-builder-el-1  avia-builder-el-no-sibling  avia-align-center '  itemprop=\"image\" itemscope=\"itemscope\" itemtype=\"https:\/\/schema.org\/ImageObject\"  ><div class='avia-image-container-inner'><div class='avia-image-overlay-wrap'><img decoding=\"async\" class='wp-image-38521 avia-img-lazy-loading-not-38521 avia_image' src=\"https:\/\/radiorevelacionfm.cl\/wp-content\/uploads\/2024\/01\/53429933799_9482b43e66_k-1_optimized.jpg\" alt='' title='53429933799_9482b43e66_k-(1)_optimized' height=\"600\" width=\"997\"  itemprop=\"thumbnailUrl\" srcset=\"https:\/\/radiorevelacionfm.cl\/wp-content\/uploads\/2024\/01\/53429933799_9482b43e66_k-1_optimized.jpg 997w, https:\/\/radiorevelacionfm.cl\/wp-content\/uploads\/2024\/01\/53429933799_9482b43e66_k-1_optimized-300x181.jpg 300w, https:\/\/radiorevelacionfm.cl\/wp-content\/uploads\/2024\/01\/53429933799_9482b43e66_k-1_optimized-768x462.jpg 768w, https:\/\/radiorevelacionfm.cl\/wp-content\/uploads\/2024\/01\/53429933799_9482b43e66_k-1_optimized-705x424.jpg 705w, https:\/\/radiorevelacionfm.cl\/wp-content\/uploads\/2024\/01\/53429933799_9482b43e66_k-1_optimized-450x271.jpg 450w, https:\/\/radiorevelacionfm.cl\/wp-content\/uploads\/2024\/01\/53429933799_9482b43e66_k-1_optimized-600x361.jpg 600w\" sizes=\"(max-width: 997px) 100vw, 997px\" \/><\/div><\/div><\/div><\/div><div class=\"flex_column av_one_full  flex_column_div av-zero-column-padding first  avia-builder-el-2  el_after_av_one_full  el_before_av_one_full  column-top-margin\" style='border-radius:0px; '><section class=\"av_textblock_section \"  itemscope=\"itemscope\" itemtype=\"https:\/\/schema.org\/BlogPosting\" itemprop=\"blogPost\" ><div class='avia_textblock  '   itemprop=\"text\" ><p style=\"text-align: center;\"><strong><span style=\"font-size: 18pt;\">Carabineros refuerza la seguridad en periodo estival y pone en funcionamiento Sistema Modular M\u00f3vil en Villa Cerro Castillo<\/span><\/strong><\/p>\n<div id=\"gtx-trans\" style=\"position: absolute; left: -50px; top: 4.31534px;\">\n<div class=\"gtx-trans-icon\"><\/div>\n<\/div>\n<\/div><\/section><\/div><div class=\"flex_column av_one_full  flex_column_div av-zero-column-padding first  avia-builder-el-4  el_after_av_one_full  el_before_av_hr  column-top-margin\" style='border-radius:0px; '><section class=\"av_textblock_section \"  itemscope=\"itemscope\" itemtype=\"https:\/\/schema.org\/BlogPosting\" itemprop=\"blogPost\" ><div class='avia_textblock  '   itemprop=\"text\" ><p style=\"text-align: justify;\" align=\"justify\">Tras una extensa traves\u00eda de m\u00e1s de 1.800 km, Carabineros trajo desde la regi\u00f3n Metropolitana a la regi\u00f3n de Ays\u00e9n Sistema Modular M\u00f3vil, que reforzar\u00e1 el desarrollo de los servicios temporales en Villa Cerro Castillo durante la temporada estival que reci\u00e9n comienza.<\/p>\n<p style=\"text-align: justify;\" align=\"justify\">Gestiones efectuadas por el Mando Zonal, posibilitaron traer a la regi\u00f3n dicha estructura, la cual desde el mes de octubre del a\u00f1o reci\u00e9n pasado sirvi\u00f3 como Comisar\u00eda Temporal durante el desarrollo de los Juegos Panamericanos Santiago 2023.<\/p>\n<p style=\"text-align: justify;\" align=\"justify\">\u00abSe gener\u00f3 la oportunidad, ten\u00edamos la necesidad y gestionamos con la Direcci\u00f3n Nacional de Apoyo a las Operaciones a trav\u00e9s de la Direcci\u00f3n de Log\u00edstica, que ese medio pudiese ser trasladado a la regi\u00f3n. Nos cost\u00f3 much\u00edsimo, fueron m\u00e1s de seis d\u00edas de viaje, barcazas incluido, y nos permiti\u00f3 llegar con esta estaci\u00f3n modular m\u00f3vil a Cerro Castillo\u00bb, expres\u00f3 el Jefe de Zona de Carabineros Ays\u00e9n, General Patricio Santos Poblete.<\/p>\n<p style=\"text-align: justify;\" align=\"justify\"><b>Instalaciones<\/b><\/p>\n<p style=\"text-align: justify;\" align=\"justify\">La estructura de 22 metros de longitud cuenta con una sala para el servicio de guardia y otra para la preparaci\u00f3n del turno se encuentra emplazada en calle Lago Lapparent S\/N frente al cuartel de Bomberos, y posee la tecnolog\u00eda necesaria, empalme el\u00e9ctrico, comunicaciones, conexi\u00f3n a internet y las comodidades para brindar una \u00f3ptima atenci\u00f3n y atender los requerimientos en materia de seguridad a los vecinos de esta tur\u00edstica localidad y de todos quienes requieran de los servicios de Carabineros.<\/p>\n<p style=\"text-align: justify;\" align=\"justify\">\u00abIncorporamos a cinco carabineros especialistas en monta\u00f1a y frontera reci\u00e9n egresados, que van a servir durante este mes y en febrero van a ser reemplazados por otros cinco funcionarios de la misma condici\u00f3n\u00bb, expres\u00f3 el Oficial General.<\/p>\n<p style=\"text-align: justify;\" align=\"justify\">Paralelamente, la Ilustre Municipalidad de R\u00edo Ib\u00e1\u00f1ez dispuso de un inmueble para hospedar a los Carabineros que por primera vez desarrollan servicios en un lugar f\u00edsico en este punto de la regi\u00f3n de Ays\u00e9n.<\/p>\n<p style=\"text-align: justify;\" align=\"justify\"><b>Control en Ruta 7<\/b><\/p>\n<p style=\"text-align: justify;\" align=\"justify\">El Jefe de Zona Ays\u00e9n visit\u00f3 las instalaciones, e imparti\u00f3 instrucciones al personal, quienes han recibido una gran acogida por parte de la comunidad, lo cual ha sido altamente valorado por los carabineros recientemente incorporados en dicho Sistema Modular M\u00f3vil.<\/p>\n<p style=\"text-align: justify;\" align=\"justify\">\u00abLo que ellos van a hacer es mantener un control permanente principalmente en el eje de la Ruta 7, controlando al m\u00e1ximo de veh\u00edculos, turistas que acceden, ya sea de paso hacia otros lugares de tr\u00e1nsito como Catedrales de M\u00e1rmol, Cochrane y el sur de la regi\u00f3n, como tambi\u00e9n a quienes concurran hacia Cerro Castillo o a Puerto Ingeniero Ib\u00e1\u00f1ez\u00bb, precis\u00f3 el General Santos, quien sostuvo que dicha Unidad depende administrativamente de la Tenencia de Puerto Ingeniero Ib\u00e1\u00f1ez (F).<\/p>\n<p style=\"text-align: justify;\" align=\"justify\">\u00abLas personas han valorado de la mejor forma esta medida. Nuestra mirada estrat\u00e9gica de mediano y largo plazo es poder contar con un destacamento permanente, en Cerro Castillo\u00bb.<\/p>\n<p style=\"text-align: justify;\" align=\"justify\">En tal sentido, el General Santos destac\u00f3 las coordinaciones con el Gobierno Regional para financiar una necesidad que es social, como tambi\u00e9n con la Seremi de Bienes Nacionales para ver el terreno para tener el mejor emplazamiento que determine el \u00e9xito de las operaciones en beneficio de la comunidad. \u00abHacia all\u00e1 vamos, por lo pronto, tenemos vigilancia permanente todo este verano\u00bb, adelant\u00f3.<\/p>\n<p style=\"text-align: justify;\" align=\"justify\">Gracias al aporte del Gobierno Regional, Carabineros proyecta la compra de 14 de estas innovaciones log\u00edsticas por 192 millones de pesos de inversi\u00f3n, que apoyar\u00e1n las necesidades de cobertura en pasos fronterizos y zonas rurales que actualmente no tienen permanencia de contingente policial.<\/p>\n<p style=\"text-align: justify;\" align=\"justify\">\u00abVamos a invitar a los \u00f3rganos corresponsables, me refiero a la PDI, al SAG, a CONAF y a todos quienes de alguna forma est\u00e1n vinculados con la seguridad -en todas sus dimensiones- a que puedan tambi\u00e9n -en aquellos d\u00edas (jueves, viernes o s\u00e1bado) y horarios de m\u00e1xima demanda- tener un contingente de ellos en nuestro m\u00f3dulo, con oferta din\u00e1mica, entregando folleter\u00eda de los distintos servicios, haciendo control migratorio de todas personas que concurran ah\u00ed. La seguridad es tarea de todos, estamos convencidos que m\u00e1s control es m\u00e1s prevenci\u00f3n y si todas las instituciones aportan a ese prop\u00f3sito, vamos a entregar mayor seguridad a la comunidad\u00bb, detall\u00f3 el Jefe de Zona Ays\u00e9n.<\/p>\n<\/div><\/section><\/div><div  style='height:50px' class='hr hr-invisible   avia-builder-el-6  el_after_av_one_full  el_before_av_social_share '><span class='hr-inner ' ><span class='hr-inner-style'><\/span><\/span><\/div><\/p>\n<div  class='av-social-sharing-box  avia-builder-el-7  el_after_av_hr  el_before_av_hr  '><div class='av-share-box'><h5 class='av-share-link-description av-no-toc '>Compartir esta noticia<\/h5><ul class='av-share-box-list noLightbox'><li class='av-share-link av-social-link-facebook' ><a target=\"_blank\" aria-label=\"Compartir en Facebook\" href='https:\/\/www.facebook.com\/sharer.php?u=https:\/\/radiorevelacionfm.cl\/?p=38519&#038;t=Carabineros%20refuerza%20la%20seguridad%20en%20periodo%20estival%20y%20pone%20en%20funcionamiento%20Sistema%20Modular%20M%C3%B3vil%20en%20Villa%20Cerro%20Castillo' aria-hidden='false' data-av_icon='\ue8f3' data-av_iconfont='entypo-fontello' title='' data-avia-related-tooltip='Compartir en Facebook' rel=\"noopener\"><span class='avia_hidden_link_text'>Compartir en Facebook<\/span><\/a><\/li><li class='av-share-link av-social-link-twitter' ><a target=\"_blank\" aria-label=\"Compartir en Twitter\" href='https:\/\/twitter.com\/share?text=Carabineros%20refuerza%20la%20seguridad%20en%20periodo%20estival%20y%20pone%20en%20funcionamiento%20Sistema%20Modular%20M%C3%B3vil%20en%20Villa%20Cerro%20Castillo&#038;url=https:\/\/radiorevelacionfm.cl\/?p=38519' aria-hidden='false' data-av_icon='\ue8f1' data-av_iconfont='entypo-fontello' title='' data-avia-related-tooltip='Compartir en Twitter' rel=\"noopener\"><span class='avia_hidden_link_text'>Compartir en Twitter<\/span><\/a><\/li><li class='av-share-link av-social-link-whatsapp' ><a target=\"_blank\" aria-label=\"Compartir en Whatsapp\" href='https:\/\/api.whatsapp.com\/send?text=https:\/\/radiorevelacionfm.cl\/?p=38519' aria-hidden='false' data-av_icon='\uf232' data-av_iconfont='entypo-fontello' title='' data-avia-related-tooltip='Compartir en Whatsapp' rel=\"noopener\"><span class='avia_hidden_link_text'>Compartir en Whatsapp<\/span><\/a><\/li><li class='av-share-link av-social-link-linkedin' ><a target=\"_blank\" aria-label=\"Compartir en LinkedIn\" href='https:\/\/linkedin.com\/shareArticle?mini=true&#038;title=Carabineros%20refuerza%20la%20seguridad%20en%20periodo%20estival%20y%20pone%20en%20funcionamiento%20Sistema%20Modular%20M%C3%B3vil%20en%20Villa%20Cerro%20Castillo&#038;url=https:\/\/radiorevelacionfm.cl\/?p=38519' aria-hidden='false' data-av_icon='\ue8fc' data-av_iconfont='entypo-fontello' title='' data-avia-related-tooltip='Compartir en LinkedIn' rel=\"noopener\"><span class='avia_hidden_link_text'>Compartir en LinkedIn<\/span><\/a><\/li><li class='av-share-link av-social-link-mail' ><a  aria-label=\"Compartir por correo\" href='mailto:?subject=Carabineros%20refuerza%20la%20seguridad%20en%20periodo%20estival%20y%20pone%20en%20funcionamiento%20Sistema%20Modular%20M%C3%B3vil%20en%20Villa%20Cerro%20Castillo&#038;body=https:\/\/radiorevelacionfm.cl\/?p=38519' aria-hidden='false' data-av_icon='\ue805' data-av_iconfont='entypo-fontello' title='' data-avia-related-tooltip='Compartir por correo'><span class='avia_hidden_link_text'>Compartir por correo<\/span><\/a><\/li><\/ul><\/div><\/div>\n<div  style='height:50px' class='hr hr-invisible   avia-builder-el-8  el_after_av_social_share  el_before_av_comments_list '><span class='hr-inner ' ><span class='hr-inner-style'><\/span><\/span><\/div>\n<div  class='av-buildercomment  av-blog-meta-html-info-disabled av-blog-meta-tag-disabled  '><\/div>\n","protected":false},"excerpt":{"rendered":"","protected":false},"author":1,"featured_media":38521,"comment_status":"open","ping_status":"open","sticky":false,"template":"","format":"standard","meta":{"footnotes":""},"categories":[36],"tags":[],"class_list":["post-38519","post","type-post","status-publish","format-standard","has-post-thumbnail","hentry","category-policial"],"jetpack_featured_media_url":"https:\/\/radiorevelacionfm.cl\/wp-content\/uploads\/2024\/01\/53429933799_9482b43e66_k-1_optimized.jpg","_links":{"self":[{"href":"https:\/\/radiorevelacionfm.cl\/index.php?rest_route=\/wp\/v2\/posts\/38519","targetHints":{"allow":["GET"]}}],"collection":[{"href":"https:\/\/radiorevelacionfm.cl\/index.php?rest_route=\/wp\/v2\/posts"}],"about":[{"href":"https:\/\/radiorevelacionfm.cl\/index.php?rest_route=\/wp\/v2\/types\/post"}],"author":[{"embeddable":true,"href":"https:\/\/radiorevelacionfm.cl\/index.php?rest_route=\/wp\/v2\/users\/1"}],"replies":[{"embeddable":true,"href":"https:\/\/radiorevelacionfm.cl\/index.php?rest_route=%2Fwp%2Fv2%2Fcomments&post=38519"}],"version-history":[{"count":1,"href":"https:\/\/radiorevelacionfm.cl\/index.php?rest_route=\/wp\/v2\/posts\/38519\/revisions"}],"predecessor-version":[{"id":38522,"href":"https:\/\/radiorevelacionfm.cl\/index.php?rest_route=\/wp\/v2\/posts\/38519\/revisions\/38522"}],"wp:featuredmedia":[{"embeddable":true,"href":"https:\/\/radiorevelacionfm.cl\/index.php?rest_route=\/wp\/v2\/media\/38521"}],"wp:attachment":[{"href":"https:\/\/radiorevelacionfm.cl\/index.php?rest_route=%2Fwp%2Fv2%2Fmedia&parent=38519"}],"wp:term":[{"taxonomy":"category","embeddable":true,"href":"https:\/\/radiorevelacionfm.cl\/index.php?rest_route=%2Fwp%2Fv2%2Fcategories&post=38519"},{"taxonomy":"post_tag","embeddable":true,"href":"https:\/\/radiorevelacionfm.cl\/index.php?rest_route=%2Fwp%2Fv2%2Ftags&post=38519"}],"curies":[{"name":"wp","href":"https:\/\/api.w.org\/{rel}","templated":true}]}}