{"id":38516,"date":"2024-01-02T18:51:15","date_gmt":"2024-01-02T21:51:15","guid":{"rendered":"https:\/\/radiorevelacionfm.cl\/?p=38516"},"modified":"2024-01-02T19:34:29","modified_gmt":"2024-01-02T22:34:29","slug":"reabren-paso-fronterizo-pampa-alta-para-el-transito-de-vehiculos-y-personas","status":"publish","type":"post","link":"https:\/\/radiorevelacionfm.cl\/?p=38516","title":{"rendered":"Reabren paso fronterizo Pampa Alta para el tr\u00e1nsito de veh\u00edculos y personas"},"content":{"rendered":"<div class=\"flex_column av_one_full  flex_column_div av-zero-column-padding first  avia-builder-el-0  el_before_av_one_full  avia-builder-el-first  \" style='border-radius:0px; '><div  class='avia-image-container  av-styling-    avia-builder-el-1  avia-builder-el-no-sibling  avia-align-center '  itemprop=\"image\" itemscope=\"itemscope\" itemtype=\"https:\/\/schema.org\/ImageObject\"  ><div class='avia-image-container-inner'><div class='avia-image-overlay-wrap'><img decoding=\"async\" class='wp-image-38525 avia-img-lazy-loading-not-38525 avia_image' src=\"https:\/\/radiorevelacionfm.cl\/wp-content\/uploads\/2024\/01\/2-55-1-2.jpeg\" alt='' title='2 (55) (1) (2)' height=\"600\" width=\"800\"  itemprop=\"thumbnailUrl\" srcset=\"https:\/\/radiorevelacionfm.cl\/wp-content\/uploads\/2024\/01\/2-55-1-2.jpeg 800w, https:\/\/radiorevelacionfm.cl\/wp-content\/uploads\/2024\/01\/2-55-1-2-300x225.jpeg 300w, https:\/\/radiorevelacionfm.cl\/wp-content\/uploads\/2024\/01\/2-55-1-2-768x576.jpeg 768w, https:\/\/radiorevelacionfm.cl\/wp-content\/uploads\/2024\/01\/2-55-1-2-705x529.jpeg 705w, https:\/\/radiorevelacionfm.cl\/wp-content\/uploads\/2024\/01\/2-55-1-2-450x338.jpeg 450w, https:\/\/radiorevelacionfm.cl\/wp-content\/uploads\/2024\/01\/2-55-1-2-600x450.jpeg 600w\" sizes=\"(max-width: 800px) 100vw, 800px\" \/><\/div><\/div><\/div><\/div><div class=\"flex_column av_one_full  flex_column_div av-zero-column-padding first  avia-builder-el-2  el_after_av_one_full  el_before_av_one_full  column-top-margin\" style='border-radius:0px; '><section class=\"av_textblock_section \"  itemscope=\"itemscope\" itemtype=\"https:\/\/schema.org\/BlogPosting\" itemprop=\"blogPost\" ><div class='avia_textblock  '   itemprop=\"text\" ><p style=\"text-align: center;\"><strong><span style=\"font-size: 18pt;\">Reabren paso fronterizo Pampa Alta para el tr\u00e1nsito de veh\u00edculos y personas<\/span><\/strong><\/p>\n<div id=\"gtx-trans\" style=\"position: absolute; left: -50px; top: 4.31534px;\">\n<div class=\"gtx-trans-icon\"><\/div>\n<\/div>\n<\/div><\/section><\/div><\/p>\n<div class=\"flex_column av_one_full  flex_column_div av-zero-column-padding first  avia-builder-el-4  el_after_av_one_full  el_before_av_hr  column-top-margin\" style='border-radius:0px; '><section class=\"av_textblock_section \"  itemscope=\"itemscope\" itemtype=\"https:\/\/schema.org\/BlogPosting\" itemprop=\"blogPost\" ><div class='avia_textblock  '   itemprop=\"text\" ><p style=\"font-weight: 400; text-align: justify;\">Desde el 30 de diciembre reci\u00e9n pasado el paso fronterizo Pampa Alta se encuentra nuevamente abierto para el tr\u00e1nsito de veh\u00edculos y personas, tras la decisi\u00f3n del gobierno destinada a facilitar las condiciones de movilidad hacia la Rep\u00fablica Argentina, por parte de los habitantes del sector de \u00d1irehuao.<\/p>\n<p style=\"font-weight: 400; text-align: justify;\">As\u00ed lo expres\u00f3 el delegado regional Rodrigo Araya quien inform\u00f3 que la decisi\u00f3n de reapertura obedece igualmente a la solicitud de las y los vecinos del sector.<\/p>\n<p style=\"font-weight: 400; text-align: justify;\">\u201cQueremos dar una buena noticia y es que se ha reabierto el paso fronterizo Pampa Alta, correspondiente al sector de Ba\u00f1o Nuevo y \u00d1irehuao. Ese paso estaba cerrado desde agosto de este a\u00f1o, por algunas condiciones que hemos mejorado y que hemos coordinado con Carabineros. Por su puesto que Gendarmer\u00eda Nacional Argentina est\u00e1 al tanto y tambi\u00e9n operativa, por lo tanto, este paso est\u00e1 habilitado. Tambi\u00e9n estamos respondiendo as\u00ed a una necesidad de la comunidad local, que nos hab\u00eda hecho llegar la inquietud de abrir este paso que era tan necesario para el intercambio con la naci\u00f3n vecina\u201d, indic\u00f3 la autoridad regional.<\/p>\n<p style=\"font-weight: 400; text-align: justify;\">El paso Pampa Alta est\u00e1 ubicado aproximadamente a 100 Km al este de Coyhaique y su administraci\u00f3n est\u00e1 a cargo de Carabineros de Chile, atendiendo de lunes a domingo de 08:00 a 21:00 horas. Las personas que deseen salir del pa\u00eds por este recinto deben recordar que es obligatorio presentar el salvoconducto que se puede obtener gratuitamente en p\u00e1gina de la Polic\u00eda de Investigaciones\u00a0<a href=\"https:\/\/pdivirtual.cerofilas.gob.cl\/\" data-saferedirecturl=\"https:\/\/www.google.com\/url?q=https:\/\/pdivirtual.cerofilas.gob.cl\/&amp;source=gmail&amp;ust=1704314552068000&amp;usg=AOvVaw1a9fNzCMbwlwgsfVyEb-KN\">https:\/\/pdivirtual.cerofilas.gob.cl\/<\/a>\u00a0as\u00ed como la c\u00e9dula de identidad vigente y en buen estado, adem\u00e1s de los documentos del veh\u00edculo en el caso que corresponda.<\/p>\n<p style=\"font-weight: 400; text-align: justify;\">Desde la Delegaci\u00f3n Presidencial Regional se inform\u00f3 que en la regi\u00f3n de Ays\u00e9n solamente el paso Triana se mantiene cerrado, mientras que todos los dem\u00e1s pasos fronterizos se encuentran funcionando normalmente.<\/p>\n<\/div><\/section><\/div>\n<div  style='height:50px' class='hr hr-invisible   avia-builder-el-6  el_after_av_one_full  el_before_av_social_share '><span class='hr-inner ' ><span class='hr-inner-style'><\/span><\/span><\/div>\n<div  class='av-social-sharing-box  avia-builder-el-7  el_after_av_hr  el_before_av_hr  '><div class='av-share-box'><h5 class='av-share-link-description av-no-toc '>Compartir esta noticia<\/h5><ul class='av-share-box-list noLightbox'><li class='av-share-link av-social-link-facebook' ><a target=\"_blank\" aria-label=\"Compartir en Facebook\" href='https:\/\/www.facebook.com\/sharer.php?u=https:\/\/radiorevelacionfm.cl\/?p=38516&#038;t=Reabren%20paso%20fronterizo%20Pampa%20Alta%20para%20el%20tr%C3%A1nsito%20de%20veh%C3%ADculos%20y%20personas' aria-hidden='false' data-av_icon='\ue8f3' data-av_iconfont='entypo-fontello' title='' data-avia-related-tooltip='Compartir en Facebook' rel=\"noopener\"><span class='avia_hidden_link_text'>Compartir en Facebook<\/span><\/a><\/li><li class='av-share-link av-social-link-twitter' ><a target=\"_blank\" aria-label=\"Compartir en Twitter\" href='https:\/\/twitter.com\/share?text=Reabren%20paso%20fronterizo%20Pampa%20Alta%20para%20el%20tr%C3%A1nsito%20de%20veh%C3%ADculos%20y%20personas&#038;url=https:\/\/radiorevelacionfm.cl\/?p=38516' aria-hidden='false' data-av_icon='\ue8f1' data-av_iconfont='entypo-fontello' title='' data-avia-related-tooltip='Compartir en Twitter' rel=\"noopener\"><span class='avia_hidden_link_text'>Compartir en Twitter<\/span><\/a><\/li><li class='av-share-link av-social-link-whatsapp' ><a target=\"_blank\" aria-label=\"Compartir en Whatsapp\" href='https:\/\/api.whatsapp.com\/send?text=https:\/\/radiorevelacionfm.cl\/?p=38516' aria-hidden='false' data-av_icon='\uf232' data-av_iconfont='entypo-fontello' title='' data-avia-related-tooltip='Compartir en Whatsapp' rel=\"noopener\"><span class='avia_hidden_link_text'>Compartir en Whatsapp<\/span><\/a><\/li><li class='av-share-link av-social-link-linkedin' ><a target=\"_blank\" aria-label=\"Compartir en LinkedIn\" href='https:\/\/linkedin.com\/shareArticle?mini=true&#038;title=Reabren%20paso%20fronterizo%20Pampa%20Alta%20para%20el%20tr%C3%A1nsito%20de%20veh%C3%ADculos%20y%20personas&#038;url=https:\/\/radiorevelacionfm.cl\/?p=38516' aria-hidden='false' data-av_icon='\ue8fc' data-av_iconfont='entypo-fontello' title='' data-avia-related-tooltip='Compartir en LinkedIn' rel=\"noopener\"><span class='avia_hidden_link_text'>Compartir en LinkedIn<\/span><\/a><\/li><li class='av-share-link av-social-link-mail' ><a  aria-label=\"Compartir por correo\" href='mailto:?subject=Reabren%20paso%20fronterizo%20Pampa%20Alta%20para%20el%20tr%C3%A1nsito%20de%20veh%C3%ADculos%20y%20personas&#038;body=https:\/\/radiorevelacionfm.cl\/?p=38516' aria-hidden='false' data-av_icon='\ue805' data-av_iconfont='entypo-fontello' title='' data-avia-related-tooltip='Compartir por correo'><span class='avia_hidden_link_text'>Compartir por correo<\/span><\/a><\/li><\/ul><\/div><\/div>\n<div  style='height:50px' class='hr hr-invisible   avia-builder-el-8  el_after_av_social_share  el_before_av_comments_list '><span class='hr-inner ' ><span class='hr-inner-style'><\/span><\/span><\/div>\n<div  class='av-buildercomment  av-blog-meta-html-info-disabled av-blog-meta-tag-disabled  '><\/div>\n","protected":false},"excerpt":{"rendered":"","protected":false},"author":1,"featured_media":38525,"comment_status":"open","ping_status":"open","sticky":false,"template":"","format":"standard","meta":{"footnotes":""},"categories":[38],"tags":[],"class_list":["post-38516","post","type-post","status-publish","format-standard","has-post-thumbnail","hentry","category-regional"],"jetpack_featured_media_url":"https:\/\/radiorevelacionfm.cl\/wp-content\/uploads\/2024\/01\/2-55-1-2.jpeg","_links":{"self":[{"href":"https:\/\/radiorevelacionfm.cl\/index.php?rest_route=\/wp\/v2\/posts\/38516","targetHints":{"allow":["GET"]}}],"collection":[{"href":"https:\/\/radiorevelacionfm.cl\/index.php?rest_route=\/wp\/v2\/posts"}],"about":[{"href":"https:\/\/radiorevelacionfm.cl\/index.php?rest_route=\/wp\/v2\/types\/post"}],"author":[{"embeddable":true,"href":"https:\/\/radiorevelacionfm.cl\/index.php?rest_route=\/wp\/v2\/users\/1"}],"replies":[{"embeddable":true,"href":"https:\/\/radiorevelacionfm.cl\/index.php?rest_route=%2Fwp%2Fv2%2Fcomments&post=38516"}],"version-history":[{"count":2,"href":"https:\/\/radiorevelacionfm.cl\/index.php?rest_route=\/wp\/v2\/posts\/38516\/revisions"}],"predecessor-version":[{"id":38526,"href":"https:\/\/radiorevelacionfm.cl\/index.php?rest_route=\/wp\/v2\/posts\/38516\/revisions\/38526"}],"wp:featuredmedia":[{"embeddable":true,"href":"https:\/\/radiorevelacionfm.cl\/index.php?rest_route=\/wp\/v2\/media\/38525"}],"wp:attachment":[{"href":"https:\/\/radiorevelacionfm.cl\/index.php?rest_route=%2Fwp%2Fv2%2Fmedia&parent=38516"}],"wp:term":[{"taxonomy":"category","embeddable":true,"href":"https:\/\/radiorevelacionfm.cl\/index.php?rest_route=%2Fwp%2Fv2%2Fcategories&post=38516"},{"taxonomy":"post_tag","embeddable":true,"href":"https:\/\/radiorevelacionfm.cl\/index.php?rest_route=%2Fwp%2Fv2%2Ftags&post=38516"}],"curies":[{"name":"wp","href":"https:\/\/api.w.org\/{rel}","templated":true}]}}