{"id":38511,"date":"2024-01-06T11:13:17","date_gmt":"2024-01-06T14:13:17","guid":{"rendered":"https:\/\/radiorevelacionfm.cl\/?p=38511"},"modified":"2024-01-06T11:13:17","modified_gmt":"2024-01-06T14:13:17","slug":"gobierno-anuncia-puesta-en-marcha-ley-de-royalty-minero","status":"publish","type":"post","link":"https:\/\/radiorevelacionfm.cl\/?p=38511","title":{"rendered":"Gobierno anuncia puesta en marcha Ley de Royalty Minero"},"content":{"rendered":"<div class=\"flex_column av_one_full  flex_column_div av-zero-column-padding first  avia-builder-el-0  el_before_av_one_full  avia-builder-el-first  \" style='border-radius:0px; '><div  class='avia-image-container  av-styling-    avia-builder-el-1  avia-builder-el-no-sibling  avia-align-center '  itemprop=\"image\" itemscope=\"itemscope\" itemtype=\"https:\/\/schema.org\/ImageObject\"  ><div class='avia-image-container-inner'><div class='avia-image-overlay-wrap'><img decoding=\"async\" class='wp-image-38514 avia-img-lazy-loading-not-38514 avia_image' src=\"https:\/\/radiorevelacionfm.cl\/wp-content\/uploads\/2024\/01\/royalty-mineros-2021-620x403-1_optimized.jpg\" alt='' title='royalty-mineros-2021-620x403-(1)_optimized' height=\"600\" width=\"923\"  itemprop=\"thumbnailUrl\" srcset=\"https:\/\/radiorevelacionfm.cl\/wp-content\/uploads\/2024\/01\/royalty-mineros-2021-620x403-1_optimized.jpg 923w, https:\/\/radiorevelacionfm.cl\/wp-content\/uploads\/2024\/01\/royalty-mineros-2021-620x403-1_optimized-300x195.jpg 300w, https:\/\/radiorevelacionfm.cl\/wp-content\/uploads\/2024\/01\/royalty-mineros-2021-620x403-1_optimized-768x499.jpg 768w, https:\/\/radiorevelacionfm.cl\/wp-content\/uploads\/2024\/01\/royalty-mineros-2021-620x403-1_optimized-705x458.jpg 705w, https:\/\/radiorevelacionfm.cl\/wp-content\/uploads\/2024\/01\/royalty-mineros-2021-620x403-1_optimized-450x293.jpg 450w, https:\/\/radiorevelacionfm.cl\/wp-content\/uploads\/2024\/01\/royalty-mineros-2021-620x403-1_optimized-600x390.jpg 600w\" sizes=\"(max-width: 923px) 100vw, 923px\" \/><\/div><\/div><\/div><\/div><div class=\"flex_column av_one_full  flex_column_div av-zero-column-padding first  avia-builder-el-2  el_after_av_one_full  el_before_av_one_full  column-top-margin\" style='border-radius:0px; '><section class=\"av_textblock_section \"  itemscope=\"itemscope\" itemtype=\"https:\/\/schema.org\/BlogPosting\" itemprop=\"blogPost\" ><div class='avia_textblock  '   itemprop=\"text\" ><p style=\"text-align: center;\"><span style=\"font-size: 18pt;\"><strong>Gobierno anuncia puesta en marcha Ley de Royalty Minero<\/strong><\/span><\/p>\n<div id=\"gtx-trans\" style=\"position: absolute; left: -50px; top: 4.31534px;\">\n<div class=\"gtx-trans-icon\"><\/div>\n<\/div>\n<\/div><\/section><\/div><\/p>\n<div class=\"flex_column av_one_full  flex_column_div av-zero-column-padding first  avia-builder-el-4  el_after_av_one_full  el_before_av_hr  column-top-margin\" style='border-radius:0px; '><section class=\"av_textblock_section \"  itemscope=\"itemscope\" itemtype=\"https:\/\/schema.org\/BlogPosting\" itemprop=\"blogPost\" ><div class='avia_textblock  '   itemprop=\"text\" ><p style=\"text-align: justify;\">Este 1 de enero entr\u00f3 en vigencia la Ley de Royalty Minero, que busca aumentar la carga tributaria de aquellas compa\u00f1\u00edas mineras que se dedican a la explotaci\u00f3n de cobre, cuyas ganancias provengan en m\u00e1s de un 50% de la explotaci\u00f3n de estos recursos y con una producci\u00f3n mayor a 50.000 toneladas m\u00e9tricas de cobre fino (TMCF) al a\u00f1o.<\/p>\n<p style=\"text-align: justify;\">La iniciativa, impulsada por el Gobierno de Chile y apoyada transversalmente por la mayor\u00eda de los sectores pol\u00edticos, comienza su recaudaci\u00f3n, donde su principal objetivo es utilizar los recursos de la gran miner\u00eda para potenciar las regiones y comunas m\u00e1s vulnerables. Esta recaudaci\u00f3n contempla la creaci\u00f3n de tres fondos, el primero en beneficio de las comunas mineras donde existe presencia de la miner\u00eda del cobre, otro fondo para la equidad territorial que beneficiar\u00e1 a las comunas m\u00e1s vulnerables y que presentan una mayor dependencia al Fondo Com\u00fan Municipal, y un fondo para el desarrollo regional, que est\u00e1 dirigido a todos los gobiernos regionales, con el objetivo de financiar planes y programas que fomenten proyectos de inversi\u00f3n de desarrollo regional y que promuevan la inversi\u00f3n cient\u00edfica y tecnol\u00f3gica.<\/p>\n<p style=\"text-align: justify;\">Juan V\u00e1squez Alarc\u00f3n, Seremi de Miner\u00eda destac\u00f3: \u201ctenemos razones de iniciar este a\u00f1o con buenas noticias para los vecinos y vecinas de los distintas comunas de nuestra querida regi\u00f3n. Estamos muy contentos, puesto que somos part\u00edcipes de un hito significativo para la descentralizaci\u00f3n del pa\u00eds, como Gobierno del Presidente Gabriel Boric hemos puesto en marcha la Ley de Royalty Minero vigente desde el 1 de enero de 2024. Este royalty, m\u00e1s que un impuesto, es un derecho que garantiza una justa compensaci\u00f3n por la explotaci\u00f3n de recursos no renovables; los beneficios alcanzar\u00e1n a todos los chilenos, gestionados con transparencia por el Estado para promover la anhelada justicia territorial, con miras a fortalecer la autonom\u00eda econ\u00f3mica, se implementar\u00e1n acciones concretas que estimulen la productividad en los diferentes territorios. En el caso de nuestra regi\u00f3n de Ays\u00e9n, y recordando que las necesidades son infinitas y recursos limitados, contaremos\u00a0 con un aporte regional que asciende a $11 mil millones de pesos, distribuidos entre los 10 municipios a trav\u00e9s del\u00a0 fondo com\u00fan municipal y se espera impulsar el desarrollo local a partir del 2025, los que ser\u00e1n fundamentales para fomentar el crecimiento econ\u00f3mico, abordar desaf\u00edos sociales y generar empleo, dinamizando as\u00ed los sectores productivos locales\u201d.<\/p>\n<p style=\"text-align: justify;\">Con la recaudaci\u00f3n de esta nueva Ley de Royalty Minero se busca, a partir del a\u00f1o 2025, que las regiones tengan mayor autonom\u00eda y que los recursos que genera la gran miner\u00eda retornen de manera importante a las localidades de origen, promoviendo la inversi\u00f3n, el desarrollo y una mejor calidad de vida para las familias.<\/p>\n<p style=\"text-align: justify;\">\u201cDesde la regi\u00f3n de Ays\u00e9n, valoramos muy positivamente la entrada en vigor de esta nueva Ley de Royalty Minero y relevamos la importancia de que lo recaudado ir\u00e1 en directo beneficio de los gobiernos regionales y municipalidades, impulsando as\u00ed el desarrollo productivo de las regiones y comunas en todo el pa\u00eds, lo cual se realizar\u00e1 a trav\u00e9s del Fondo Regional para la Productividad y el Desarrollo -que contar\u00e1 con US$225 millones- de los cuales US$ 55 millones se destinar\u00e1n para apoyar a las comunas mineras, y US$ 170 millones de d\u00f3lares ir\u00e1n a un\u00a0Fondo de Apoyo para la Equidad Territorial\u201d asever\u00f3 la seremi de Gobierno de Ays\u00e9n, Tatiana Pl\u00e1 \u00c1lvarez.<\/p>\n<p style=\"text-align: justify;\">En la regi\u00f3n de Ays\u00e9n, se beneficiar\u00e1 a las 10 comunas donde se asignar\u00e1n, aproximadamente, $11 mil millones, desde La Junta hasta Villa O\u2019Higgins, aportando de esta manera a la descentralizaci\u00f3n fiscal y equidad territorial a trav\u00e9s del Fondo para la Equidad Territorial y el Fondo para el Desarrollo Regional.<\/p>\n<\/div><\/section><\/div>\n<div  style='height:50px' class='hr hr-invisible   avia-builder-el-6  el_after_av_one_full  el_before_av_social_share '><span class='hr-inner ' ><span class='hr-inner-style'><\/span><\/span><\/div>\n<div  class='av-social-sharing-box  avia-builder-el-7  el_after_av_hr  el_before_av_hr  '><div class='av-share-box'><h5 class='av-share-link-description av-no-toc '>Compartir esta noticia<\/h5><ul class='av-share-box-list noLightbox'><li class='av-share-link av-social-link-facebook' ><a target=\"_blank\" aria-label=\"Compartir en Facebook\" href='https:\/\/www.facebook.com\/sharer.php?u=https:\/\/radiorevelacionfm.cl\/?p=38511&#038;t=Gobierno%20anuncia%20puesta%20en%20marcha%20Ley%20de%20Royalty%20Minero' aria-hidden='false' data-av_icon='\ue8f3' data-av_iconfont='entypo-fontello' title='' data-avia-related-tooltip='Compartir en Facebook' rel=\"noopener\"><span class='avia_hidden_link_text'>Compartir en Facebook<\/span><\/a><\/li><li class='av-share-link av-social-link-twitter' ><a target=\"_blank\" aria-label=\"Compartir en Twitter\" href='https:\/\/twitter.com\/share?text=Gobierno%20anuncia%20puesta%20en%20marcha%20Ley%20de%20Royalty%20Minero&#038;url=https:\/\/radiorevelacionfm.cl\/?p=38511' aria-hidden='false' data-av_icon='\ue8f1' data-av_iconfont='entypo-fontello' title='' data-avia-related-tooltip='Compartir en Twitter' rel=\"noopener\"><span class='avia_hidden_link_text'>Compartir en Twitter<\/span><\/a><\/li><li class='av-share-link av-social-link-whatsapp' ><a target=\"_blank\" aria-label=\"Compartir en Whatsapp\" href='https:\/\/api.whatsapp.com\/send?text=https:\/\/radiorevelacionfm.cl\/?p=38511' aria-hidden='false' data-av_icon='\uf232' data-av_iconfont='entypo-fontello' title='' data-avia-related-tooltip='Compartir en Whatsapp' rel=\"noopener\"><span class='avia_hidden_link_text'>Compartir en Whatsapp<\/span><\/a><\/li><li class='av-share-link av-social-link-linkedin' ><a target=\"_blank\" aria-label=\"Compartir en LinkedIn\" href='https:\/\/linkedin.com\/shareArticle?mini=true&#038;title=Gobierno%20anuncia%20puesta%20en%20marcha%20Ley%20de%20Royalty%20Minero&#038;url=https:\/\/radiorevelacionfm.cl\/?p=38511' aria-hidden='false' data-av_icon='\ue8fc' data-av_iconfont='entypo-fontello' title='' data-avia-related-tooltip='Compartir en LinkedIn' rel=\"noopener\"><span class='avia_hidden_link_text'>Compartir en LinkedIn<\/span><\/a><\/li><li class='av-share-link av-social-link-mail' ><a  aria-label=\"Compartir por correo\" href='mailto:?subject=Gobierno%20anuncia%20puesta%20en%20marcha%20Ley%20de%20Royalty%20Minero&#038;body=https:\/\/radiorevelacionfm.cl\/?p=38511' aria-hidden='false' data-av_icon='\ue805' data-av_iconfont='entypo-fontello' title='' data-avia-related-tooltip='Compartir por correo'><span class='avia_hidden_link_text'>Compartir por correo<\/span><\/a><\/li><\/ul><\/div><\/div>\n<div  style='height:50px' class='hr hr-invisible   avia-builder-el-8  el_after_av_social_share  el_before_av_comments_list '><span class='hr-inner ' ><span class='hr-inner-style'><\/span><\/span><\/div>\n<div  class='av-buildercomment  av-blog-meta-html-info-disabled av-blog-meta-tag-disabled  '><\/div>\n","protected":false},"excerpt":{"rendered":"","protected":false},"author":1,"featured_media":38514,"comment_status":"open","ping_status":"open","sticky":false,"template":"","format":"standard","meta":{"footnotes":""},"categories":[61],"tags":[],"class_list":["post-38511","post","type-post","status-publish","format-standard","has-post-thumbnail","hentry","category-nacional"],"jetpack_featured_media_url":"https:\/\/radiorevelacionfm.cl\/wp-content\/uploads\/2024\/01\/royalty-mineros-2021-620x403-1_optimized.jpg","_links":{"self":[{"href":"https:\/\/radiorevelacionfm.cl\/index.php?rest_route=\/wp\/v2\/posts\/38511","targetHints":{"allow":["GET"]}}],"collection":[{"href":"https:\/\/radiorevelacionfm.cl\/index.php?rest_route=\/wp\/v2\/posts"}],"about":[{"href":"https:\/\/radiorevelacionfm.cl\/index.php?rest_route=\/wp\/v2\/types\/post"}],"author":[{"embeddable":true,"href":"https:\/\/radiorevelacionfm.cl\/index.php?rest_route=\/wp\/v2\/users\/1"}],"replies":[{"embeddable":true,"href":"https:\/\/radiorevelacionfm.cl\/index.php?rest_route=%2Fwp%2Fv2%2Fcomments&post=38511"}],"version-history":[{"count":2,"href":"https:\/\/radiorevelacionfm.cl\/index.php?rest_route=\/wp\/v2\/posts\/38511\/revisions"}],"predecessor-version":[{"id":38515,"href":"https:\/\/radiorevelacionfm.cl\/index.php?rest_route=\/wp\/v2\/posts\/38511\/revisions\/38515"}],"wp:featuredmedia":[{"embeddable":true,"href":"https:\/\/radiorevelacionfm.cl\/index.php?rest_route=\/wp\/v2\/media\/38514"}],"wp:attachment":[{"href":"https:\/\/radiorevelacionfm.cl\/index.php?rest_route=%2Fwp%2Fv2%2Fmedia&parent=38511"}],"wp:term":[{"taxonomy":"category","embeddable":true,"href":"https:\/\/radiorevelacionfm.cl\/index.php?rest_route=%2Fwp%2Fv2%2Fcategories&post=38511"},{"taxonomy":"post_tag","embeddable":true,"href":"https:\/\/radiorevelacionfm.cl\/index.php?rest_route=%2Fwp%2Fv2%2Ftags&post=38511"}],"curies":[{"name":"wp","href":"https:\/\/api.w.org\/{rel}","templated":true}]}}