{"id":3850,"date":"2021-05-05T22:28:38","date_gmt":"2021-05-06T01:28:38","guid":{"rendered":"https:\/\/radiorevelacionfm.cl\/?p=3850"},"modified":"2021-05-05T22:28:38","modified_gmt":"2021-05-06T01:28:38","slug":"carabineros-y-fiscalia-indagan-caida-de-vehiculo-en-puyuhuapi-en-su-interior-se-encontro-un-cuerpo-sin-vida","status":"publish","type":"post","link":"https:\/\/radiorevelacionfm.cl\/?p=3850","title":{"rendered":"Carabineros y Fiscal\u00eda indagan ca\u00edda de veh\u00edculo en Puyuhuapi, en su interior se encontr\u00f3 un cuerpo sin vida"},"content":{"rendered":"<div class=\"flex_column av_one_full  flex_column_div av-zero-column-padding first  avia-builder-el-0  el_before_av_one_full  avia-builder-el-first  \" style='border-radius:0px; '><div  class='avia-image-container  av-styling-    avia-builder-el-1  avia-builder-el-no-sibling  avia-align-center '  itemprop=\"image\" itemscope=\"itemscope\" itemtype=\"https:\/\/schema.org\/ImageObject\"  ><div class='avia-image-container-inner'><div class='avia-image-overlay-wrap'><img decoding=\"async\" class='wp-image-3851 avia-img-lazy-loading-not-3851 avia_image' src=\"https:\/\/radiorevelacionfm.cl\/wp-content\/uploads\/2021\/05\/Accidente-P-1.jpg\" alt='' title='Accidente-P (1)' height=\"638\" width=\"670\"  itemprop=\"thumbnailUrl\" srcset=\"https:\/\/radiorevelacionfm.cl\/wp-content\/uploads\/2021\/05\/Accidente-P-1.jpg 670w, https:\/\/radiorevelacionfm.cl\/wp-content\/uploads\/2021\/05\/Accidente-P-1-300x286.jpg 300w, https:\/\/radiorevelacionfm.cl\/wp-content\/uploads\/2021\/05\/Accidente-P-1-600x571.jpg 600w\" sizes=\"(max-width: 670px) 100vw, 670px\" \/><\/div><\/div><\/div><\/div><div class=\"flex_column av_one_full  flex_column_div av-zero-column-padding first  avia-builder-el-2  el_after_av_one_full  el_before_av_one_full  column-top-margin\" style='border-radius:0px; '><section class=\"av_textblock_section \"  itemscope=\"itemscope\" itemtype=\"https:\/\/schema.org\/BlogPosting\" itemprop=\"blogPost\" ><div class='avia_textblock  '   itemprop=\"text\" ><p style=\"text-align: center;\"><span style=\"font-size: 18pt;\"><strong>Carabineros y Fiscal\u00eda indagan ca\u00edda de veh\u00edculo en Puyuhuapi, en su interior se encontr\u00f3 un cuerpo sin vida<\/strong><\/span><\/p>\n<div id=\"gtx-trans\" style=\"position: absolute; left: -50px; top: 4.31534px;\">\n<div class=\"gtx-trans-icon\"><\/div>\n<\/div>\n<\/div><\/section><\/div><div class=\"flex_column av_one_full  flex_column_div av-zero-column-padding first  avia-builder-el-4  el_after_av_one_full  el_before_av_hr  column-top-margin\" style='border-radius:0px; '><section class=\"av_textblock_section \"  itemscope=\"itemscope\" itemtype=\"https:\/\/schema.org\/BlogPosting\" itemprop=\"blogPost\" ><div class='avia_textblock  '   itemprop=\"text\" ><p class=\"v1MsoNormal\" style=\"text-align: justify;\">El lamentable hallazgo de un cuerpo sin vida al interior de un veh\u00edculo encontrado sumergido en las aguas del canal Puyuhuapi, motiv\u00f3 esta tarde la concurrencia al lugar de diversos equipos especializados por parte de Carabineros con la finalidad de desarrollar las diligencias investigativas que son desarrolladas en coordinaci\u00f3n con la Fiscal\u00eda.<\/p>\n<p class=\"v1MsoNormal\" style=\"text-align: justify;\">Al respecto el Teniente Jaime Esparza, Subcomisario de los Servicios de la Segunda Comisar\u00eda de Puerto Ays\u00e9n indic\u00f3 que en horas de esta ma\u00f1ana, particulares se comunicaron con Carabineros del Ret\u00e9n Puyuhuapi dando cuenta de la presencia de un veh\u00edculo que \u2013por causas que son materia de investigaci\u00f3n- hab\u00eda ca\u00eddo al mar en el sector Las Toninas, situado a la altura del km. 415 de la Carretera Austral.<\/p>\n<p class=\"v1MsoNormal\" style=\"text-align: justify;\">\u00abCarabineros del Ret\u00e9n Puyuhuapi se constituy\u00f3 en el lugar junto a Bomberos, logrando sacar -desde el interior de una camioneta marca Ssangyong color negro- un cuerpo sin vida de una persona adulta que corresponder\u00eda a un var\u00f3n de unos 25 a\u00f1os de edad aproximadamente\u00bb, indic\u00f3.<\/p>\n<p class=\"v1MsoNormal\" style=\"text-align: justify;\">En coordinaci\u00f3n con la Fiscal\u00eda, se traslad\u00f3 al sector personal del Laboratorio de Criminal\u00edstica de Carabineros (Labocar), la Secci\u00f3n de Investigaci\u00f3n de Accidentes del Tr\u00e1nsito (SIAT), el Grupo de Operaciones Policiales Especiales (GOPE) y la Secci\u00f3n de Investigaci\u00f3n Policial (S.I.P) con la finalidad de realizar labores de su especialidad para lo que es el rescate y peritajes pertinentes, orientados a establecer la identificar de la persona y descartar que existen o no otras personas involucradas.<\/p>\n<p class=\"v1MsoNormal\" style=\"text-align: justify;\">Asimismo el Teniente Esparza indic\u00f3 que la Carretera Austral en este tramo norte de la regi\u00f3n, es una ruta compleja, dada la abundante presencia de curvas, sumado a la existencia de tramos en los que se desarrollan trabajos para su pavimentaci\u00f3n.<\/p>\n<p class=\"v1MsoNormal\" style=\"text-align: justify;\">\u00abLa recomendaci\u00f3n a quienes transitan por el lugar es a hacerlo con la m\u00e1xima precauci\u00f3n, respetando las normas de tr\u00e1nsito y por sobretodo anteponer su seguridad y la de otros conductores que transitan por el lugar para no exponerse a este tipo de accidentes\u00bb, detall\u00f3.<\/p>\n<\/div><\/section><\/div><div  style='height:50px' class='hr hr-invisible   avia-builder-el-6  el_after_av_one_full  el_before_av_social_share '><span class='hr-inner ' ><span class='hr-inner-style'><\/span><\/span><\/div><\/p>\n<div  class='av-social-sharing-box  avia-builder-el-7  el_after_av_hr  el_before_av_hr  '><div class='av-share-box'><h5 class='av-share-link-description av-no-toc '>Compartir esta noticia<\/h5><ul class='av-share-box-list noLightbox'><li class='av-share-link av-social-link-facebook' ><a target=\"_blank\" aria-label=\"Compartir en Facebook\" href='https:\/\/www.facebook.com\/sharer.php?u=https:\/\/radiorevelacionfm.cl\/?p=3850&#038;t=Carabineros%20y%20Fiscal%C3%ADa%20indagan%20ca%C3%ADda%20de%20veh%C3%ADculo%20en%20Puyuhuapi%2C%20en%20su%20interior%20se%20encontr%C3%B3%20un%20cuerpo%20sin%20vida' aria-hidden='false' data-av_icon='\ue8f3' data-av_iconfont='entypo-fontello' title='' data-avia-related-tooltip='Compartir en Facebook' rel=\"noopener\"><span class='avia_hidden_link_text'>Compartir en Facebook<\/span><\/a><\/li><li class='av-share-link av-social-link-twitter' ><a target=\"_blank\" aria-label=\"Compartir en Twitter\" href='https:\/\/twitter.com\/share?text=Carabineros%20y%20Fiscal%C3%ADa%20indagan%20ca%C3%ADda%20de%20veh%C3%ADculo%20en%20Puyuhuapi%2C%20en%20su%20interior%20se%20encontr%C3%B3%20un%20cuerpo%20sin%20vida&#038;url=https:\/\/radiorevelacionfm.cl\/?p=3850' aria-hidden='false' data-av_icon='\ue8f1' data-av_iconfont='entypo-fontello' title='' data-avia-related-tooltip='Compartir en Twitter' rel=\"noopener\"><span class='avia_hidden_link_text'>Compartir en Twitter<\/span><\/a><\/li><li class='av-share-link av-social-link-whatsapp' ><a target=\"_blank\" aria-label=\"Compartir en Whatsapp\" href='https:\/\/api.whatsapp.com\/send?text=https:\/\/radiorevelacionfm.cl\/?p=3850' aria-hidden='false' data-av_icon='\uf232' data-av_iconfont='entypo-fontello' title='' data-avia-related-tooltip='Compartir en Whatsapp' rel=\"noopener\"><span class='avia_hidden_link_text'>Compartir en Whatsapp<\/span><\/a><\/li><li class='av-share-link av-social-link-linkedin' ><a target=\"_blank\" aria-label=\"Compartir en LinkedIn\" href='https:\/\/linkedin.com\/shareArticle?mini=true&#038;title=Carabineros%20y%20Fiscal%C3%ADa%20indagan%20ca%C3%ADda%20de%20veh%C3%ADculo%20en%20Puyuhuapi%2C%20en%20su%20interior%20se%20encontr%C3%B3%20un%20cuerpo%20sin%20vida&#038;url=https:\/\/radiorevelacionfm.cl\/?p=3850' aria-hidden='false' data-av_icon='\ue8fc' data-av_iconfont='entypo-fontello' title='' data-avia-related-tooltip='Compartir en LinkedIn' rel=\"noopener\"><span class='avia_hidden_link_text'>Compartir en LinkedIn<\/span><\/a><\/li><li class='av-share-link av-social-link-mail' ><a  aria-label=\"Compartir por correo\" href='mailto:?subject=Carabineros%20y%20Fiscal%C3%ADa%20indagan%20ca%C3%ADda%20de%20veh%C3%ADculo%20en%20Puyuhuapi%2C%20en%20su%20interior%20se%20encontr%C3%B3%20un%20cuerpo%20sin%20vida&#038;body=https:\/\/radiorevelacionfm.cl\/?p=3850' aria-hidden='false' data-av_icon='\ue805' data-av_iconfont='entypo-fontello' title='' data-avia-related-tooltip='Compartir por correo'><span class='avia_hidden_link_text'>Compartir por correo<\/span><\/a><\/li><\/ul><\/div><\/div>\n<div  style='height:50px' class='hr hr-invisible   avia-builder-el-8  el_after_av_social_share  el_before_av_comments_list '><span class='hr-inner ' ><span class='hr-inner-style'><\/span><\/span><\/div>\n<div  class='av-buildercomment  av-blog-meta-html-info-disabled av-blog-meta-tag-disabled  '><\/div>\n","protected":false},"excerpt":{"rendered":"","protected":false},"author":1,"featured_media":3851,"comment_status":"open","ping_status":"open","sticky":false,"template":"","format":"standard","meta":{"footnotes":""},"categories":[36],"tags":[],"class_list":["post-3850","post","type-post","status-publish","format-standard","has-post-thumbnail","hentry","category-policial"],"jetpack_featured_media_url":"https:\/\/radiorevelacionfm.cl\/wp-content\/uploads\/2021\/05\/Accidente-P-1.jpg","_links":{"self":[{"href":"https:\/\/radiorevelacionfm.cl\/index.php?rest_route=\/wp\/v2\/posts\/3850","targetHints":{"allow":["GET"]}}],"collection":[{"href":"https:\/\/radiorevelacionfm.cl\/index.php?rest_route=\/wp\/v2\/posts"}],"about":[{"href":"https:\/\/radiorevelacionfm.cl\/index.php?rest_route=\/wp\/v2\/types\/post"}],"author":[{"embeddable":true,"href":"https:\/\/radiorevelacionfm.cl\/index.php?rest_route=\/wp\/v2\/users\/1"}],"replies":[{"embeddable":true,"href":"https:\/\/radiorevelacionfm.cl\/index.php?rest_route=%2Fwp%2Fv2%2Fcomments&post=3850"}],"version-history":[{"count":1,"href":"https:\/\/radiorevelacionfm.cl\/index.php?rest_route=\/wp\/v2\/posts\/3850\/revisions"}],"predecessor-version":[{"id":3852,"href":"https:\/\/radiorevelacionfm.cl\/index.php?rest_route=\/wp\/v2\/posts\/3850\/revisions\/3852"}],"wp:featuredmedia":[{"embeddable":true,"href":"https:\/\/radiorevelacionfm.cl\/index.php?rest_route=\/wp\/v2\/media\/3851"}],"wp:attachment":[{"href":"https:\/\/radiorevelacionfm.cl\/index.php?rest_route=%2Fwp%2Fv2%2Fmedia&parent=3850"}],"wp:term":[{"taxonomy":"category","embeddable":true,"href":"https:\/\/radiorevelacionfm.cl\/index.php?rest_route=%2Fwp%2Fv2%2Fcategories&post=3850"},{"taxonomy":"post_tag","embeddable":true,"href":"https:\/\/radiorevelacionfm.cl\/index.php?rest_route=%2Fwp%2Fv2%2Ftags&post=3850"}],"curies":[{"name":"wp","href":"https:\/\/api.w.org\/{rel}","templated":true}]}}