{"id":38441,"date":"2023-12-30T10:43:17","date_gmt":"2023-12-30T13:43:17","guid":{"rendered":"https:\/\/radiorevelacionfm.cl\/?p=38441"},"modified":"2023-12-30T10:46:18","modified_gmt":"2023-12-30T13:46:18","slug":"guaitecas-inicia-la-elaboracion-del-plan-de-desarrollo-turistico-comunal","status":"publish","type":"post","link":"https:\/\/radiorevelacionfm.cl\/?p=38441","title":{"rendered":"Guaitecas inicia la elaboraci\u00f3n del Plan de Desarrollo Tur\u00edstico Comunal"},"content":{"rendered":"<div class=\"flex_column av_one_full  flex_column_div av-zero-column-padding first  avia-builder-el-0  el_before_av_one_full  avia-builder-el-first  \" style='border-radius:0px; '><div  class='avia-image-container  av-styling-    avia-builder-el-1  avia-builder-el-no-sibling  avia-align-center '  itemprop=\"image\" itemscope=\"itemscope\" itemtype=\"https:\/\/schema.org\/ImageObject\"  ><div class='avia-image-container-inner'><div class='avia-image-overlay-wrap'><img decoding=\"async\" class='wp-image-38442 avia-img-lazy-loading-not-38442 avia_image' src=\"https:\/\/radiorevelacionfm.cl\/wp-content\/uploads\/2023\/12\/658d9aca1c71a_890x533-1-1.jpg\" alt='' title='658d9aca1c71a_890x533 (1) (1)' height=\"600\" width=\"1019\"  itemprop=\"thumbnailUrl\" srcset=\"https:\/\/radiorevelacionfm.cl\/wp-content\/uploads\/2023\/12\/658d9aca1c71a_890x533-1-1.jpg 1019w, https:\/\/radiorevelacionfm.cl\/wp-content\/uploads\/2023\/12\/658d9aca1c71a_890x533-1-1-300x177.jpg 300w, https:\/\/radiorevelacionfm.cl\/wp-content\/uploads\/2023\/12\/658d9aca1c71a_890x533-1-1-768x452.jpg 768w, https:\/\/radiorevelacionfm.cl\/wp-content\/uploads\/2023\/12\/658d9aca1c71a_890x533-1-1-705x415.jpg 705w, https:\/\/radiorevelacionfm.cl\/wp-content\/uploads\/2023\/12\/658d9aca1c71a_890x533-1-1-450x265.jpg 450w, https:\/\/radiorevelacionfm.cl\/wp-content\/uploads\/2023\/12\/658d9aca1c71a_890x533-1-1-600x353.jpg 600w\" sizes=\"(max-width: 1019px) 100vw, 1019px\" \/><\/div><\/div><\/div><\/div>\n<div class=\"flex_column av_one_full  flex_column_div av-zero-column-padding first  avia-builder-el-2  el_after_av_one_full  el_before_av_one_full  column-top-margin\" style='border-radius:0px; '><section class=\"av_textblock_section \"  itemscope=\"itemscope\" itemtype=\"https:\/\/schema.org\/BlogPosting\" itemprop=\"blogPost\" ><div class='avia_textblock  '   itemprop=\"text\" ><p style=\"text-align: center;\"><strong><span style=\"font-size: 18pt;\">Guaitecas inicia la elaboraci\u00f3n del Plan de Desarrollo Tur\u00edstico Comunal<\/span><\/strong><\/p>\n<div id=\"gtx-trans\" style=\"position: absolute; left: -50px; top: 4.31534px;\">\n<div class=\"gtx-trans-icon\"><\/div>\n<\/div>\n<\/div><\/section><\/div>\n<div class=\"flex_column av_one_full  flex_column_div av-zero-column-padding first  avia-builder-el-4  el_after_av_one_full  el_before_av_hr  column-top-margin\" style='border-radius:0px; '><section class=\"av_textblock_section \"  itemscope=\"itemscope\" itemtype=\"https:\/\/schema.org\/BlogPosting\" itemprop=\"blogPost\" ><div class='avia_textblock  '   itemprop=\"text\" ><p style=\"text-align: justify;\">En la comuna de Guaitecas se llev\u00f3 a cabo la primera campa\u00f1a en terreno para la elaboraci\u00f3n del Plan de Desarrollo Tur\u00edstico Comunal (Pladetur).<\/p>\n<p style=\"text-align: justify;\">El objetivo de la iniciativa es obtener y sistematizar la informaci\u00f3n relevante de gesti\u00f3n, inversi\u00f3n y coordinaci\u00f3n regional y comunal, en materia tur\u00edstica, para dise\u00f1ar un instrumento de planificaci\u00f3n que oriente el desarrollo del turismo en la comuna.<\/p>\n<p style=\"text-align: justify;\">La idea es articular a los emprendedores, fortaleciendo los encadenamientos productivos, y coordinando la planificaci\u00f3n y gesti\u00f3n tur\u00edstica a nivel local y regional, en un contexto de respeto a los recursos naturales y a los modos de vida locales.<\/p>\n<p style=\"text-align: justify;\">El Pladetur de la comuna de Guaitecas se est\u00e1 ejecutando gracias al apoyo de la Estrategia de Comunidades Portal de las \u00c1reas Protegidas de la Patagonia Chilena, siendo coordinado por el Programa Austral Patagonia de la Universidad Austral de Chile y ejecutado por Coincide Consultores, un equipo de profesionales con vasta trayectoria en proyectos relacionados al turismo sustentable.<\/p>\n<p style=\"text-align: justify;\"><strong>Tomar una direcci\u00f3n<\/strong><\/p>\n<p style=\"text-align: justify;\">Durante esta primera campa\u00f1a de terreno, se realizaron diversas actividades, entre ellas entrevistas a miembros de la cadena de valor del turismo en la comuna, visitas a los principales atractivos de la comuna, presentaciones al equipo y concejo municipal para dar cuenta de los objetivos y alcances de la elaboraci\u00f3n del plan.<\/p>\n<p style=\"text-align: justify;\">Adem\u00e1s, se realiz\u00f3 un taller con la comunidad donde participaron cerca de 30 personas entre ellas emprendedoras y emprendedores tur\u00edsticos, profesionales de servicio pa\u00eds y miembros del equipo municipal y se levantaron lineamientos que son parte de la primera etapa de trabajo para el desarrollo del plan que orientar\u00e1 el desarrollo tur\u00edstico comunal.<\/p>\n<p style=\"text-align: justify;\">El equipo municipal realiz\u00f3 un hito de lanzamiento que dio el puntapi\u00e9 inicial para el trabajo que se estar\u00e1 realizando durante los pr\u00f3ximos meses en el territorio, donde participaron parte de los asistentes al taller en una navegaci\u00f3n en las costas de la comuna.<\/p>\n<p style=\"text-align: justify;\">El alcalde de Guaitecas Marcos Silva indic\u00f3 que este puntapi\u00e9 inicial al trabajo del Pladetur de Guaitecas, es una tremenda herramienta que direccionar\u00e1 hacia d\u00f3nde apostar y ordenar todo lo que tiene que ver con el desarrollo tur\u00edstico en la comuna.<\/p>\n<p style=\"text-align: justify;\">\u201cGuaitecas tiene mucho por entregar y mostrar, pero necesitamos que eso se transforme en un documento que nos permita ordenarnos. En ese contexto, felices y agradecidos con el inicio de este Pladetur que bienvenido sea para el desarrollo de nuestra comuna de Guaitecas\u201d, expres\u00f3 Silva.<\/p>\n<p style=\"text-align: justify;\"><strong>Desarrollo integral<\/strong><\/p>\n<p style=\"text-align: justify;\">El apoyo a la elaboraci\u00f3n de los Pladetur en distintas comunas de la Patagonia se enmarca en el eje de incidencia p\u00fablica de la Estrategia de Comunidades Portal.<\/p>\n<p style=\"text-align: justify;\">Florencia Ben\u00edtez, encargada regional de Ays\u00e9n de la Estrategia de Comunidades Portal, destac\u00f3 la importancia del trabajo que se traduce en una planificaci\u00f3n anticipada, con la participaci\u00f3n de la comunidad, definiendo una hoja de ruta que orienta las acciones y proyectos para un desarrollo tur\u00edstico sustentable, inclusivo, pertinente al territorio y de la mano de la protecci\u00f3n, vinculaci\u00f3n y conservaci\u00f3n de la naturaleza.<\/p>\n<\/div><\/section><\/div><div  style='height:50px' class='hr hr-invisible   avia-builder-el-6  el_after_av_one_full  el_before_av_social_share '><span class='hr-inner ' ><span class='hr-inner-style'><\/span><\/span><\/div><\/p>\n<div  class='av-social-sharing-box  avia-builder-el-7  el_after_av_hr  el_before_av_hr  '><div class='av-share-box'><h5 class='av-share-link-description av-no-toc '>Compartir esta noticia<\/h5><ul class='av-share-box-list noLightbox'><li class='av-share-link av-social-link-facebook' ><a target=\"_blank\" aria-label=\"Compartir en Facebook\" href='https:\/\/www.facebook.com\/sharer.php?u=https:\/\/radiorevelacionfm.cl\/?p=38441&#038;t=Guaitecas%20inicia%20la%20elaboraci%C3%B3n%20del%20Plan%20de%20Desarrollo%20Tur%C3%ADstico%20Comunal' aria-hidden='false' data-av_icon='\ue8f3' data-av_iconfont='entypo-fontello' title='' data-avia-related-tooltip='Compartir en Facebook' rel=\"noopener\"><span class='avia_hidden_link_text'>Compartir en Facebook<\/span><\/a><\/li><li class='av-share-link av-social-link-twitter' ><a target=\"_blank\" aria-label=\"Compartir en Twitter\" href='https:\/\/twitter.com\/share?text=Guaitecas%20inicia%20la%20elaboraci%C3%B3n%20del%20Plan%20de%20Desarrollo%20Tur%C3%ADstico%20Comunal&#038;url=https:\/\/radiorevelacionfm.cl\/?p=38441' aria-hidden='false' data-av_icon='\ue8f1' data-av_iconfont='entypo-fontello' title='' data-avia-related-tooltip='Compartir en Twitter' rel=\"noopener\"><span class='avia_hidden_link_text'>Compartir en Twitter<\/span><\/a><\/li><li class='av-share-link av-social-link-whatsapp' ><a target=\"_blank\" aria-label=\"Compartir en Whatsapp\" href='https:\/\/api.whatsapp.com\/send?text=https:\/\/radiorevelacionfm.cl\/?p=38441' aria-hidden='false' data-av_icon='\uf232' data-av_iconfont='entypo-fontello' title='' data-avia-related-tooltip='Compartir en Whatsapp' rel=\"noopener\"><span class='avia_hidden_link_text'>Compartir en Whatsapp<\/span><\/a><\/li><li class='av-share-link av-social-link-linkedin' ><a target=\"_blank\" aria-label=\"Compartir en LinkedIn\" href='https:\/\/linkedin.com\/shareArticle?mini=true&#038;title=Guaitecas%20inicia%20la%20elaboraci%C3%B3n%20del%20Plan%20de%20Desarrollo%20Tur%C3%ADstico%20Comunal&#038;url=https:\/\/radiorevelacionfm.cl\/?p=38441' aria-hidden='false' data-av_icon='\ue8fc' data-av_iconfont='entypo-fontello' title='' data-avia-related-tooltip='Compartir en LinkedIn' rel=\"noopener\"><span class='avia_hidden_link_text'>Compartir en LinkedIn<\/span><\/a><\/li><li class='av-share-link av-social-link-mail' ><a  aria-label=\"Compartir por correo\" href='mailto:?subject=Guaitecas%20inicia%20la%20elaboraci%C3%B3n%20del%20Plan%20de%20Desarrollo%20Tur%C3%ADstico%20Comunal&#038;body=https:\/\/radiorevelacionfm.cl\/?p=38441' aria-hidden='false' data-av_icon='\ue805' data-av_iconfont='entypo-fontello' title='' data-avia-related-tooltip='Compartir por correo'><span class='avia_hidden_link_text'>Compartir por correo<\/span><\/a><\/li><\/ul><\/div><\/div>\n<div  style='height:50px' class='hr hr-invisible   avia-builder-el-8  el_after_av_social_share  el_before_av_comments_list '><span class='hr-inner ' ><span class='hr-inner-style'><\/span><\/span><\/div>\n<div  class='av-buildercomment  av-blog-meta-html-info-disabled av-blog-meta-tag-disabled  '><\/div>\n","protected":false},"excerpt":{"rendered":"","protected":false},"author":1,"featured_media":38442,"comment_status":"open","ping_status":"open","sticky":false,"template":"","format":"standard","meta":{"footnotes":""},"categories":[38],"tags":[],"class_list":["post-38441","post","type-post","status-publish","format-standard","has-post-thumbnail","hentry","category-regional"],"jetpack_featured_media_url":"https:\/\/radiorevelacionfm.cl\/wp-content\/uploads\/2023\/12\/658d9aca1c71a_890x533-1-1.jpg","_links":{"self":[{"href":"https:\/\/radiorevelacionfm.cl\/index.php?rest_route=\/wp\/v2\/posts\/38441","targetHints":{"allow":["GET"]}}],"collection":[{"href":"https:\/\/radiorevelacionfm.cl\/index.php?rest_route=\/wp\/v2\/posts"}],"about":[{"href":"https:\/\/radiorevelacionfm.cl\/index.php?rest_route=\/wp\/v2\/types\/post"}],"author":[{"embeddable":true,"href":"https:\/\/radiorevelacionfm.cl\/index.php?rest_route=\/wp\/v2\/users\/1"}],"replies":[{"embeddable":true,"href":"https:\/\/radiorevelacionfm.cl\/index.php?rest_route=%2Fwp%2Fv2%2Fcomments&post=38441"}],"version-history":[{"count":2,"href":"https:\/\/radiorevelacionfm.cl\/index.php?rest_route=\/wp\/v2\/posts\/38441\/revisions"}],"predecessor-version":[{"id":38444,"href":"https:\/\/radiorevelacionfm.cl\/index.php?rest_route=\/wp\/v2\/posts\/38441\/revisions\/38444"}],"wp:featuredmedia":[{"embeddable":true,"href":"https:\/\/radiorevelacionfm.cl\/index.php?rest_route=\/wp\/v2\/media\/38442"}],"wp:attachment":[{"href":"https:\/\/radiorevelacionfm.cl\/index.php?rest_route=%2Fwp%2Fv2%2Fmedia&parent=38441"}],"wp:term":[{"taxonomy":"category","embeddable":true,"href":"https:\/\/radiorevelacionfm.cl\/index.php?rest_route=%2Fwp%2Fv2%2Fcategories&post=38441"},{"taxonomy":"post_tag","embeddable":true,"href":"https:\/\/radiorevelacionfm.cl\/index.php?rest_route=%2Fwp%2Fv2%2Ftags&post=38441"}],"curies":[{"name":"wp","href":"https:\/\/api.w.org\/{rel}","templated":true}]}}