{"id":3844,"date":"2021-05-06T10:13:38","date_gmt":"2021-05-06T13:13:38","guid":{"rendered":"https:\/\/radiorevelacionfm.cl\/?p=3844"},"modified":"2021-05-06T10:13:38","modified_gmt":"2021-05-06T13:13:38","slug":"salud-y-senda-firman-convenio-enmarcado-en-el-programa-trabajar-con-calidad-de-vida","status":"publish","type":"post","link":"https:\/\/radiorevelacionfm.cl\/?p=3844","title":{"rendered":"Salud y Senda firman convenio enmarcado en el programa \u201cTrabajar con calidad de vida\u201d"},"content":{"rendered":"<div class=\"flex_column av_one_full  flex_column_div av-zero-column-padding first  avia-builder-el-0  el_before_av_one_full  avia-builder-el-first  \" style='border-radius:0px; '><div  class='avia-image-container  av-styling-    avia-builder-el-1  avia-builder-el-no-sibling  avia-align-center '  itemprop=\"image\" itemscope=\"itemscope\" itemtype=\"https:\/\/schema.org\/ImageObject\"  ><div class='avia-image-container-inner'><div class='avia-image-overlay-wrap'><img decoding=\"async\" class='wp-image-0 avia-img-lazy-loading-not-0 avia_image' src=\"https:\/\/radiorevelacionfm.cl\/wp-content\/uploads\/2021\/05\/ssa-senda1_optimized.jpeg\" alt='' title=''   itemprop=\"thumbnailUrl\"  \/><\/div><\/div><\/div><\/div>\n<div class=\"flex_column av_one_full  flex_column_div av-zero-column-padding first  avia-builder-el-2  el_after_av_one_full  el_before_av_one_full  column-top-margin\" style='border-radius:0px; '><section class=\"av_textblock_section \"  itemscope=\"itemscope\" itemtype=\"https:\/\/schema.org\/BlogPosting\" itemprop=\"blogPost\" ><div class='avia_textblock  '   itemprop=\"text\" ><p style=\"text-align: center;\"><strong><span style=\"font-size: 18pt;\">Salud y Senda firman convenio enmarcado en el programa \u201cTrabajar con calidad de vida\u201d<\/span><\/strong><\/p>\n<div id=\"gtx-trans\" style=\"position: absolute; left: -50px; top: 4.31534px;\">\n<div class=\"gtx-trans-icon\"><\/div>\n<\/div>\n<\/div><\/section><\/div><div class=\"flex_column av_one_full  flex_column_div av-zero-column-padding first  avia-builder-el-4  el_after_av_one_full  el_before_av_hr  column-top-margin\" style='border-radius:0px; '><section class=\"av_textblock_section \"  itemscope=\"itemscope\" itemtype=\"https:\/\/schema.org\/BlogPosting\" itemprop=\"blogPost\" ><div class='avia_textblock  '   itemprop=\"text\" ><p style=\"text-align: justify;\">El programa \u201cTrabajar con calidad de vida\u201d del Servicio Nacional para la Prevenci\u00f3n y Rehabilitaci\u00f3n del Consumo de Drogas y Alcohol, es una herramienta orientada a prevenir el consumo de drogas y alcohol al interior de las organizaciones laborales, contribuyendo a mejorar la calidad de vida de sus trabajadores y trabajadoras, adem\u00e1s de desarrollar una cultura preventiva.<\/p>\n<p style=\"text-align: justify;\">Gabriel Burgos, director del Servicio de Salud Ays\u00e9n, manifest\u00f3 que \u201ceste es un gran trabajo colaborativo en el que SENDA tiene un plan de trabajo para los funcionarios. Nuestro servicio se compromete a acompa\u00f1ar en este programa que esta enfocado en prevenir el consumo a alcohol y drogas, tanto en el trabajo como en la familia\u201d.<\/p>\n<p style=\"text-align: justify;\">El programa entrega principalmente; una capacitaci\u00f3n en habilidades preventivas a un equipo de la organizaci\u00f3n responsable de liderar la implementaci\u00f3n del programa; asesor\u00eda t\u00e9cnica para el desarrollo de una pol\u00edtica preventiva y un plan de acci\u00f3n; material preventivo para sensibilizar a todos los trabajadores de la organizaci\u00f3n acerca de las consecuencias del consumo de drogas y alcohol para la vida personal, familiar y laboral; y la posibilidad de optar a una certificaci\u00f3n de Espacio Laboral Preventivo para las empresas que desarrollen una pol\u00edtica preventiva e implementen acciones sostenidas en el tiempo.<\/p>\n<p style=\"text-align: justify;\">En tanto, Carlos Charme, Director Nacional de SENDA, manifest\u00f3 que \u201choy estuvimos trabajando con el Servicio de Salud Ays\u00e9n, concretando esta alianza especial para trabajar con calidad de vida, entreg\u00e1ndoles herramientas a los trabajadores del Servicio para acercarse al tema de la prevenci\u00f3n del consumo de alcohol y drogas\u201d, puntualiz\u00f3.<\/p>\n<p style=\"text-align: justify;\">Cabe destacar, que la implementaci\u00f3n de programas de prevenci\u00f3n de consumos de alcohol y drogas en espacios laborales tiene m\u00faltiples beneficios para la instituci\u00f3n, ya que contribuye a mejorar la calidad de vida de los trabajadores y sus familias.<\/p>\n<\/div><\/section><\/div><\/p>\n<div  style='height:50px' class='hr hr-invisible   avia-builder-el-6  el_after_av_one_full  el_before_av_social_share '><span class='hr-inner ' ><span class='hr-inner-style'><\/span><\/span><\/div>\n<div  class='av-social-sharing-box  avia-builder-el-7  el_after_av_hr  el_before_av_hr  '><div class='av-share-box'><h5 class='av-share-link-description av-no-toc '>Compartir esta noticia<\/h5><ul class='av-share-box-list noLightbox'><li class='av-share-link av-social-link-facebook' ><a target=\"_blank\" aria-label=\"Compartir en Facebook\" href='https:\/\/www.facebook.com\/sharer.php?u=https:\/\/radiorevelacionfm.cl\/?p=3844&#038;t=Salud%20y%20Senda%20firman%20convenio%20enmarcado%20en%20el%20programa%20%E2%80%9CTrabajar%20con%20calidad%20de%20vida%E2%80%9D' aria-hidden='false' data-av_icon='\ue8f3' data-av_iconfont='entypo-fontello' title='' data-avia-related-tooltip='Compartir en Facebook' rel=\"noopener\"><span class='avia_hidden_link_text'>Compartir en Facebook<\/span><\/a><\/li><li class='av-share-link av-social-link-twitter' ><a target=\"_blank\" aria-label=\"Compartir en Twitter\" href='https:\/\/twitter.com\/share?text=Salud%20y%20Senda%20firman%20convenio%20enmarcado%20en%20el%20programa%20%E2%80%9CTrabajar%20con%20calidad%20de%20vida%E2%80%9D&#038;url=https:\/\/radiorevelacionfm.cl\/?p=3844' aria-hidden='false' data-av_icon='\ue8f1' data-av_iconfont='entypo-fontello' title='' data-avia-related-tooltip='Compartir en Twitter' rel=\"noopener\"><span class='avia_hidden_link_text'>Compartir en Twitter<\/span><\/a><\/li><li class='av-share-link av-social-link-whatsapp' ><a target=\"_blank\" aria-label=\"Compartir en Whatsapp\" href='https:\/\/api.whatsapp.com\/send?text=https:\/\/radiorevelacionfm.cl\/?p=3844' aria-hidden='false' data-av_icon='\uf232' data-av_iconfont='entypo-fontello' title='' data-avia-related-tooltip='Compartir en Whatsapp' rel=\"noopener\"><span class='avia_hidden_link_text'>Compartir en Whatsapp<\/span><\/a><\/li><li class='av-share-link av-social-link-linkedin' ><a target=\"_blank\" aria-label=\"Compartir en LinkedIn\" href='https:\/\/linkedin.com\/shareArticle?mini=true&#038;title=Salud%20y%20Senda%20firman%20convenio%20enmarcado%20en%20el%20programa%20%E2%80%9CTrabajar%20con%20calidad%20de%20vida%E2%80%9D&#038;url=https:\/\/radiorevelacionfm.cl\/?p=3844' aria-hidden='false' data-av_icon='\ue8fc' data-av_iconfont='entypo-fontello' title='' data-avia-related-tooltip='Compartir en LinkedIn' rel=\"noopener\"><span class='avia_hidden_link_text'>Compartir en LinkedIn<\/span><\/a><\/li><li class='av-share-link av-social-link-mail' ><a  aria-label=\"Compartir por correo\" href='mailto:?subject=Salud%20y%20Senda%20firman%20convenio%20enmarcado%20en%20el%20programa%20%E2%80%9CTrabajar%20con%20calidad%20de%20vida%E2%80%9D&#038;body=https:\/\/radiorevelacionfm.cl\/?p=3844' aria-hidden='false' data-av_icon='\ue805' data-av_iconfont='entypo-fontello' title='' data-avia-related-tooltip='Compartir por correo'><span class='avia_hidden_link_text'>Compartir por correo<\/span><\/a><\/li><\/ul><\/div><\/div>\n<div  style='height:50px' class='hr hr-invisible   avia-builder-el-8  el_after_av_social_share  el_before_av_comments_list '><span class='hr-inner ' ><span class='hr-inner-style'><\/span><\/span><\/div>\n<div  class='av-buildercomment  av-blog-meta-html-info-disabled av-blog-meta-tag-disabled  '><\/div>\n","protected":false},"excerpt":{"rendered":"","protected":false},"author":1,"featured_media":0,"comment_status":"open","ping_status":"open","sticky":false,"template":"","format":"standard","meta":{"footnotes":""},"categories":[46],"tags":[],"class_list":["post-3844","post","type-post","status-publish","format-standard","hentry","category-salud"],"jetpack_featured_media_url":"","_links":{"self":[{"href":"https:\/\/radiorevelacionfm.cl\/index.php?rest_route=\/wp\/v2\/posts\/3844","targetHints":{"allow":["GET"]}}],"collection":[{"href":"https:\/\/radiorevelacionfm.cl\/index.php?rest_route=\/wp\/v2\/posts"}],"about":[{"href":"https:\/\/radiorevelacionfm.cl\/index.php?rest_route=\/wp\/v2\/types\/post"}],"author":[{"embeddable":true,"href":"https:\/\/radiorevelacionfm.cl\/index.php?rest_route=\/wp\/v2\/users\/1"}],"replies":[{"embeddable":true,"href":"https:\/\/radiorevelacionfm.cl\/index.php?rest_route=%2Fwp%2Fv2%2Fcomments&post=3844"}],"version-history":[{"count":2,"href":"https:\/\/radiorevelacionfm.cl\/index.php?rest_route=\/wp\/v2\/posts\/3844\/revisions"}],"predecessor-version":[{"id":3859,"href":"https:\/\/radiorevelacionfm.cl\/index.php?rest_route=\/wp\/v2\/posts\/3844\/revisions\/3859"}],"wp:attachment":[{"href":"https:\/\/radiorevelacionfm.cl\/index.php?rest_route=%2Fwp%2Fv2%2Fmedia&parent=3844"}],"wp:term":[{"taxonomy":"category","embeddable":true,"href":"https:\/\/radiorevelacionfm.cl\/index.php?rest_route=%2Fwp%2Fv2%2Fcategories&post=3844"},{"taxonomy":"post_tag","embeddable":true,"href":"https:\/\/radiorevelacionfm.cl\/index.php?rest_route=%2Fwp%2Fv2%2Ftags&post=3844"}],"curies":[{"name":"wp","href":"https:\/\/api.w.org\/{rel}","templated":true}]}}