{"id":38438,"date":"2023-12-30T12:15:04","date_gmt":"2023-12-30T15:15:04","guid":{"rendered":"https:\/\/radiorevelacionfm.cl\/?p=38438"},"modified":"2023-12-30T12:15:04","modified_gmt":"2023-12-30T15:15:04","slug":"director-general-de-aguas-mop-rodrigo-sanhueza-sinfonia-por-el-agua","status":"publish","type":"post","link":"https:\/\/radiorevelacionfm.cl\/?p=38438","title":{"rendered":"Director General de Aguas MOP, Rodrigo Sanhueza: Sinfon\u00eda por el agua"},"content":{"rendered":"<div class=\"flex_column av_one_full  flex_column_div av-zero-column-padding first  avia-builder-el-0  el_before_av_one_full  avia-builder-el-first  \" style='border-radius:0px; '><div  class='avia-image-container  av-styling-    avia-builder-el-1  avia-builder-el-no-sibling  avia-align-center '  itemprop=\"image\" itemscope=\"itemscope\" itemtype=\"https:\/\/schema.org\/ImageObject\"  ><div class='avia-image-container-inner'><div class='avia-image-overlay-wrap'><img decoding=\"async\" class='wp-image-38439 avia-img-lazy-loading-not-38439 avia_image' src=\"https:\/\/radiorevelacionfm.cl\/wp-content\/uploads\/2023\/12\/Director-General-de-Aguas-Rodrigo-Sanhueza_en-Baja-res-1-1.jpg\" alt='' title='Director General de Aguas Rodrigo Sanhueza_en Baja res (1) (1)' height=\"600\" width=\"889\"  itemprop=\"thumbnailUrl\" srcset=\"https:\/\/radiorevelacionfm.cl\/wp-content\/uploads\/2023\/12\/Director-General-de-Aguas-Rodrigo-Sanhueza_en-Baja-res-1-1.jpg 889w, https:\/\/radiorevelacionfm.cl\/wp-content\/uploads\/2023\/12\/Director-General-de-Aguas-Rodrigo-Sanhueza_en-Baja-res-1-1-300x202.jpg 300w, https:\/\/radiorevelacionfm.cl\/wp-content\/uploads\/2023\/12\/Director-General-de-Aguas-Rodrigo-Sanhueza_en-Baja-res-1-1-768x518.jpg 768w, https:\/\/radiorevelacionfm.cl\/wp-content\/uploads\/2023\/12\/Director-General-de-Aguas-Rodrigo-Sanhueza_en-Baja-res-1-1-705x476.jpg 705w, https:\/\/radiorevelacionfm.cl\/wp-content\/uploads\/2023\/12\/Director-General-de-Aguas-Rodrigo-Sanhueza_en-Baja-res-1-1-450x304.jpg 450w, https:\/\/radiorevelacionfm.cl\/wp-content\/uploads\/2023\/12\/Director-General-de-Aguas-Rodrigo-Sanhueza_en-Baja-res-1-1-600x405.jpg 600w\" sizes=\"(max-width: 889px) 100vw, 889px\" \/><\/div><\/div><\/div><\/div><div class=\"flex_column av_one_full  flex_column_div av-zero-column-padding first  avia-builder-el-2  el_after_av_one_full  el_before_av_one_full  column-top-margin\" style='border-radius:0px; '><section class=\"av_textblock_section \"  itemscope=\"itemscope\" itemtype=\"https:\/\/schema.org\/BlogPosting\" itemprop=\"blogPost\" ><div class='avia_textblock  '   itemprop=\"text\" ><p style=\"text-align: center;\"><strong><span style=\"font-size: 18pt;\">Director General de Aguas MOP, Rodrigo Sanhueza: Sinfon\u00eda por el agua <\/span><\/strong><\/p>\n<div id=\"gtx-trans\" style=\"position: absolute; left: -50px; top: 4.31534px;\">\n<div class=\"gtx-trans-icon\"><\/div>\n<\/div>\n<\/div><\/section><\/div><div class=\"flex_column av_one_full  flex_column_div av-zero-column-padding first  avia-builder-el-4  el_after_av_one_full  el_before_av_hr  column-top-margin\" style='border-radius:0px; '><section class=\"av_textblock_section \"  itemscope=\"itemscope\" itemtype=\"https:\/\/schema.org\/BlogPosting\" itemprop=\"blogPost\" ><div class='avia_textblock  '   itemprop=\"text\" ><p style=\"text-align: justify;\">El valor tangible e intangible de la m\u00fasica, esa capacidad de transportarnos produciendo emociones, y su variedad de ritmos, entre otros, hizo que me planteara esta analog\u00eda entre m\u00fasica y las aguas. Una sinfon\u00eda, la que est\u00e1 compuesta por cuatro tiempos y coincidentemente, es el mismo n\u00famero de ejes estrat\u00e9gicos que definimos en la Direcci\u00f3n General de Aguas del MOP durante el 2023.<\/p>\n<p style=\"text-align: justify;\">La <em>Apertura<\/em> <em>o Allegro<\/em> de esta sinfon\u00eda por el agua es avanzar hacia la seguridad h\u00eddrica considerando elementos como cantidad y calidad para asegurar el consumo humano; promover la resiliencia frente a amenazas asociadas a sequ\u00edas, crecidas y contaminaci\u00f3n, as\u00ed como tambi\u00e9n, proteger y conservar los ecosistemas. Concretamente, hemos resuelto casi un 25% m\u00e1s de infracciones al C\u00f3digo de Aguas que el 2022 \u2013ojal\u00e1 hubiese m\u00e1s apego a la norma\u2013; decididamente estamos protegiendo nuestras aguas subterr\u00e1neas al dictar 12 nuevas zonas de prohibici\u00f3n las que, si bien son invisibles para la mayor\u00eda, son esenciales para el abastecimiento de los Servicios Sanitarios Rurales, a los que hemos entregado autorizaciones transitorias de aguas para garantizar el consumo humano.<\/p>\n<p style=\"text-align: justify;\">Asimismo, nuestro Servicio Hidrom\u00e9trico Nacional aument\u00f3 en 13% las estaciones en l\u00ednea, las mismas que nos permitieron monitorear oportunamente nuestros r\u00edos en los eventos meteorol\u00f3gicos de junio y agosto, generando informaci\u00f3n fidedigna para que SENAPRED declarara las alertas. En este sentido y considerando que ya son 14 a\u00f1os de sequ\u00eda y que el cambio clim\u00e1tico est\u00e1 marcando el ritmo en nuestro pa\u00eds, iniciamos el Plan de Adaptaci\u00f3n al Cambio Clim\u00e1tico para los Recursos H\u00eddricos con el fin de desarrollar estrategias y medidas para reducir la vulnerabilidad producto de este fen\u00f3meno global.<\/p>\n<p style=\"text-align: justify;\">El segundo eje de gobernanza del agua, coincide con el momento <em>Andante<\/em> de la sinfon\u00eda, y es el desarrollo de mecanismos para implementar la gesti\u00f3n integrada de los recursos h\u00eddricos a nivel de cuenca, amparados bajo el Comit\u00e9 de Transici\u00f3n H\u00eddrica Justa, para lo cual hemos trabajado coordinadamente con los ministerios pertinentes en la conformaci\u00f3n de Mesas Estrat\u00e9gicas de Recursos H\u00eddricos en las 16 cuencas pilotos que fueron priorizadas por los Gobiernos Regionales y donde la Direcci\u00f3n General de Aguas implementar\u00e1 los Planes Estrat\u00e9gicos de Recursos H\u00eddricos en Cuencas. Ya son 8 los grupos promotores conformados producto de un sinf\u00edn de talleres realizados en el territorio con los m\u00e1s variados actores de la cuenca y que tienen un objetivo com\u00fan: mejorar la gesti\u00f3n de las aguas en la cuenca donde se desarrollan, respetando sus propias caracter\u00edsticas y realidades.<\/p>\n<p style=\"text-align: justify;\">Un<em> Minueto<\/em> para la transformaci\u00f3n digital. La inteligencia artificial, la ciencia de datos y el <em>big data,<\/em> son herramientas tecnol\u00f3gicas que anhelamos incorporar en nuestra gesti\u00f3n de las aguas, pero antes, hemos tenido que actualizar tecnolog\u00eda arcaica sobre la cual se aloja una enorme cantidad de datos que hemos generado durante d\u00e9cadas, debiendo incorporar variables acordes a los nuevos requerimientos establecidos en la normativa vigente.<\/p>\n<p style=\"text-align: justify;\"><em>Sonata<\/em> para la modernizaci\u00f3n de procesos. Hemos generado alrededor de 30 actualizaciones\/nuevos procedimientos que permiten acercarnos al cumplimiento del ODS 6 sobre derecho humano al agua y saneamiento, la funci\u00f3n ecosist\u00e9mica que \u00e9sta cumple, producci\u00f3n sostenible y la gesti\u00f3n territorial.<\/p>\n<p style=\"text-align: justify;\">Esta <em>sinfon\u00eda por el agua<\/em> nos necesita a todas y todos, con los distintos instrumentos y voces para alcanzar una mejor institucionalidad h\u00eddrica en sus distintos \u00e1mbitos.<\/p>\n<\/div><\/section><\/div><div  style='height:50px' class='hr hr-invisible   avia-builder-el-6  el_after_av_one_full  el_before_av_social_share '><span class='hr-inner ' ><span class='hr-inner-style'><\/span><\/span><\/div><\/p>\n<div  class='av-social-sharing-box  avia-builder-el-7  el_after_av_hr  el_before_av_hr  '><div class='av-share-box'><h5 class='av-share-link-description av-no-toc '>Compartir esta noticia<\/h5><ul class='av-share-box-list noLightbox'><li class='av-share-link av-social-link-facebook' ><a target=\"_blank\" aria-label=\"Compartir en Facebook\" href='https:\/\/www.facebook.com\/sharer.php?u=https:\/\/radiorevelacionfm.cl\/?p=38438&#038;t=Director%20General%20de%20Aguas%20MOP%2C%20Rodrigo%20Sanhueza%3A%20Sinfon%C3%ADa%20por%20el%20agua' aria-hidden='false' data-av_icon='\ue8f3' data-av_iconfont='entypo-fontello' title='' data-avia-related-tooltip='Compartir en Facebook' rel=\"noopener\"><span class='avia_hidden_link_text'>Compartir en Facebook<\/span><\/a><\/li><li class='av-share-link av-social-link-twitter' ><a target=\"_blank\" aria-label=\"Compartir en Twitter\" href='https:\/\/twitter.com\/share?text=Director%20General%20de%20Aguas%20MOP%2C%20Rodrigo%20Sanhueza%3A%20Sinfon%C3%ADa%20por%20el%20agua&#038;url=https:\/\/radiorevelacionfm.cl\/?p=38438' aria-hidden='false' data-av_icon='\ue8f1' data-av_iconfont='entypo-fontello' title='' data-avia-related-tooltip='Compartir en Twitter' rel=\"noopener\"><span class='avia_hidden_link_text'>Compartir en Twitter<\/span><\/a><\/li><li class='av-share-link av-social-link-whatsapp' ><a target=\"_blank\" aria-label=\"Compartir en Whatsapp\" href='https:\/\/api.whatsapp.com\/send?text=https:\/\/radiorevelacionfm.cl\/?p=38438' aria-hidden='false' data-av_icon='\uf232' data-av_iconfont='entypo-fontello' title='' data-avia-related-tooltip='Compartir en Whatsapp' rel=\"noopener\"><span class='avia_hidden_link_text'>Compartir en Whatsapp<\/span><\/a><\/li><li class='av-share-link av-social-link-linkedin' ><a target=\"_blank\" aria-label=\"Compartir en LinkedIn\" href='https:\/\/linkedin.com\/shareArticle?mini=true&#038;title=Director%20General%20de%20Aguas%20MOP%2C%20Rodrigo%20Sanhueza%3A%20Sinfon%C3%ADa%20por%20el%20agua&#038;url=https:\/\/radiorevelacionfm.cl\/?p=38438' aria-hidden='false' data-av_icon='\ue8fc' data-av_iconfont='entypo-fontello' title='' data-avia-related-tooltip='Compartir en LinkedIn' rel=\"noopener\"><span class='avia_hidden_link_text'>Compartir en LinkedIn<\/span><\/a><\/li><li class='av-share-link av-social-link-mail' ><a  aria-label=\"Compartir por correo\" href='mailto:?subject=Director%20General%20de%20Aguas%20MOP%2C%20Rodrigo%20Sanhueza%3A%20Sinfon%C3%ADa%20por%20el%20agua&#038;body=https:\/\/radiorevelacionfm.cl\/?p=38438' aria-hidden='false' data-av_icon='\ue805' data-av_iconfont='entypo-fontello' title='' data-avia-related-tooltip='Compartir por correo'><span class='avia_hidden_link_text'>Compartir por correo<\/span><\/a><\/li><\/ul><\/div><\/div>\n<div  style='height:50px' class='hr hr-invisible   avia-builder-el-8  el_after_av_social_share  el_before_av_comments_list '><span class='hr-inner ' ><span class='hr-inner-style'><\/span><\/span><\/div>\n<div  class='av-buildercomment  av-blog-meta-html-info-disabled av-blog-meta-tag-disabled  '><\/div>\n","protected":false},"excerpt":{"rendered":"","protected":false},"author":1,"featured_media":38439,"comment_status":"open","ping_status":"open","sticky":false,"template":"","format":"standard","meta":{"footnotes":""},"categories":[50],"tags":[],"class_list":["post-38438","post","type-post","status-publish","format-standard","has-post-thumbnail","hentry","category-cartas-y-opinion"],"jetpack_featured_media_url":"https:\/\/radiorevelacionfm.cl\/wp-content\/uploads\/2023\/12\/Director-General-de-Aguas-Rodrigo-Sanhueza_en-Baja-res-1-1.jpg","_links":{"self":[{"href":"https:\/\/radiorevelacionfm.cl\/index.php?rest_route=\/wp\/v2\/posts\/38438","targetHints":{"allow":["GET"]}}],"collection":[{"href":"https:\/\/radiorevelacionfm.cl\/index.php?rest_route=\/wp\/v2\/posts"}],"about":[{"href":"https:\/\/radiorevelacionfm.cl\/index.php?rest_route=\/wp\/v2\/types\/post"}],"author":[{"embeddable":true,"href":"https:\/\/radiorevelacionfm.cl\/index.php?rest_route=\/wp\/v2\/users\/1"}],"replies":[{"embeddable":true,"href":"https:\/\/radiorevelacionfm.cl\/index.php?rest_route=%2Fwp%2Fv2%2Fcomments&post=38438"}],"version-history":[{"count":1,"href":"https:\/\/radiorevelacionfm.cl\/index.php?rest_route=\/wp\/v2\/posts\/38438\/revisions"}],"predecessor-version":[{"id":38440,"href":"https:\/\/radiorevelacionfm.cl\/index.php?rest_route=\/wp\/v2\/posts\/38438\/revisions\/38440"}],"wp:featuredmedia":[{"embeddable":true,"href":"https:\/\/radiorevelacionfm.cl\/index.php?rest_route=\/wp\/v2\/media\/38439"}],"wp:attachment":[{"href":"https:\/\/radiorevelacionfm.cl\/index.php?rest_route=%2Fwp%2Fv2%2Fmedia&parent=38438"}],"wp:term":[{"taxonomy":"category","embeddable":true,"href":"https:\/\/radiorevelacionfm.cl\/index.php?rest_route=%2Fwp%2Fv2%2Fcategories&post=38438"},{"taxonomy":"post_tag","embeddable":true,"href":"https:\/\/radiorevelacionfm.cl\/index.php?rest_route=%2Fwp%2Fv2%2Ftags&post=38438"}],"curies":[{"name":"wp","href":"https:\/\/api.w.org\/{rel}","templated":true}]}}