{"id":38435,"date":"2023-12-29T18:22:04","date_gmt":"2023-12-29T21:22:04","guid":{"rendered":"https:\/\/radiorevelacionfm.cl\/?p=38435"},"modified":"2023-12-29T18:22:04","modified_gmt":"2023-12-29T21:22:04","slug":"informan-resultados-de-nivel-socioeconomico-a-estudiantes-que-postularon-a-beneficios-estudiantiles-2024","status":"publish","type":"post","link":"https:\/\/radiorevelacionfm.cl\/?p=38435","title":{"rendered":"Informan resultados de nivel socioecon\u00f3mico a estudiantes que postularon a Beneficios Estudiantiles 2024"},"content":{"rendered":"<div class=\"flex_column av_one_full  flex_column_div av-zero-column-padding first  avia-builder-el-0  el_before_av_one_full  avia-builder-el-first  \" style='border-radius:0px; '><div  class='avia-image-container  av-styling-    avia-builder-el-1  avia-builder-el-no-sibling  avia-align-center '  itemprop=\"image\" itemscope=\"itemscope\" itemtype=\"https:\/\/schema.org\/ImageObject\"  ><div class='avia-image-container-inner'><div class='avia-image-overlay-wrap'><img decoding=\"async\" class='wp-image-31660 avia-img-lazy-loading-not-31660 avia_image' src=\"https:\/\/radiorevelacionfm.cl\/wp-content\/uploads\/2023\/06\/Seremi-Isabel-Garrido-1-1.jpg\" alt='' title='Seremi Isabel Garrido (1) (1)' height=\"600\" width=\"899\"  itemprop=\"thumbnailUrl\" srcset=\"https:\/\/radiorevelacionfm.cl\/wp-content\/uploads\/2023\/06\/Seremi-Isabel-Garrido-1-1.jpg 899w, https:\/\/radiorevelacionfm.cl\/wp-content\/uploads\/2023\/06\/Seremi-Isabel-Garrido-1-1-300x200.jpg 300w, https:\/\/radiorevelacionfm.cl\/wp-content\/uploads\/2023\/06\/Seremi-Isabel-Garrido-1-1-768x513.jpg 768w, https:\/\/radiorevelacionfm.cl\/wp-content\/uploads\/2023\/06\/Seremi-Isabel-Garrido-1-1-705x471.jpg 705w, https:\/\/radiorevelacionfm.cl\/wp-content\/uploads\/2023\/06\/Seremi-Isabel-Garrido-1-1-450x300.jpg 450w, https:\/\/radiorevelacionfm.cl\/wp-content\/uploads\/2023\/06\/Seremi-Isabel-Garrido-1-1-600x400.jpg 600w\" sizes=\"(max-width: 899px) 100vw, 899px\" \/><\/div><\/div><\/div><\/div>\n<div class=\"flex_column av_one_full  flex_column_div av-zero-column-padding first  avia-builder-el-2  el_after_av_one_full  el_before_av_one_full  column-top-margin\" style='border-radius:0px; '><section class=\"av_textblock_section \"  itemscope=\"itemscope\" itemtype=\"https:\/\/schema.org\/BlogPosting\" itemprop=\"blogPost\" ><div class='avia_textblock  '   itemprop=\"text\" ><p style=\"text-align: center;\"><strong><span style=\"font-size: 18pt;\">Informan resultados de nivel socioecon\u00f3mico a estudiantes que postularon a Beneficios Estudiantiles 2024<\/span><\/strong><\/p>\n<div id=\"gtx-trans\" style=\"position: absolute; left: -50px; top: 4.31534px;\">\n<div class=\"gtx-trans-icon\"><\/div>\n<\/div>\n<\/div><\/section><\/div>\n<div class=\"flex_column av_one_full  flex_column_div av-zero-column-padding first  avia-builder-el-4  el_after_av_one_full  el_before_av_hr  column-top-margin\" style='border-radius:0px; '><section class=\"av_textblock_section \"  itemscope=\"itemscope\" itemtype=\"https:\/\/schema.org\/BlogPosting\" itemprop=\"blogPost\" ><div class='avia_textblock  '   itemprop=\"text\" ><p style=\"text-align: justify;\"><em>En la Regi\u00f3n de Ays\u00e9n, 2.561 postulantes obtuvieron informaci\u00f3n sobre su nivel socioecon\u00f3mico, de un total de 3.328 postulaciones.<\/em><\/p>\n<p class=\"v1MsoNormal\" style=\"text-align: justify;\">En el marco del proceso de postulaci\u00f3n a Gratuidad y Beneficios Estudiantiles de la educaci\u00f3n superior, para el periodo acad\u00e9mico 2024, el Ministerio de Educaci\u00f3n dio a conocer, a trav\u00e9s del portal\u00a0<a href=\"https:\/\/portal.beneficiosestudiantiles.cl\/\" target=\"_blank\" rel=\"noopener noreferrer\"><i>beneficiosestudiantiles.cl<\/i><\/a><a href=\"https:\/\/portal.beneficiosestudiantiles.cl\/\" target=\"_blank\" rel=\"noopener noreferrer\">,<\/a>\u00a0los resultados de nivel socioecon\u00f3mico de las y los estudiantes que completaron el Formulario \u00danico de Acreditaci\u00f3n Socioecon\u00f3mica (FUAS) en el primer proceso de postulaci\u00f3n (entre octubre y noviembre pasado).<\/p>\n<p class=\"v1MsoNormal\" style=\"text-align: justify;\">En total, 487 mil estudiantes completaron el FUAS en este proceso y, de ellos, m\u00e1s de 370 mil (75%) obtuvieron informaci\u00f3n sobre su nivel socioecon\u00f3mico, por lo que ya pueden saber a qu\u00e9 beneficios acceder\u00edan el pr\u00f3ximo a\u00f1o.<\/p>\n<p class=\"v1MsoNormal\" style=\"text-align: justify;\">La Seremi de Educaci\u00f3n de Ays\u00e9n Isabel Garrido inform\u00f3 que en la regi\u00f3n 2.561 postulantes obtuvieron informaci\u00f3n sobre su nivel socioecon\u00f3mico, de un total de 3.328 postulaciones.<b>\u00a0<\/b>Por otra parte, hay 111 mil personas que no obtuvieron informaci\u00f3n socioecon\u00f3mica, porque entregaron, a trav\u00e9s del FUAS, datos inconsistentes o informaci\u00f3n incompleta de sus ingresos familiares. De este total, algo m\u00e1s de 700 son de la regi\u00f3n de Ays\u00e9n. Sin embargo, tendr\u00e1n la oportunidad de completar esta informaci\u00f3n en la instituci\u00f3n en la que se matriculen, para as\u00ed acceder a alg\u00fan beneficio, siempre que cumplan los requisitos.<\/p>\n<p class=\"v1MsoNormal\" style=\"text-align: justify;\">\u00abLa siguiente etapa para esas personas es la de la\u00a0<b>preselecci\u00f3n<\/b>, el 16 de enero de 2024, cuando sepan a cu\u00e1les de estos beneficios podr\u00edan acceder dependiendo de la instituci\u00f3n a la que postularon, ya que no todas cuentan con todos los beneficios, y hay 45 universidades que exigen la PAES para su admisi\u00f3n, cuyos resultados estar\u00e1n disponibles el 2 de enero de 2024. Finalmente, la\u00a0<b>asignaci\u00f3n<\/b>\u202fdefinitiva de beneficios ser\u00e1 publicada el 6 de marzo de 2024, cuando las y los estudiantes se hayan matriculado en las instituciones que cumplan con los requisitos exigidos para acceder a estas ayudas estudiantiles, como, por ejemplo, estar acreditadas\u00bb, puntualiz\u00f3 Isabel Garrido.<\/p>\n<p class=\"v1MsoNormal\" style=\"text-align: justify;\">La titular de Educaci\u00f3n en la regi\u00f3n manifest\u00f3 que \u00abComo Ministerio estamos trabajando para garantizar el acceso a la educaci\u00f3n y que las y los postulantes puedan acceder a los beneficios del Estado. Por ello, es que estos procesos son muy importantes y estamos contentos de que se haya tomado el llamado de postular a los beneficios estudiantiles\u00bb.<\/p>\n<p class=\"v1MsoNormal\" style=\"text-align: justify;\">En esa l\u00f3gica, la autoridad destac\u00f3 que \u00abel proceso contin\u00faa ahora con los resultados de la PAES, los que estar\u00e1n disponibles dentro de los pr\u00f3ximos d\u00edas. Es relevante que las y los postulantes sigan con atenci\u00f3n las redes sociales de la Subsecretar\u00eda de Educaci\u00f3n Superior y revisen el portal\u00a0<a href=\"https:\/\/portal.beneficiosestudiantiles.cl\/\" target=\"_blank\" rel=\"noopener noreferrer\">beneficiosestudiantiles.cl<\/a>, donde encontrar\u00e1n el detalle de las etapas del proceso. Este es un paso m\u00e1s para muchos y muchas que buscan cumplir sus sue\u00f1os accediendo a la educaci\u00f3n superior\u00bb.<\/p>\n<p class=\"v1MsoNormal\" style=\"text-align: justify;\"><b>Resultados disponibles<\/b><\/p>\n<p class=\"v1MsoNormal\" style=\"text-align: justify;\">Quienes completaron el FUAS, podr\u00e1n ver en el portal\u00a0<a href=\"https:\/\/portal.beneficiosestudiantiles.cl\/\" target=\"_blank\" rel=\"noopener noreferrer\">beneficiosestudiantiles.cl<\/a>\u00a0uno de estos seis tipos de resultados, graficados mediante una pila con distintos niveles de carga, dependiendo de su situaci\u00f3n socioecon\u00f3mica:<\/p>\n<ol style=\"text-align: justify;\" start=\"1\" type=\"1\">\n<li class=\"v1MsoNormal\"><b>Pila llena:\u00a0<\/b>la o el estudiante podr\u00eda acceder a gratuidad, becas y\/o cr\u00e9ditos.<\/li>\n<\/ol>\n<ol style=\"text-align: justify;\" start=\"2\" type=\"1\">\n<li class=\"v1MsoNormal\"><b>Pila en tres cuartos:\u00a0<\/b>la o el estudiante podr\u00eda acceder a todas las becas y\/o cr\u00e9ditos. Adicionalmente, si se matricula en una instituci\u00f3n de educaci\u00f3n superior adscrita a gratuidad, podr\u00eda optar al cobro de un arancel ajustado a su nivel socioecon\u00f3mico.<\/li>\n<\/ol>\n<ol style=\"text-align: justify;\" start=\"3\" type=\"1\">\n<li class=\"v1MsoNormal\"><b>Pila mitad llena:<\/b>\u202fla o el estudiante podr\u00eda acceder a las becas Hijos de Profesionales de la Educaci\u00f3n, Distinci\u00f3n a las Trayectorias Educativas (DTE), Excelencia Acad\u00e9mica y a los cr\u00e9ditos. Adicionalmente, si se matricula en una instituci\u00f3n de educaci\u00f3n superior adscrita a gratuidad, podr\u00eda optar al cobro de un arancel ajustado a su nivel socioecon\u00f3mico.<\/li>\n<\/ol>\n<ol style=\"text-align: justify;\" start=\"4\" type=\"1\">\n<li class=\"v1MsoNormal\"><b>Pila en un cuarto:<\/b>\u202fla o el estudiante podr\u00eda acceder al Cr\u00e9dito con Garant\u00eda Estatal. Adicionalmente, si se matricula en una instituci\u00f3n de educaci\u00f3n superior adscrita a gratuidad, podr\u00eda optar al cobro de un arancel ajustado a su nivel socioecon\u00f3mico.<\/li>\n<\/ol>\n<ol style=\"text-align: justify;\" start=\"5\" type=\"1\">\n<li class=\"v1MsoNormal\"><b>Sin pila (1):<\/b>\u202fen ese caso, la o el estudiante deber\u00e1 realizar una evaluaci\u00f3n socioecon\u00f3mica directamente en su instituci\u00f3n de educaci\u00f3n superior.<\/li>\n<\/ol>\n<ol style=\"text-align: justify;\" start=\"6\" type=\"1\">\n<li class=\"v1MsoNormal\"><b>Sin Pila (2):<\/b>\u202fresultado para las personas que postularon solo a Beca Vocaci\u00f3n de Profesor o Reparaci\u00f3n, no cuentan con resultado de Nivel Socioecon\u00f3mico.<\/li>\n<\/ol>\n<p class=\"v1MsoNormal\" style=\"text-align: justify;\"><b>Pr\u00f3ximas etapas:\u202f<\/b><\/p>\n<ol style=\"text-align: justify;\" start=\"1\" type=\"1\">\n<li class=\"v1MsoNormal\"><b>Preselecci\u00f3n:\u00a0<\/b>Una vez publicados los resultados de la PAES y las notas de Ense\u00f1anza Media, el Mineduc informar\u00e1 a las y los postulantes si cumplen con los requisitos y condiciones para acceder a la gratuidad, becas y\/o cr\u00e9ditos de arancel. Esto ser\u00e1 informado el\u00a0<b>16 de enero de 2024.<\/b><\/li>\n<\/ol>\n<ol style=\"text-align: justify;\" start=\"2\" type=\"1\">\n<li class=\"v1MsoNormal\"><b>Matr\u00edcula y Asignaci\u00f3n:\u00a0<\/b>Para que a las y los estudiantes se les asigne un beneficio para el que resultaron preseleccionados, deben matricularse en una instituci\u00f3n de educaci\u00f3n superior que cumpla con los requisitos exigidos. Por ejemplo, no todas las instituciones est\u00e1n adscritas a la gratuidad. La asignaci\u00f3n de beneficios ser\u00e1 publicada el\u00a0<b>6 de marzo de 2024<\/b>. Quienes no obtuvieron su informaci\u00f3n socioecon\u00f3mica por no haber entregado los datos suficientes en el FUAS, tendr\u00e1n que entregar la informaci\u00f3n faltante en la instituci\u00f3n en la que se matriculen.<\/li>\n<\/ol>\n<ol style=\"text-align: justify;\" start=\"3\" type=\"1\">\n<li class=\"v1MsoNormal\"><b>Apelaci\u00f3n:<\/b>\u202fEntre el\u00a0<b>6 y el 21 de marzo de 2024<\/b>\u202fse abrir\u00e1 un per\u00edodo de apelaci\u00f3n, en caso de que no queden conformes con la asignaci\u00f3n realizada.<\/li>\n<\/ol>\n<p style=\"text-align: justify;\"><b>Nuevo per\u00edodo del FUAS:<\/b>\u00a0Adicionalmente, entre el\u00a0<b>15 de febrero y el 14 de marzo de 2024<\/b>\u202fse abrir\u00e1 un nuevo per\u00edodo de postulaci\u00f3n al FUAS, para los estudiantes antiguos y postulantes nuevos que no participaron del primer proceso.<\/p>\n<\/div><\/section><\/div><div  style='height:50px' class='hr hr-invisible   avia-builder-el-6  el_after_av_one_full  el_before_av_social_share '><span class='hr-inner ' ><span class='hr-inner-style'><\/span><\/span><\/div><\/p>\n<div  class='av-social-sharing-box  avia-builder-el-7  el_after_av_hr  el_before_av_hr  '><div class='av-share-box'><h5 class='av-share-link-description av-no-toc '>Compartir esta noticia<\/h5><ul class='av-share-box-list noLightbox'><li class='av-share-link av-social-link-facebook' ><a target=\"_blank\" aria-label=\"Compartir en Facebook\" href='https:\/\/www.facebook.com\/sharer.php?u=https:\/\/radiorevelacionfm.cl\/?p=38435&#038;t=Informan%20resultados%20de%20nivel%20socioecon%C3%B3mico%20a%20estudiantes%20que%20postularon%20a%20Beneficios%20Estudiantiles%202024' aria-hidden='false' data-av_icon='\ue8f3' data-av_iconfont='entypo-fontello' title='' data-avia-related-tooltip='Compartir en Facebook' rel=\"noopener\"><span class='avia_hidden_link_text'>Compartir en Facebook<\/span><\/a><\/li><li class='av-share-link av-social-link-twitter' ><a target=\"_blank\" aria-label=\"Compartir en Twitter\" href='https:\/\/twitter.com\/share?text=Informan%20resultados%20de%20nivel%20socioecon%C3%B3mico%20a%20estudiantes%20que%20postularon%20a%20Beneficios%20Estudiantiles%202024&#038;url=https:\/\/radiorevelacionfm.cl\/?p=38435' aria-hidden='false' data-av_icon='\ue8f1' data-av_iconfont='entypo-fontello' title='' data-avia-related-tooltip='Compartir en Twitter' rel=\"noopener\"><span class='avia_hidden_link_text'>Compartir en Twitter<\/span><\/a><\/li><li class='av-share-link av-social-link-whatsapp' ><a target=\"_blank\" aria-label=\"Compartir en Whatsapp\" href='https:\/\/api.whatsapp.com\/send?text=https:\/\/radiorevelacionfm.cl\/?p=38435' aria-hidden='false' data-av_icon='\uf232' data-av_iconfont='entypo-fontello' title='' data-avia-related-tooltip='Compartir en Whatsapp' rel=\"noopener\"><span class='avia_hidden_link_text'>Compartir en Whatsapp<\/span><\/a><\/li><li class='av-share-link av-social-link-linkedin' ><a target=\"_blank\" aria-label=\"Compartir en LinkedIn\" href='https:\/\/linkedin.com\/shareArticle?mini=true&#038;title=Informan%20resultados%20de%20nivel%20socioecon%C3%B3mico%20a%20estudiantes%20que%20postularon%20a%20Beneficios%20Estudiantiles%202024&#038;url=https:\/\/radiorevelacionfm.cl\/?p=38435' aria-hidden='false' data-av_icon='\ue8fc' data-av_iconfont='entypo-fontello' title='' data-avia-related-tooltip='Compartir en LinkedIn' rel=\"noopener\"><span class='avia_hidden_link_text'>Compartir en LinkedIn<\/span><\/a><\/li><li class='av-share-link av-social-link-mail' ><a  aria-label=\"Compartir por correo\" href='mailto:?subject=Informan%20resultados%20de%20nivel%20socioecon%C3%B3mico%20a%20estudiantes%20que%20postularon%20a%20Beneficios%20Estudiantiles%202024&#038;body=https:\/\/radiorevelacionfm.cl\/?p=38435' aria-hidden='false' data-av_icon='\ue805' data-av_iconfont='entypo-fontello' title='' data-avia-related-tooltip='Compartir por correo'><span class='avia_hidden_link_text'>Compartir por correo<\/span><\/a><\/li><\/ul><\/div><\/div>\n<div  style='height:50px' class='hr hr-invisible   avia-builder-el-8  el_after_av_social_share  el_before_av_comments_list '><span class='hr-inner ' ><span class='hr-inner-style'><\/span><\/span><\/div>\n<div  class='av-buildercomment  av-blog-meta-html-info-disabled av-blog-meta-tag-disabled  '><\/div>\n","protected":false},"excerpt":{"rendered":"","protected":false},"author":1,"featured_media":31660,"comment_status":"open","ping_status":"open","sticky":false,"template":"","format":"standard","meta":{"footnotes":""},"categories":[49],"tags":[],"class_list":["post-38435","post","type-post","status-publish","format-standard","has-post-thumbnail","hentry","category-educacion"],"jetpack_featured_media_url":"https:\/\/radiorevelacionfm.cl\/wp-content\/uploads\/2023\/06\/Seremi-Isabel-Garrido-1-1.jpg","_links":{"self":[{"href":"https:\/\/radiorevelacionfm.cl\/index.php?rest_route=\/wp\/v2\/posts\/38435","targetHints":{"allow":["GET"]}}],"collection":[{"href":"https:\/\/radiorevelacionfm.cl\/index.php?rest_route=\/wp\/v2\/posts"}],"about":[{"href":"https:\/\/radiorevelacionfm.cl\/index.php?rest_route=\/wp\/v2\/types\/post"}],"author":[{"embeddable":true,"href":"https:\/\/radiorevelacionfm.cl\/index.php?rest_route=\/wp\/v2\/users\/1"}],"replies":[{"embeddable":true,"href":"https:\/\/radiorevelacionfm.cl\/index.php?rest_route=%2Fwp%2Fv2%2Fcomments&post=38435"}],"version-history":[{"count":2,"href":"https:\/\/radiorevelacionfm.cl\/index.php?rest_route=\/wp\/v2\/posts\/38435\/revisions"}],"predecessor-version":[{"id":38437,"href":"https:\/\/radiorevelacionfm.cl\/index.php?rest_route=\/wp\/v2\/posts\/38435\/revisions\/38437"}],"wp:featuredmedia":[{"embeddable":true,"href":"https:\/\/radiorevelacionfm.cl\/index.php?rest_route=\/wp\/v2\/media\/31660"}],"wp:attachment":[{"href":"https:\/\/radiorevelacionfm.cl\/index.php?rest_route=%2Fwp%2Fv2%2Fmedia&parent=38435"}],"wp:term":[{"taxonomy":"category","embeddable":true,"href":"https:\/\/radiorevelacionfm.cl\/index.php?rest_route=%2Fwp%2Fv2%2Fcategories&post=38435"},{"taxonomy":"post_tag","embeddable":true,"href":"https:\/\/radiorevelacionfm.cl\/index.php?rest_route=%2Fwp%2Fv2%2Ftags&post=38435"}],"curies":[{"name":"wp","href":"https:\/\/api.w.org\/{rel}","templated":true}]}}