{"id":38432,"date":"2023-12-29T16:25:14","date_gmt":"2023-12-29T19:25:14","guid":{"rendered":"https:\/\/radiorevelacionfm.cl\/?p=38432"},"modified":"2023-12-29T16:25:14","modified_gmt":"2023-12-29T19:25:14","slug":"obras-portuarias-del-mop-firma-convenio-con-coopesur-para-administrar-caleta-de-pescadores-de-puerto-aguirre","status":"publish","type":"post","link":"https:\/\/radiorevelacionfm.cl\/?p=38432","title":{"rendered":"Obras Portuarias del MOP firma convenio con Coopesur para administrar caleta de pescadores de Puerto Aguirre"},"content":{"rendered":"<div class=\"flex_column av_one_full  flex_column_div av-zero-column-padding first  avia-builder-el-0  el_before_av_one_full  avia-builder-el-first  \" style='border-radius:0px; '><div  class='avia-image-container  av-styling-    avia-builder-el-1  avia-builder-el-no-sibling  avia-align-center '  itemprop=\"image\" itemscope=\"itemscope\" itemtype=\"https:\/\/schema.org\/ImageObject\"  ><div class='avia-image-container-inner'><div class='avia-image-overlay-wrap'><img decoding=\"async\" class='wp-image-38433 avia-img-lazy-loading-not-38433 avia_image' src=\"https:\/\/radiorevelacionfm.cl\/wp-content\/uploads\/2023\/12\/img-20231228-wa0012-1_optimized.jpg\" alt='' title='img-20231228-wa0012-(1)_optimized' height=\"600\" width=\"800\"  itemprop=\"thumbnailUrl\" srcset=\"https:\/\/radiorevelacionfm.cl\/wp-content\/uploads\/2023\/12\/img-20231228-wa0012-1_optimized.jpg 800w, https:\/\/radiorevelacionfm.cl\/wp-content\/uploads\/2023\/12\/img-20231228-wa0012-1_optimized-300x225.jpg 300w, https:\/\/radiorevelacionfm.cl\/wp-content\/uploads\/2023\/12\/img-20231228-wa0012-1_optimized-768x576.jpg 768w, https:\/\/radiorevelacionfm.cl\/wp-content\/uploads\/2023\/12\/img-20231228-wa0012-1_optimized-705x529.jpg 705w, https:\/\/radiorevelacionfm.cl\/wp-content\/uploads\/2023\/12\/img-20231228-wa0012-1_optimized-450x338.jpg 450w, https:\/\/radiorevelacionfm.cl\/wp-content\/uploads\/2023\/12\/img-20231228-wa0012-1_optimized-600x450.jpg 600w\" sizes=\"(max-width: 800px) 100vw, 800px\" \/><\/div><\/div><\/div><\/div><div class=\"flex_column av_one_full  flex_column_div av-zero-column-padding first  avia-builder-el-2  el_after_av_one_full  el_before_av_one_full  column-top-margin\" style='border-radius:0px; '><section class=\"av_textblock_section \"  itemscope=\"itemscope\" itemtype=\"https:\/\/schema.org\/BlogPosting\" itemprop=\"blogPost\" ><div class='avia_textblock  '   itemprop=\"text\" ><p style=\"text-align: center;\"><strong><span style=\"font-size: 18pt;\">Obras Portuarias del MOP firma convenio con Coopesur para administrar caleta de pescadores de Puerto Aguirre<\/span><\/strong><\/p>\n<div id=\"gtx-trans\" style=\"position: absolute; left: -50px; top: 4.31534px;\">\n<div class=\"gtx-trans-icon\"><\/div>\n<\/div>\n<\/div><\/section><\/div><div class=\"flex_column av_one_full  flex_column_div av-zero-column-padding first  avia-builder-el-4  el_after_av_one_full  el_before_av_hr  column-top-margin\" style='border-radius:0px; '><section class=\"av_textblock_section \"  itemscope=\"itemscope\" itemtype=\"https:\/\/schema.org\/BlogPosting\" itemprop=\"blogPost\" ><div class='avia_textblock  '   itemprop=\"text\" ><p style=\"text-align: justify;\">El Secretario Regional Ministerial de Obras P\u00fablicas, Patricio Sanhueza Ulloa, inform\u00f3 que la Direcci\u00f3n Regional de Obras Portuarias del MOP firm\u00f3 un Convenio de administraci\u00f3n y uso transitorio de la Caleta de Pescadores Artesanales en Puerto Aguirre con la Cooperativa de Pescadores Artesanales del Litoral Sur de Islas Huichas, COOPESUR representada por Jos\u00e9 Canible y Ramiro Canible.<\/p>\n<p style=\"text-align: justify;\">La autoridad regional de Obras P\u00fablicas expres\u00f3 que \u201cesta es una clara se\u00f1al de confianza y una oportunidad que el gobierno del presidente Gabriel Boric a trav\u00e9s de nuestra Direcci\u00f3n Regional de Obras Portuarias, entrega a los pescadores artesanales para que sean ellos quienes generen un plan que les permita administrar la caleta de pescadores de Puerto Aguirre y las actividades asociadas a ella. Nosotros como Ministerio de Obras P\u00fablicas construimos esta importante infraestructura para mejorar las condiciones en que los pescadores artesanales realizan sus actividades diarias, y ahora ser\u00e1n ellos quienes podr\u00e1n administrarla y desarrollar las acciones necesarias para su propio bienestar\u201d.<\/p>\n<p style=\"text-align: justify;\">Este Convenio nace a partir de una solicitud de los propios pescadores artesanales reunidos en COOPESUR quienes manifestaron inter\u00e9s por administrar la Caleta de Pescadores, la que llevaba muchos a\u00f1os sin una adecuada operaci\u00f3n y en condiciones de mantenci\u00f3n y de seguridad deficiente, as\u00ed que en el ejercicio de un trabajo mancomunado y colaborativo, el Director Regional de Obras Portuarias del Ministerio de Obras P\u00fablicas \u00c1lvaro D\u00edaz Contreras junto a personal t\u00e9cnico de esta Direcci\u00f3n del MOP, se reunieron en diversas oportunidades con los dirigentes de COOPESUR y con autoridades locales, para desarrollar esta iniciativa y dar paso a la firma este mes del Convenio, el que tiene un plazo de ejecuci\u00f3n de un a\u00f1o y ser\u00e1 supervisado por la Direcci\u00f3n Regional de Obras Portuarias del MOP.<\/p>\n<p style=\"text-align: justify;\">Sobre el particular, \u00c1lvaro D\u00edaz Contreras detall\u00f3 algunos aspectos relevantes, indicando que \u201cen este caso, la COOPESUR se hace cargo de las instalaciones de los sectores destinados para la pesca artesanal como son la explanada, muelle y pa\u00f1oles, en donde ellos van a tener la potestad de asignar usos ordenados en la operaci\u00f3n de todas las actividades asociadas a la pesca artesanal, y sobre la base de un plan de administraci\u00f3n que ellos van a elaborar se van a poder realizar cobros a quienes hagan uso de esta infraestructura, \u00a0porque la actividad de la pesca artesanal tiene asociada a este rubro una serie de servicios que tienen que ser administrados, por los sindicatos o cooperativas de pesca artesanal \u2013como es en este caso- y\/o las asociaciones, siempre con el \u00e1nimo de dar un adecuada operaci\u00f3n y hacer mantenci\u00f3n a la infraestructura. Todos estos cobros deben ser declarados y mantener una contabilidad rigurosa para generar transparencia en la administraci\u00f3n de la Caleta\u201d.<\/p>\n<p style=\"text-align: justify;\">Cabe se\u00f1alar que, como forma de trabajo permanente en toda la regi\u00f3n de Ays\u00e9n, la Direcci\u00f3n Regional de Obras Portuarias MOP ha estado trabajando con los diferentes sindicatos de pescadores de la regi\u00f3n para poder otorgar las condiciones \u00f3ptimas de uso, de operaci\u00f3n y de seguridad para toda la infraestructura portuaria asociada a la pesca artesanal. En este contexto, \u00c1lvaro D\u00edaz indic\u00f3 que \u201chemos tenido reuniones con sindicatos en Puerto Cisnes, Melinka, Puerto Gaviota, Puerto Aguirre y Puerto Ra\u00fal Mar\u00edn Balmaceda en donde instauramos la necesidad de que la infraestructura que construimos y que se entrega para la explotaci\u00f3n de la pesca artesanal tenga una adecuada administraci\u00f3n, lo que significa generar una mantenci\u00f3n mucho m\u00e1s rigurosa y acorde a lo que se requiere para este tipo de instalaciones, por lo tanto para nosotros es esencial que los Sindicatos est\u00e9n interesados en administrar esta infraestructura y trabajar en forma colaborativa generando proyectos de conservaci\u00f3n, que en el caso del Estado son de cinco a diez a\u00f1os y en el caso del sector de la pesca artesanal puede intervenir mensual o anualmente la infraestructura para que \u00e9sta se mantenga en condiciones de seguridad \u00f3ptimas para una adecuada explotaci\u00f3n\u201d.<\/p>\n<\/div><\/section><\/div><div  style='height:50px' class='hr hr-invisible   avia-builder-el-6  el_after_av_one_full  el_before_av_social_share '><span class='hr-inner ' ><span class='hr-inner-style'><\/span><\/span><\/div><\/p>\n<div  class='av-social-sharing-box  avia-builder-el-7  el_after_av_hr  el_before_av_hr  '><div class='av-share-box'><h5 class='av-share-link-description av-no-toc '>Compartir esta noticia<\/h5><ul class='av-share-box-list noLightbox'><li class='av-share-link av-social-link-facebook' ><a target=\"_blank\" aria-label=\"Compartir en Facebook\" href='https:\/\/www.facebook.com\/sharer.php?u=https:\/\/radiorevelacionfm.cl\/?p=38432&#038;t=Obras%20Portuarias%20del%20MOP%20firma%20convenio%20con%20Coopesur%20para%20administrar%20caleta%20de%20pescadores%20de%20Puerto%20Aguirre' aria-hidden='false' data-av_icon='\ue8f3' data-av_iconfont='entypo-fontello' title='' data-avia-related-tooltip='Compartir en Facebook' rel=\"noopener\"><span class='avia_hidden_link_text'>Compartir en Facebook<\/span><\/a><\/li><li class='av-share-link av-social-link-twitter' ><a target=\"_blank\" aria-label=\"Compartir en Twitter\" href='https:\/\/twitter.com\/share?text=Obras%20Portuarias%20del%20MOP%20firma%20convenio%20con%20Coopesur%20para%20administrar%20caleta%20de%20pescadores%20de%20Puerto%20Aguirre&#038;url=https:\/\/radiorevelacionfm.cl\/?p=38432' aria-hidden='false' data-av_icon='\ue8f1' data-av_iconfont='entypo-fontello' title='' data-avia-related-tooltip='Compartir en Twitter' rel=\"noopener\"><span class='avia_hidden_link_text'>Compartir en Twitter<\/span><\/a><\/li><li class='av-share-link av-social-link-whatsapp' ><a target=\"_blank\" aria-label=\"Compartir en Whatsapp\" href='https:\/\/api.whatsapp.com\/send?text=https:\/\/radiorevelacionfm.cl\/?p=38432' aria-hidden='false' data-av_icon='\uf232' data-av_iconfont='entypo-fontello' title='' data-avia-related-tooltip='Compartir en Whatsapp' rel=\"noopener\"><span class='avia_hidden_link_text'>Compartir en Whatsapp<\/span><\/a><\/li><li class='av-share-link av-social-link-linkedin' ><a target=\"_blank\" aria-label=\"Compartir en LinkedIn\" href='https:\/\/linkedin.com\/shareArticle?mini=true&#038;title=Obras%20Portuarias%20del%20MOP%20firma%20convenio%20con%20Coopesur%20para%20administrar%20caleta%20de%20pescadores%20de%20Puerto%20Aguirre&#038;url=https:\/\/radiorevelacionfm.cl\/?p=38432' aria-hidden='false' data-av_icon='\ue8fc' data-av_iconfont='entypo-fontello' title='' data-avia-related-tooltip='Compartir en LinkedIn' rel=\"noopener\"><span class='avia_hidden_link_text'>Compartir en LinkedIn<\/span><\/a><\/li><li class='av-share-link av-social-link-mail' ><a  aria-label=\"Compartir por correo\" href='mailto:?subject=Obras%20Portuarias%20del%20MOP%20firma%20convenio%20con%20Coopesur%20para%20administrar%20caleta%20de%20pescadores%20de%20Puerto%20Aguirre&#038;body=https:\/\/radiorevelacionfm.cl\/?p=38432' aria-hidden='false' data-av_icon='\ue805' data-av_iconfont='entypo-fontello' title='' data-avia-related-tooltip='Compartir por correo'><span class='avia_hidden_link_text'>Compartir por correo<\/span><\/a><\/li><\/ul><\/div><\/div>\n<div  style='height:50px' class='hr hr-invisible   avia-builder-el-8  el_after_av_social_share  el_before_av_comments_list '><span class='hr-inner ' ><span class='hr-inner-style'><\/span><\/span><\/div>\n<div  class='av-buildercomment  av-blog-meta-html-info-disabled av-blog-meta-tag-disabled  '><\/div>\n","protected":false},"excerpt":{"rendered":"","protected":false},"author":1,"featured_media":38433,"comment_status":"open","ping_status":"open","sticky":false,"template":"","format":"standard","meta":{"footnotes":""},"categories":[38],"tags":[],"class_list":["post-38432","post","type-post","status-publish","format-standard","has-post-thumbnail","hentry","category-regional"],"jetpack_featured_media_url":"https:\/\/radiorevelacionfm.cl\/wp-content\/uploads\/2023\/12\/img-20231228-wa0012-1_optimized.jpg","_links":{"self":[{"href":"https:\/\/radiorevelacionfm.cl\/index.php?rest_route=\/wp\/v2\/posts\/38432","targetHints":{"allow":["GET"]}}],"collection":[{"href":"https:\/\/radiorevelacionfm.cl\/index.php?rest_route=\/wp\/v2\/posts"}],"about":[{"href":"https:\/\/radiorevelacionfm.cl\/index.php?rest_route=\/wp\/v2\/types\/post"}],"author":[{"embeddable":true,"href":"https:\/\/radiorevelacionfm.cl\/index.php?rest_route=\/wp\/v2\/users\/1"}],"replies":[{"embeddable":true,"href":"https:\/\/radiorevelacionfm.cl\/index.php?rest_route=%2Fwp%2Fv2%2Fcomments&post=38432"}],"version-history":[{"count":1,"href":"https:\/\/radiorevelacionfm.cl\/index.php?rest_route=\/wp\/v2\/posts\/38432\/revisions"}],"predecessor-version":[{"id":38434,"href":"https:\/\/radiorevelacionfm.cl\/index.php?rest_route=\/wp\/v2\/posts\/38432\/revisions\/38434"}],"wp:featuredmedia":[{"embeddable":true,"href":"https:\/\/radiorevelacionfm.cl\/index.php?rest_route=\/wp\/v2\/media\/38433"}],"wp:attachment":[{"href":"https:\/\/radiorevelacionfm.cl\/index.php?rest_route=%2Fwp%2Fv2%2Fmedia&parent=38432"}],"wp:term":[{"taxonomy":"category","embeddable":true,"href":"https:\/\/radiorevelacionfm.cl\/index.php?rest_route=%2Fwp%2Fv2%2Fcategories&post=38432"},{"taxonomy":"post_tag","embeddable":true,"href":"https:\/\/radiorevelacionfm.cl\/index.php?rest_route=%2Fwp%2Fv2%2Ftags&post=38432"}],"curies":[{"name":"wp","href":"https:\/\/api.w.org\/{rel}","templated":true}]}}