{"id":38429,"date":"2023-12-29T17:15:34","date_gmt":"2023-12-29T20:15:34","guid":{"rendered":"https:\/\/radiorevelacionfm.cl\/?p=38429"},"modified":"2023-12-29T17:15:34","modified_gmt":"2023-12-29T20:15:34","slug":"red-de-salud-se-prepara-para-fiestas-de-fin-de-ano-y-eventual-aumento-de-la-demanda-de-servicios-de-urgencia","status":"publish","type":"post","link":"https:\/\/radiorevelacionfm.cl\/?p=38429","title":{"rendered":"Red de Salud se prepara para Fiestas de Fin de A\u00f1o y eventual aumento de la demanda de servicios de urgencia"},"content":{"rendered":"<div class=\"flex_column av_one_full  flex_column_div av-zero-column-padding first  avia-builder-el-0  el_before_av_one_full  avia-builder-el-first  \" style='border-radius:0px; '><div  class='avia-image-container  av-styling-    avia-builder-el-1  avia-builder-el-no-sibling  avia-align-center '  itemprop=\"image\" itemscope=\"itemscope\" itemtype=\"https:\/\/schema.org\/ImageObject\"  ><div class='avia-image-container-inner'><div class='avia-image-overlay-wrap'><img decoding=\"async\" class='wp-image-38430 avia-img-lazy-loading-not-38430 avia_image' src=\"https:\/\/radiorevelacionfm.cl\/wp-content\/uploads\/2023\/12\/hospital-puerto-aysEn-1-1-1_optimized-1-1.jpeg\" alt='' title='hospital-puerto-ays\u00c9n-(1)-(1)-(1)_optimized (1) (1)' height=\"600\" width=\"1063\"  itemprop=\"thumbnailUrl\" srcset=\"https:\/\/radiorevelacionfm.cl\/wp-content\/uploads\/2023\/12\/hospital-puerto-aysEn-1-1-1_optimized-1-1.jpeg 1063w, https:\/\/radiorevelacionfm.cl\/wp-content\/uploads\/2023\/12\/hospital-puerto-aysEn-1-1-1_optimized-1-1-300x169.jpeg 300w, https:\/\/radiorevelacionfm.cl\/wp-content\/uploads\/2023\/12\/hospital-puerto-aysEn-1-1-1_optimized-1-1-1030x581.jpeg 1030w, https:\/\/radiorevelacionfm.cl\/wp-content\/uploads\/2023\/12\/hospital-puerto-aysEn-1-1-1_optimized-1-1-768x433.jpeg 768w, https:\/\/radiorevelacionfm.cl\/wp-content\/uploads\/2023\/12\/hospital-puerto-aysEn-1-1-1_optimized-1-1-705x398.jpeg 705w, https:\/\/radiorevelacionfm.cl\/wp-content\/uploads\/2023\/12\/hospital-puerto-aysEn-1-1-1_optimized-1-1-450x254.jpeg 450w, https:\/\/radiorevelacionfm.cl\/wp-content\/uploads\/2023\/12\/hospital-puerto-aysEn-1-1-1_optimized-1-1-600x339.jpeg 600w\" sizes=\"(max-width: 1063px) 100vw, 1063px\" \/><\/div><\/div><\/div><\/div><div class=\"flex_column av_one_full  flex_column_div av-zero-column-padding first  avia-builder-el-2  el_after_av_one_full  el_before_av_one_full  column-top-margin\" style='border-radius:0px; '><section class=\"av_textblock_section \"  itemscope=\"itemscope\" itemtype=\"https:\/\/schema.org\/BlogPosting\" itemprop=\"blogPost\" ><div class='avia_textblock  '   itemprop=\"text\" ><p style=\"text-align: center;\"><span style=\"font-size: 18pt;\"><b>Red de Salud se prepara para Fiestas de Fin de A\u00f1o y eventual aumento de la demanda de servicios de urgencia<\/b><\/span><\/p>\n<div id=\"gtx-trans\" style=\"position: absolute; left: -50px; top: 4.31534px;\">\n<div class=\"gtx-trans-icon\"><\/div>\n<\/div>\n<\/div><\/section><\/div><div class=\"flex_column av_one_full  flex_column_div av-zero-column-padding first  avia-builder-el-4  el_after_av_one_full  el_before_av_hr  column-top-margin\" style='border-radius:0px; '><section class=\"av_textblock_section \"  itemscope=\"itemscope\" itemtype=\"https:\/\/schema.org\/BlogPosting\" itemprop=\"blogPost\" ><div class='avia_textblock  '   itemprop=\"text\" ><p style=\"font-weight: 400; text-align: justify;\">En el marco de la celebraci\u00f3n del A\u00f1o Nuevo 2024, las autoridades hicieron un llamado a hacer un buen uso de la Red Asistencial y celebrar con moderaci\u00f3n, tanto en el consumo de alimentos, como en la ingesta de alcohol.<\/p>\n<p style=\"font-weight: 400; text-align: justify;\">En este sentido, el director del Servicio de Salud Ays\u00e9n, Juan Pablo Bravo, indic\u00f3 que \u201cjunto con desearles a todos un buen fin de a\u00f1o y un 2024 lleno de felicidad y \u00e9xitos, quiero informarles que nuestra Red est\u00e1 preparada, desde Guaitecas a Villa O\u2019Higgins, para dar respuesta a las necesidades que se puedan presentar. Los quiero invitar a celebrar y disfrutar esta fiesta con sus amigos y familia, evitando situaciones de riesgo y a hacer un buen uso de nuestra Red Asistencial\u201d.<\/p>\n<p style=\"font-weight: 400; text-align: justify;\">Los esfuerzos se concentran en la prevenci\u00f3n y evitar que los servicios de urgencia se vean sobrepasados por eso el llamado a la comunidad es a recordar que en Coyhaique estar\u00e1 disponible la atenci\u00f3n en el SAPU.<\/p>\n<p style=\"font-weight: 400; text-align: justify;\">\u201cEl servicio de urgencia de atenci\u00f3n primaria que est\u00e1 adosado a nuestro establecimiento va atender como de costumbre en horarios de fin de semana desde las 12 del d\u00eda a cero horas, excepto el domingo 31 que atender\u00e1 hasta las diez de la noche. Vamos a tener disponibles un m\u00e9dico, enfermera y t\u00e9cnicos param\u00e9dicos que estar\u00e1n atentos a las necesidades de las y los usuarios\u201d, precis\u00f3 Pamela Rojas, directora del CESFAM Dr. Alejandro Guti\u00e9rrez.<\/p>\n<p style=\"font-weight: 400; text-align: justify;\">Este dispositivo atiende urgencias que se relacionan con la denominada categorizaci\u00f3n C5 que son emergencia o patolog\u00edas agudas. \u201cEl SAPU tiene atenci\u00f3n m\u00e9dica y procedimientos para tratamiento endovenosos y curaciones, entre otros\u201d, agreg\u00f3 Rojas.<\/p>\n<p style=\"font-weight: 400; text-align: justify;\"><strong>Hospital Regional y Puerto Ays\u00e9n<\/strong><\/p>\n<p style=\"font-weight: 400; text-align: justify;\">En esta fecha del a\u00f1o los principales establecimientos de nuestra red incrementan su demanda, por accidentes y descompensaci\u00f3n de patolog\u00edas cr\u00f3nicas. Por eso existe un completo plan de contingencia que incluye especialistas de llamado en caso de pacientes que se encuentren en riesgo vital.<\/p>\n<p style=\"font-weight: 400; text-align: justify;\">\u201cInvitamos a hacer un buen uso, ya que somos el \u00fanico centro de mayor complejidad de la regi\u00f3n y por ende recibimos todas las emergencias que vienen de las localidades m\u00e1s peque\u00f1as, as\u00ed que le solicitamos hacer un correcto uso de este dispositivo\u201d, dijo Silvana Villegas, enfermera jefe unidad de emergencia hospitalaria adultos HRC.<\/p>\n<p style=\"font-weight: 400; text-align: justify;\">Daniel Aravena, director (S) HRC invit\u00f3 a que \u201clas patolog\u00edas m\u00e1s sencillas o m\u00e1s simples lo hagan a trav\u00e9s del SAPU, las postas de salud rural y establecimientos de menor complejidad, para que nuestro servicio de urgencia est\u00e9 lo menos colapsado posible\u201d.<\/p>\n<p style=\"font-weight: 400; text-align: justify;\">Tambi\u00e9n el Hospital de Puerto Ays\u00e9n est\u00e1 preparado para resolver la mayor demanda que se genera en a\u00f1o nuevo.<\/p>\n<p style=\"font-weight: 400; text-align: justify;\">\u201cVamos a contar con la dotaci\u00f3n completa de profesionales para disposici\u00f3n de la comunidad. Los invitamos a cuidarse, a celebrar con responsabilidad y consultar en el servicio de urgencias solo cuando lo consideren necesario, a moderar el consumo de alcohol, comer saludable, si asisten con s\u00edntomas respiratorios presentarse con mascarillas, en lo posible con un acompa\u00f1ante para no saturar la sala de espera\u201d, puntualiz\u00f3 Daniel Donoso, enfermero del servicio de urgencia del hospital porte\u00f1o.<\/p>\n<p style=\"font-weight: 400; text-align: justify;\"><strong>Autoridad Sanitaria<\/strong><\/p>\n<p style=\"font-weight: 400; text-align: justify;\">Desde la Autoridad Sanitaria recordaron que todos los d\u00edas, las 24 horas, se encuentran disponibles servicios como la L\u00ednea de Prevenci\u00f3n del Suicidio *4141, al igual que Salud Responde 600 360 77 77 para aquellos casos de menor gravedad o quienes requieran orientaciones generales.<\/p>\n<p style=\"font-weight: 400; text-align: justify;\">La Seremi de Salud, Carmen Monsalve, agreg\u00f3 que es positivo \u201cbuscar los espacios de convivencia, construir relaciones sociales son un factor protector para todos nosotros es importante escuchar y conversar y expresar nuestras emociones, evitemos el consumo de alcohol y drogas, sobre todo personas que est\u00e1n enfrentando problemas de salud mental, pero mucho m\u00e1s importante recalcar que existen v\u00edas y mecanismos para que estas personas puedan solicitar ayuda\u201d.<\/p>\n<p style=\"font-weight: 400; text-align: justify;\">Cabe recordar que ante aquellas emergencias de mayor riesgo siempre est\u00e1n disponibles los m\u00f3viles b\u00e1sicos y avanzados de SAMU desplegados en distintos puntos de la regi\u00f3n. Las autoridades recordaron hacer buen uso del 131 para evitar colapsar esta l\u00ednea dispuesta para responder a las urgencias que se pueden presentar en estas fechas.<\/p>\n<\/div><\/section><\/div><div  style='height:50px' class='hr hr-invisible   avia-builder-el-6  el_after_av_one_full  el_before_av_social_share '><span class='hr-inner ' ><span class='hr-inner-style'><\/span><\/span><\/div><\/p>\n<div  class='av-social-sharing-box  avia-builder-el-7  el_after_av_hr  el_before_av_hr  '><div class='av-share-box'><h5 class='av-share-link-description av-no-toc '>Compartir esta noticia<\/h5><ul class='av-share-box-list noLightbox'><li class='av-share-link av-social-link-facebook' ><a target=\"_blank\" aria-label=\"Compartir en Facebook\" href='https:\/\/www.facebook.com\/sharer.php?u=https:\/\/radiorevelacionfm.cl\/?p=38429&#038;t=Red%20de%20Salud%20se%20prepara%20para%20Fiestas%20de%20Fin%20de%20A%C3%B1o%20y%20eventual%20aumento%20de%20la%20demanda%20de%20servicios%20de%20urgencia' aria-hidden='false' data-av_icon='\ue8f3' data-av_iconfont='entypo-fontello' title='' data-avia-related-tooltip='Compartir en Facebook' rel=\"noopener\"><span class='avia_hidden_link_text'>Compartir en Facebook<\/span><\/a><\/li><li class='av-share-link av-social-link-twitter' ><a target=\"_blank\" aria-label=\"Compartir en Twitter\" href='https:\/\/twitter.com\/share?text=Red%20de%20Salud%20se%20prepara%20para%20Fiestas%20de%20Fin%20de%20A%C3%B1o%20y%20eventual%20aumento%20de%20la%20demanda%20de%20servicios%20de%20urgencia&#038;url=https:\/\/radiorevelacionfm.cl\/?p=38429' aria-hidden='false' data-av_icon='\ue8f1' data-av_iconfont='entypo-fontello' title='' data-avia-related-tooltip='Compartir en Twitter' rel=\"noopener\"><span class='avia_hidden_link_text'>Compartir en Twitter<\/span><\/a><\/li><li class='av-share-link av-social-link-whatsapp' ><a target=\"_blank\" aria-label=\"Compartir en Whatsapp\" href='https:\/\/api.whatsapp.com\/send?text=https:\/\/radiorevelacionfm.cl\/?p=38429' aria-hidden='false' data-av_icon='\uf232' data-av_iconfont='entypo-fontello' title='' data-avia-related-tooltip='Compartir en Whatsapp' rel=\"noopener\"><span class='avia_hidden_link_text'>Compartir en Whatsapp<\/span><\/a><\/li><li class='av-share-link av-social-link-linkedin' ><a target=\"_blank\" aria-label=\"Compartir en LinkedIn\" href='https:\/\/linkedin.com\/shareArticle?mini=true&#038;title=Red%20de%20Salud%20se%20prepara%20para%20Fiestas%20de%20Fin%20de%20A%C3%B1o%20y%20eventual%20aumento%20de%20la%20demanda%20de%20servicios%20de%20urgencia&#038;url=https:\/\/radiorevelacionfm.cl\/?p=38429' aria-hidden='false' data-av_icon='\ue8fc' data-av_iconfont='entypo-fontello' title='' data-avia-related-tooltip='Compartir en LinkedIn' rel=\"noopener\"><span class='avia_hidden_link_text'>Compartir en LinkedIn<\/span><\/a><\/li><li class='av-share-link av-social-link-mail' ><a  aria-label=\"Compartir por correo\" href='mailto:?subject=Red%20de%20Salud%20se%20prepara%20para%20Fiestas%20de%20Fin%20de%20A%C3%B1o%20y%20eventual%20aumento%20de%20la%20demanda%20de%20servicios%20de%20urgencia&#038;body=https:\/\/radiorevelacionfm.cl\/?p=38429' aria-hidden='false' data-av_icon='\ue805' data-av_iconfont='entypo-fontello' title='' data-avia-related-tooltip='Compartir por correo'><span class='avia_hidden_link_text'>Compartir por correo<\/span><\/a><\/li><\/ul><\/div><\/div>\n<div  style='height:50px' class='hr hr-invisible   avia-builder-el-8  el_after_av_social_share  el_before_av_comments_list '><span class='hr-inner ' ><span class='hr-inner-style'><\/span><\/span><\/div>\n<div  class='av-buildercomment  av-blog-meta-html-info-disabled av-blog-meta-tag-disabled  '><\/div>\n","protected":false},"excerpt":{"rendered":"","protected":false},"author":1,"featured_media":38430,"comment_status":"open","ping_status":"open","sticky":false,"template":"","format":"standard","meta":{"footnotes":""},"categories":[46],"tags":[],"class_list":["post-38429","post","type-post","status-publish","format-standard","has-post-thumbnail","hentry","category-salud"],"jetpack_featured_media_url":"https:\/\/radiorevelacionfm.cl\/wp-content\/uploads\/2023\/12\/hospital-puerto-aysEn-1-1-1_optimized-1-1.jpeg","_links":{"self":[{"href":"https:\/\/radiorevelacionfm.cl\/index.php?rest_route=\/wp\/v2\/posts\/38429","targetHints":{"allow":["GET"]}}],"collection":[{"href":"https:\/\/radiorevelacionfm.cl\/index.php?rest_route=\/wp\/v2\/posts"}],"about":[{"href":"https:\/\/radiorevelacionfm.cl\/index.php?rest_route=\/wp\/v2\/types\/post"}],"author":[{"embeddable":true,"href":"https:\/\/radiorevelacionfm.cl\/index.php?rest_route=\/wp\/v2\/users\/1"}],"replies":[{"embeddable":true,"href":"https:\/\/radiorevelacionfm.cl\/index.php?rest_route=%2Fwp%2Fv2%2Fcomments&post=38429"}],"version-history":[{"count":1,"href":"https:\/\/radiorevelacionfm.cl\/index.php?rest_route=\/wp\/v2\/posts\/38429\/revisions"}],"predecessor-version":[{"id":38431,"href":"https:\/\/radiorevelacionfm.cl\/index.php?rest_route=\/wp\/v2\/posts\/38429\/revisions\/38431"}],"wp:featuredmedia":[{"embeddable":true,"href":"https:\/\/radiorevelacionfm.cl\/index.php?rest_route=\/wp\/v2\/media\/38430"}],"wp:attachment":[{"href":"https:\/\/radiorevelacionfm.cl\/index.php?rest_route=%2Fwp%2Fv2%2Fmedia&parent=38429"}],"wp:term":[{"taxonomy":"category","embeddable":true,"href":"https:\/\/radiorevelacionfm.cl\/index.php?rest_route=%2Fwp%2Fv2%2Fcategories&post=38429"},{"taxonomy":"post_tag","embeddable":true,"href":"https:\/\/radiorevelacionfm.cl\/index.php?rest_route=%2Fwp%2Fv2%2Ftags&post=38429"}],"curies":[{"name":"wp","href":"https:\/\/api.w.org\/{rel}","templated":true}]}}