{"id":38426,"date":"2023-12-29T14:43:05","date_gmt":"2023-12-29T17:43:05","guid":{"rendered":"https:\/\/radiorevelacionfm.cl\/?p=38426"},"modified":"2023-12-29T14:43:05","modified_gmt":"2023-12-29T17:43:05","slug":"fiscalizacion-aerea-por-parte-de-sernapesca-aysen-permitio-detectar-125-embarcaciones-operando-de-manera-ilegal-durante-el-2023","status":"publish","type":"post","link":"https:\/\/radiorevelacionfm.cl\/?p=38426","title":{"rendered":"Fiscalizaci\u00f3n a\u00e9rea por parte de Sernapesca Ays\u00e9n permiti\u00f3 detectar 125 embarcaciones operando de manera ilegal durante el 2023"},"content":{"rendered":"<div class=\"flex_column av_one_full  flex_column_div av-zero-column-padding first  avia-builder-el-0  el_before_av_one_full  avia-builder-el-first  \" style='border-radius:0px; '><div  class='avia-image-container  av-styling-    avia-builder-el-1  avia-builder-el-no-sibling  avia-align-center '  itemprop=\"image\" itemscope=\"itemscope\" itemtype=\"https:\/\/schema.org\/ImageObject\"  ><div class='avia-image-container-inner'><div class='avia-image-overlay-wrap'><img decoding=\"async\" class='wp-image-38427 avia-img-lazy-loading-not-38427 avia_image' src=\"https:\/\/radiorevelacionfm.cl\/wp-content\/uploads\/2023\/12\/diseno-sin-titulo-40-1_optimized.jpg\" alt='' title='dise\u00f1o-sin-t\u00edtulo-(40)-(1)_optimized' height=\"600\" width=\"800\"  itemprop=\"thumbnailUrl\" srcset=\"https:\/\/radiorevelacionfm.cl\/wp-content\/uploads\/2023\/12\/diseno-sin-titulo-40-1_optimized.jpg 800w, https:\/\/radiorevelacionfm.cl\/wp-content\/uploads\/2023\/12\/diseno-sin-titulo-40-1_optimized-300x225.jpg 300w, https:\/\/radiorevelacionfm.cl\/wp-content\/uploads\/2023\/12\/diseno-sin-titulo-40-1_optimized-768x576.jpg 768w, https:\/\/radiorevelacionfm.cl\/wp-content\/uploads\/2023\/12\/diseno-sin-titulo-40-1_optimized-705x529.jpg 705w, https:\/\/radiorevelacionfm.cl\/wp-content\/uploads\/2023\/12\/diseno-sin-titulo-40-1_optimized-450x338.jpg 450w, https:\/\/radiorevelacionfm.cl\/wp-content\/uploads\/2023\/12\/diseno-sin-titulo-40-1_optimized-600x450.jpg 600w\" sizes=\"(max-width: 800px) 100vw, 800px\" \/><\/div><\/div><\/div><\/div><div class=\"flex_column av_one_full  flex_column_div av-zero-column-padding first  avia-builder-el-2  el_after_av_one_full  el_before_av_one_full  column-top-margin\" style='border-radius:0px; '><section class=\"av_textblock_section \"  itemscope=\"itemscope\" itemtype=\"https:\/\/schema.org\/BlogPosting\" itemprop=\"blogPost\" ><div class='avia_textblock  '   itemprop=\"text\" ><p style=\"text-align: center;\"><strong><span style=\"font-size: 18pt;\">Fiscalizaci\u00f3n a\u00e9rea por parte de Sernapesca Ays\u00e9n permiti\u00f3 detectar 125 embarcaciones operando de manera ilegal durante el 2023<\/span><\/strong><\/p>\n<div id=\"gtx-trans\" style=\"position: absolute; left: -50px; top: 4.31534px;\">\n<div class=\"gtx-trans-icon\"><\/div>\n<\/div>\n<\/div><\/section><\/div><div class=\"flex_column av_one_full  flex_column_div av-zero-column-padding first  avia-builder-el-4  el_after_av_one_full  el_before_av_hr  column-top-margin\" style='border-radius:0px; '><section class=\"av_textblock_section \"  itemscope=\"itemscope\" itemtype=\"https:\/\/schema.org\/BlogPosting\" itemprop=\"blogPost\" ><div class='avia_textblock  '   itemprop=\"text\" ><p class=\"m_-4733618518780467596MsoBodyText\" style=\"text-align: justify;\"><span lang=\"ES-TRAD\">Durante las fiscalizaciones a\u00e9reas realizadas por el Servicio Nacional de Pesca y Acuicultura (Sernapesca) de la regi\u00f3n de Ays\u00e9n en el 2023, se logr\u00f3 detectar un total de 222 embarcaciones, de las cuales 125 estaban operando de manera ilegal, es decir el 56%. Esto corresponde a la tasa m\u00e1s alta registrada desde el inicio del programa de fiscalizaci\u00f3n a\u00e9rea en el a\u00f1o 2017.<u><\/u><u><\/u><\/span><\/p>\n<p class=\"m_-4733618518780467596MsoBodyText\" style=\"text-align: justify;\"><span lang=\"ES-TRAD\">Estas fiscalizaciones se concentraron en \u00e1reas de riesgo predefinidas mediante el modelo de fiscalizaci\u00f3n documental del organismo fiscalizador. \u201cNuestro equipo reconoce previamente estas \u00e1reas en funci\u00f3n de las pesquer\u00edas estrat\u00e9gicas de la regi\u00f3n y entre las que encuentran sectores insertos dentro del Convenio de Zonas Contiguas, as\u00ed como tambi\u00e9n \u00e1reas geogr\u00e1ficas que est\u00e1n catalogadas dentro del \u00e1mbito de la conservaci\u00f3n como el \u00c1rea Marina Costera Protegida de M\u00faltiples Usos Pitipalena A\u00f1ihue y el Parque Laguna San Rafael\u201d, asegur\u00f3 Juan Carlos Orellana, director regional (s) de Sernapesca Ays\u00e9n.<u><\/u><u><\/u><\/span><\/p>\n<p class=\"m_-4733618518780467596MsoBodyText\" style=\"text-align: justify;\"><span lang=\"ES-TRAD\">En total se recorri\u00f3 una distancia aproximada de 5.700 kil\u00f3metros, y posterior a los vuelos se realiz\u00f3, por parte del equipo fiscalizador, la revisi\u00f3n de 4.995 fotograf\u00edas tomadas durante las inspecciones a\u00e9reas para luego realizar el an\u00e1lisis documental y determinar las infracciones. Los registros obtenidos durante las fiscalizaciones son medios de verificaci\u00f3n para denuncias en tribunales.<u><\/u><u><\/u><\/span><\/p>\n<p class=\"m_-4733618518780467596MsoBodyText\" style=\"text-align: justify;\"><span lang=\"ES-TRAD\">De los resultados del programa y considerando el total de embarcaciones avistadas, el 91,0% se encontraban realizando pesca extractiva, el 4,5% correspondi\u00f3 a lanchas transportadoras, y el 4,5% restante correspond\u00edan al sector acu\u00edcola. Esto indica que 172 embarcaciones estaban realizando actividades sobre pesquer\u00edas bent\u00f3nicas (luga roja, erizo y almeja), 29 en pesquer\u00edas demersales (merluza del sur y congrio dorado), 11 en prestaci\u00f3n de servicios a la acuicultura, 7 en pesquer\u00edas pel\u00e1gicas (reineta), y finalmente, 3 en crust\u00e1ceos (centolla y jaiba marmola).<u><\/u><u><\/u><\/span><\/p>\n<p class=\"m_-4733618518780467596MsoBodyText\" style=\"text-align: justify;\"><span lang=\"ES-TRAD\">Sernapesca reafirm\u00f3 su compromiso de continuar con las fiscalizaciones a\u00e9reas en 2024 con el objetivo de garantizar el cumplimiento normativo en toda la regi\u00f3n de Ays\u00e9n. Este esfuerzo es crucial para preservar la sostenibilidad de las pesquer\u00edas y del sector pesquero artesanal.<\/span><\/p>\n<\/div><\/section><\/div><div  style='height:50px' class='hr hr-invisible   avia-builder-el-6  el_after_av_one_full  el_before_av_social_share '><span class='hr-inner ' ><span class='hr-inner-style'><\/span><\/span><\/div><\/p>\n<div  class='av-social-sharing-box  avia-builder-el-7  el_after_av_hr  el_before_av_hr  '><div class='av-share-box'><h5 class='av-share-link-description av-no-toc '>Compartir esta noticia<\/h5><ul class='av-share-box-list noLightbox'><li class='av-share-link av-social-link-facebook' ><a target=\"_blank\" aria-label=\"Compartir en Facebook\" href='https:\/\/www.facebook.com\/sharer.php?u=https:\/\/radiorevelacionfm.cl\/?p=38426&#038;t=Fiscalizaci%C3%B3n%20a%C3%A9rea%20por%20parte%20de%20Sernapesca%20Ays%C3%A9n%20permiti%C3%B3%20detectar%20125%20embarcaciones%20operando%20de%20manera%20ilegal%20durante%20el%202023' aria-hidden='false' data-av_icon='\ue8f3' data-av_iconfont='entypo-fontello' title='' data-avia-related-tooltip='Compartir en Facebook' rel=\"noopener\"><span class='avia_hidden_link_text'>Compartir en Facebook<\/span><\/a><\/li><li class='av-share-link av-social-link-twitter' ><a target=\"_blank\" aria-label=\"Compartir en Twitter\" href='https:\/\/twitter.com\/share?text=Fiscalizaci%C3%B3n%20a%C3%A9rea%20por%20parte%20de%20Sernapesca%20Ays%C3%A9n%20permiti%C3%B3%20detectar%20125%20embarcaciones%20operando%20de%20manera%20ilegal%20durante%20el%202023&#038;url=https:\/\/radiorevelacionfm.cl\/?p=38426' aria-hidden='false' data-av_icon='\ue8f1' data-av_iconfont='entypo-fontello' title='' data-avia-related-tooltip='Compartir en Twitter' rel=\"noopener\"><span class='avia_hidden_link_text'>Compartir en Twitter<\/span><\/a><\/li><li class='av-share-link av-social-link-whatsapp' ><a target=\"_blank\" aria-label=\"Compartir en Whatsapp\" href='https:\/\/api.whatsapp.com\/send?text=https:\/\/radiorevelacionfm.cl\/?p=38426' aria-hidden='false' data-av_icon='\uf232' data-av_iconfont='entypo-fontello' title='' data-avia-related-tooltip='Compartir en Whatsapp' rel=\"noopener\"><span class='avia_hidden_link_text'>Compartir en Whatsapp<\/span><\/a><\/li><li class='av-share-link av-social-link-linkedin' ><a target=\"_blank\" aria-label=\"Compartir en LinkedIn\" href='https:\/\/linkedin.com\/shareArticle?mini=true&#038;title=Fiscalizaci%C3%B3n%20a%C3%A9rea%20por%20parte%20de%20Sernapesca%20Ays%C3%A9n%20permiti%C3%B3%20detectar%20125%20embarcaciones%20operando%20de%20manera%20ilegal%20durante%20el%202023&#038;url=https:\/\/radiorevelacionfm.cl\/?p=38426' aria-hidden='false' data-av_icon='\ue8fc' data-av_iconfont='entypo-fontello' title='' data-avia-related-tooltip='Compartir en LinkedIn' rel=\"noopener\"><span class='avia_hidden_link_text'>Compartir en LinkedIn<\/span><\/a><\/li><li class='av-share-link av-social-link-mail' ><a  aria-label=\"Compartir por correo\" href='mailto:?subject=Fiscalizaci%C3%B3n%20a%C3%A9rea%20por%20parte%20de%20Sernapesca%20Ays%C3%A9n%20permiti%C3%B3%20detectar%20125%20embarcaciones%20operando%20de%20manera%20ilegal%20durante%20el%202023&#038;body=https:\/\/radiorevelacionfm.cl\/?p=38426' aria-hidden='false' data-av_icon='\ue805' data-av_iconfont='entypo-fontello' title='' data-avia-related-tooltip='Compartir por correo'><span class='avia_hidden_link_text'>Compartir por correo<\/span><\/a><\/li><\/ul><\/div><\/div>\n<div  style='height:50px' class='hr hr-invisible   avia-builder-el-8  el_after_av_social_share  el_before_av_comments_list '><span class='hr-inner ' ><span class='hr-inner-style'><\/span><\/span><\/div>\n<div  class='av-buildercomment  av-blog-meta-html-info-disabled av-blog-meta-tag-disabled  '><\/div>\n","protected":false},"excerpt":{"rendered":"","protected":false},"author":1,"featured_media":38427,"comment_status":"open","ping_status":"open","sticky":false,"template":"","format":"standard","meta":{"footnotes":""},"categories":[60],"tags":[],"class_list":["post-38426","post","type-post","status-publish","format-standard","has-post-thumbnail","hentry","category-pesca"],"jetpack_featured_media_url":"https:\/\/radiorevelacionfm.cl\/wp-content\/uploads\/2023\/12\/diseno-sin-titulo-40-1_optimized.jpg","_links":{"self":[{"href":"https:\/\/radiorevelacionfm.cl\/index.php?rest_route=\/wp\/v2\/posts\/38426","targetHints":{"allow":["GET"]}}],"collection":[{"href":"https:\/\/radiorevelacionfm.cl\/index.php?rest_route=\/wp\/v2\/posts"}],"about":[{"href":"https:\/\/radiorevelacionfm.cl\/index.php?rest_route=\/wp\/v2\/types\/post"}],"author":[{"embeddable":true,"href":"https:\/\/radiorevelacionfm.cl\/index.php?rest_route=\/wp\/v2\/users\/1"}],"replies":[{"embeddable":true,"href":"https:\/\/radiorevelacionfm.cl\/index.php?rest_route=%2Fwp%2Fv2%2Fcomments&post=38426"}],"version-history":[{"count":1,"href":"https:\/\/radiorevelacionfm.cl\/index.php?rest_route=\/wp\/v2\/posts\/38426\/revisions"}],"predecessor-version":[{"id":38428,"href":"https:\/\/radiorevelacionfm.cl\/index.php?rest_route=\/wp\/v2\/posts\/38426\/revisions\/38428"}],"wp:featuredmedia":[{"embeddable":true,"href":"https:\/\/radiorevelacionfm.cl\/index.php?rest_route=\/wp\/v2\/media\/38427"}],"wp:attachment":[{"href":"https:\/\/radiorevelacionfm.cl\/index.php?rest_route=%2Fwp%2Fv2%2Fmedia&parent=38426"}],"wp:term":[{"taxonomy":"category","embeddable":true,"href":"https:\/\/radiorevelacionfm.cl\/index.php?rest_route=%2Fwp%2Fv2%2Fcategories&post=38426"},{"taxonomy":"post_tag","embeddable":true,"href":"https:\/\/radiorevelacionfm.cl\/index.php?rest_route=%2Fwp%2Fv2%2Ftags&post=38426"}],"curies":[{"name":"wp","href":"https:\/\/api.w.org\/{rel}","templated":true}]}}