{"id":38420,"date":"2023-12-30T11:24:12","date_gmt":"2023-12-30T14:24:12","guid":{"rendered":"https:\/\/radiorevelacionfm.cl\/?p=38420"},"modified":"2023-12-30T11:24:12","modified_gmt":"2023-12-30T14:24:12","slug":"estudio-analizo-el-mercado-laboral-de-la-industria-de-la-construccion-en-la-region-de-aysen","status":"publish","type":"post","link":"https:\/\/radiorevelacionfm.cl\/?p=38420","title":{"rendered":"Estudio analiz\u00f3 el mercado laboral de la industria de la construcci\u00f3n en la Regi\u00f3n de Ays\u00e9n"},"content":{"rendered":"<div class=\"flex_column av_one_full  flex_column_div av-zero-column-padding first  avia-builder-el-0  el_before_av_one_full  avia-builder-el-first  \" style='border-radius:0px; '><div  class='avia-image-container  av-styling-    avia-builder-el-1  avia-builder-el-no-sibling  avia-align-center '  itemprop=\"image\" itemscope=\"itemscope\" itemtype=\"https:\/\/schema.org\/ImageObject\"  ><div class='avia-image-container-inner'><div class='avia-image-overlay-wrap'><img decoding=\"async\" class='wp-image-38421 avia-img-lazy-loading-not-38421 avia_image' src=\"https:\/\/radiorevelacionfm.cl\/wp-content\/uploads\/2023\/12\/ol-aysen-cchc-1_optimized.jpeg\" alt='' title='ol-ays\u00e9n---cchc-(1)_optimized' height=\"600\" width=\"1064\"  itemprop=\"thumbnailUrl\" srcset=\"https:\/\/radiorevelacionfm.cl\/wp-content\/uploads\/2023\/12\/ol-aysen-cchc-1_optimized.jpeg 1064w, https:\/\/radiorevelacionfm.cl\/wp-content\/uploads\/2023\/12\/ol-aysen-cchc-1_optimized-300x169.jpeg 300w, https:\/\/radiorevelacionfm.cl\/wp-content\/uploads\/2023\/12\/ol-aysen-cchc-1_optimized-1030x581.jpeg 1030w, https:\/\/radiorevelacionfm.cl\/wp-content\/uploads\/2023\/12\/ol-aysen-cchc-1_optimized-768x433.jpeg 768w, https:\/\/radiorevelacionfm.cl\/wp-content\/uploads\/2023\/12\/ol-aysen-cchc-1_optimized-705x398.jpeg 705w, https:\/\/radiorevelacionfm.cl\/wp-content\/uploads\/2023\/12\/ol-aysen-cchc-1_optimized-450x254.jpeg 450w, https:\/\/radiorevelacionfm.cl\/wp-content\/uploads\/2023\/12\/ol-aysen-cchc-1_optimized-600x338.jpeg 600w\" sizes=\"(max-width: 1064px) 100vw, 1064px\" \/><\/div><\/div><\/div><\/div><div class=\"flex_column av_one_full  flex_column_div av-zero-column-padding first  avia-builder-el-2  el_after_av_one_full  el_before_av_one_full  column-top-margin\" style='border-radius:0px; '><section class=\"av_textblock_section \"  itemscope=\"itemscope\" itemtype=\"https:\/\/schema.org\/BlogPosting\" itemprop=\"blogPost\" ><div class='avia_textblock  '   itemprop=\"text\" ><p style=\"text-align: center;\"><span style=\"font-size: 18pt;\"><strong>Estudio analiz\u00f3 el mercado laboral de la industria de la construcci\u00f3n en la Regi\u00f3n de Ays\u00e9n<\/strong><\/span><\/p>\n<div id=\"gtx-trans\" style=\"position: absolute; left: -50px; top: 4.31534px;\">\n<div class=\"gtx-trans-icon\"><\/div>\n<\/div>\n<\/div><\/section><\/div><div class=\"flex_column av_one_full  flex_column_div av-zero-column-padding first  avia-builder-el-4  el_after_av_one_full  el_before_av_hr  column-top-margin\" style='border-radius:0px; '><section class=\"av_textblock_section \"  itemscope=\"itemscope\" itemtype=\"https:\/\/schema.org\/BlogPosting\" itemprop=\"blogPost\" ><div class='avia_textblock  '   itemprop=\"text\" ><p class=\"v1MsoNormal\" style=\"text-align: justify;\"><i>Los detalles de la metodolog\u00eda, muestra, an\u00e1lisis y resultados obtenidos, se encuentran disponibles para toda la comunidad a trav\u00e9s de la web\u00a0<\/i><a href=\"https:\/\/observatorionacional.cl\/publicaciones\/3340\" target=\"_blank\" rel=\"noopener noreferrer\"><i>observatorionacional.cl\/aysen<\/i><\/a><i><\/i><\/p>\n<p class=\"v1MsoNormal\" style=\"text-align: justify;\">Este estudio realizado por el Observatorio Laboral de Ays\u00e9n es el primero que abord\u00f3 la cadena de valor del sector construcci\u00f3n provincia a provincia, la cual fue posible obtener a trav\u00e9s del trabajo colaborativo con la C\u00e1mara Chilena de la Construcci\u00f3n sede Coyhaique, logr\u00e1ndose levantar informaci\u00f3n sobre la actividad de la industria a nivel regional, lo que permiti\u00f3 llevarlo a cabo con comerciantes, distribuidores, fabricantes, proveedores, empresas de ingenier\u00eda y dise\u00f1o, empresas constructoras, contratistas y subcontratistas de especialidades, entre otros.<\/p>\n<p class=\"v1MsoNormal\" style=\"text-align: justify;\">En cuanto a los principales resultados, se constata que las empresas constructoras tienen mayor presencia, seguida por comerciantes y distribuidores, pesquis\u00e1ndose tambi\u00e9n las empresas entidades patrocinantes, que al igual que las primeras, su mayor presencia est\u00e1 en Coyhaique. Este levantamiento se realiz\u00f3 con 136 empresas.<\/p>\n<p class=\"v1MsoNormal\" style=\"text-align: justify;\">Sobre la fuerza laboral, el 12% de ellas, reconoce contar con trabajadores de otra regi\u00f3n y un 87% con trabajadores locales. Respecto de la composici\u00f3n de trabajadores seg\u00fan sexo, un 84% son hombres y un 16% mujeres.<\/p>\n<p class=\"v1MsoNormal\" style=\"text-align: justify;\">Otro aspecto que se abord\u00f3, fueron las expectativas de generaci\u00f3n de empleos, de las empresas consultadas en el estudio, un 79% afirm\u00f3 que podr\u00eda generar puestos de trabajo en los pr\u00f3ximos 12 meses (los que se estiman en 1.863 puestos de trabajo), en tanto el 21% estima que no los generar\u00e1. De estos, se proyecta que las ocupaciones m\u00e1s requeridas a nivel regional ser\u00edan carpinteros, jornales y alba\u00f1iles.<\/p>\n<p class=\"v1MsoNormal\" style=\"text-align: justify;\">En otro \u00e1mbito, las empresas tambi\u00e9n indicaron sus ejes de inter\u00e9s en materia de planes formativos y de capacitaciones para el sector construcci\u00f3n, siendo los tres principales, carpinteros (43%), gasf\u00edter (38%) y maestros de oficios (33%).<\/p>\n<p class=\"v1MsoNormal\" style=\"text-align: justify;\"><b>Trabajo colaborativo con el gremio de la construcci\u00f3n<\/b><\/p>\n<p class=\"v1MsoNormal\" style=\"text-align: justify;\">Sobre el trabajo que se realiz\u00f3 y los resultados que se obtuvieron, el presidente del Consejo de Capacitaci\u00f3n de Capital Humano de la CChC, Alejandro Cifuentes, manifest\u00f3 \u00abeste estudio que es reflejo de un buen trabajo colaborativo con el sector p\u00fablico, nos ha permitido ver de manera efectiva el escenario de nuestro rubro desde la realidad misma de la regi\u00f3n y provincia a provincia. Adem\u00e1s, los resultados nos permiten conocer lo que los trabajadores de la construcci\u00f3n est\u00e1n necesitando, as\u00ed como tambi\u00e9n las mismas empresas que est\u00e1n presentes en nuestro territorio y que forman parte de toda la cadena\u00bb.<\/p>\n<p class=\"v1MsoNormal\" style=\"text-align: justify;\">\u00abNos hemos dado cuenta, que efectivamente, los n\u00fameros son bastante acordes a los estudios que tambi\u00e9n ha realizado la C\u00e1mara Chilena de la Construcci\u00f3n y lo que valoramos, es que es un insumo que puede permitir tambi\u00e9n orientar la inversi\u00f3n, por lo que tenemos la esperanza de que estos n\u00fameros puedan cambiar el 2024 positivamente\u00bb, agreg\u00f3 Cifuentes.<\/p>\n<p class=\"v1MsoNormal\" style=\"text-align: justify;\">Por su parte, el director del Observatorio Laboral Ays\u00e9n, Marcio Villouta Alvarado, resalt\u00f3 que \u00abeste estudio no solo se levanta como una fuente crucial de informaci\u00f3n para la toma de decisiones, sino que tambi\u00e9n representa un avance en la manera en que entendemos y abordamos las complejidades del mercado laboral en la Regi\u00f3n de Ays\u00e9n. Su enfoque integral, descentralizado y detallado contribuye de manera significativa a la construcci\u00f3n de estrategias y pol\u00edticas laborales m\u00e1s efectivas y adaptadas a la realidad \u00fanica de cada provincia\u00bb.<\/p>\n<\/div><\/section><\/div><div  style='height:50px' class='hr hr-invisible   avia-builder-el-6  el_after_av_one_full  el_before_av_social_share '><span class='hr-inner ' ><span class='hr-inner-style'><\/span><\/span><\/div><\/p>\n<div  class='av-social-sharing-box  avia-builder-el-7  el_after_av_hr  el_before_av_hr  '><div class='av-share-box'><h5 class='av-share-link-description av-no-toc '>Compartir esta noticia<\/h5><ul class='av-share-box-list noLightbox'><li class='av-share-link av-social-link-facebook' ><a target=\"_blank\" aria-label=\"Compartir en Facebook\" href='https:\/\/www.facebook.com\/sharer.php?u=https:\/\/radiorevelacionfm.cl\/?p=38420&#038;t=Estudio%20analiz%C3%B3%20el%20mercado%20laboral%20de%20la%20industria%20de%20la%20construcci%C3%B3n%20en%20la%20Regi%C3%B3n%20de%20Ays%C3%A9n' aria-hidden='false' data-av_icon='\ue8f3' data-av_iconfont='entypo-fontello' title='' data-avia-related-tooltip='Compartir en Facebook' rel=\"noopener\"><span class='avia_hidden_link_text'>Compartir en Facebook<\/span><\/a><\/li><li class='av-share-link av-social-link-twitter' ><a target=\"_blank\" aria-label=\"Compartir en Twitter\" href='https:\/\/twitter.com\/share?text=Estudio%20analiz%C3%B3%20el%20mercado%20laboral%20de%20la%20industria%20de%20la%20construcci%C3%B3n%20en%20la%20Regi%C3%B3n%20de%20Ays%C3%A9n&#038;url=https:\/\/radiorevelacionfm.cl\/?p=38420' aria-hidden='false' data-av_icon='\ue8f1' data-av_iconfont='entypo-fontello' title='' data-avia-related-tooltip='Compartir en Twitter' rel=\"noopener\"><span class='avia_hidden_link_text'>Compartir en Twitter<\/span><\/a><\/li><li class='av-share-link av-social-link-whatsapp' ><a target=\"_blank\" aria-label=\"Compartir en Whatsapp\" href='https:\/\/api.whatsapp.com\/send?text=https:\/\/radiorevelacionfm.cl\/?p=38420' aria-hidden='false' data-av_icon='\uf232' data-av_iconfont='entypo-fontello' title='' data-avia-related-tooltip='Compartir en Whatsapp' rel=\"noopener\"><span class='avia_hidden_link_text'>Compartir en Whatsapp<\/span><\/a><\/li><li class='av-share-link av-social-link-linkedin' ><a target=\"_blank\" aria-label=\"Compartir en LinkedIn\" href='https:\/\/linkedin.com\/shareArticle?mini=true&#038;title=Estudio%20analiz%C3%B3%20el%20mercado%20laboral%20de%20la%20industria%20de%20la%20construcci%C3%B3n%20en%20la%20Regi%C3%B3n%20de%20Ays%C3%A9n&#038;url=https:\/\/radiorevelacionfm.cl\/?p=38420' aria-hidden='false' data-av_icon='\ue8fc' data-av_iconfont='entypo-fontello' title='' data-avia-related-tooltip='Compartir en LinkedIn' rel=\"noopener\"><span class='avia_hidden_link_text'>Compartir en LinkedIn<\/span><\/a><\/li><li class='av-share-link av-social-link-mail' ><a  aria-label=\"Compartir por correo\" href='mailto:?subject=Estudio%20analiz%C3%B3%20el%20mercado%20laboral%20de%20la%20industria%20de%20la%20construcci%C3%B3n%20en%20la%20Regi%C3%B3n%20de%20Ays%C3%A9n&#038;body=https:\/\/radiorevelacionfm.cl\/?p=38420' aria-hidden='false' data-av_icon='\ue805' data-av_iconfont='entypo-fontello' title='' data-avia-related-tooltip='Compartir por correo'><span class='avia_hidden_link_text'>Compartir por correo<\/span><\/a><\/li><\/ul><\/div><\/div>\n<div  style='height:50px' class='hr hr-invisible   avia-builder-el-8  el_after_av_social_share  el_before_av_comments_list '><span class='hr-inner ' ><span class='hr-inner-style'><\/span><\/span><\/div>\n<div  class='av-buildercomment  av-blog-meta-html-info-disabled av-blog-meta-tag-disabled  '><\/div>\n","protected":false},"excerpt":{"rendered":"","protected":false},"author":1,"featured_media":38421,"comment_status":"open","ping_status":"open","sticky":false,"template":"","format":"standard","meta":{"footnotes":""},"categories":[38],"tags":[],"class_list":["post-38420","post","type-post","status-publish","format-standard","has-post-thumbnail","hentry","category-regional"],"jetpack_featured_media_url":"https:\/\/radiorevelacionfm.cl\/wp-content\/uploads\/2023\/12\/ol-aysen-cchc-1_optimized.jpeg","_links":{"self":[{"href":"https:\/\/radiorevelacionfm.cl\/index.php?rest_route=\/wp\/v2\/posts\/38420","targetHints":{"allow":["GET"]}}],"collection":[{"href":"https:\/\/radiorevelacionfm.cl\/index.php?rest_route=\/wp\/v2\/posts"}],"about":[{"href":"https:\/\/radiorevelacionfm.cl\/index.php?rest_route=\/wp\/v2\/types\/post"}],"author":[{"embeddable":true,"href":"https:\/\/radiorevelacionfm.cl\/index.php?rest_route=\/wp\/v2\/users\/1"}],"replies":[{"embeddable":true,"href":"https:\/\/radiorevelacionfm.cl\/index.php?rest_route=%2Fwp%2Fv2%2Fcomments&post=38420"}],"version-history":[{"count":1,"href":"https:\/\/radiorevelacionfm.cl\/index.php?rest_route=\/wp\/v2\/posts\/38420\/revisions"}],"predecessor-version":[{"id":38422,"href":"https:\/\/radiorevelacionfm.cl\/index.php?rest_route=\/wp\/v2\/posts\/38420\/revisions\/38422"}],"wp:featuredmedia":[{"embeddable":true,"href":"https:\/\/radiorevelacionfm.cl\/index.php?rest_route=\/wp\/v2\/media\/38421"}],"wp:attachment":[{"href":"https:\/\/radiorevelacionfm.cl\/index.php?rest_route=%2Fwp%2Fv2%2Fmedia&parent=38420"}],"wp:term":[{"taxonomy":"category","embeddable":true,"href":"https:\/\/radiorevelacionfm.cl\/index.php?rest_route=%2Fwp%2Fv2%2Fcategories&post=38420"},{"taxonomy":"post_tag","embeddable":true,"href":"https:\/\/radiorevelacionfm.cl\/index.php?rest_route=%2Fwp%2Fv2%2Ftags&post=38420"}],"curies":[{"name":"wp","href":"https:\/\/api.w.org\/{rel}","templated":true}]}}