{"id":38413,"date":"2023-12-29T11:10:46","date_gmt":"2023-12-29T14:10:46","guid":{"rendered":"https:\/\/radiorevelacionfm.cl\/?p=38413"},"modified":"2023-12-29T11:10:46","modified_gmt":"2023-12-29T14:10:46","slug":"celebrando-5-anos-del-parque-nacional-patagonia-mas-de-140-personas-se-trasladaron-al-sector-jeinimeni-para-disfrutar-de-actividades-desarrolladas-por-agrupaciones-locales","status":"publish","type":"post","link":"https:\/\/radiorevelacionfm.cl\/?p=38413","title":{"rendered":"Celebrando 5 a\u00f1os del Parque Nacional Patagonia: M\u00e1s de 140 personas se trasladaron al sector Jeinimeni para disfrutar de actividades desarrolladas por agrupaciones locales"},"content":{"rendered":"<div class=\"flex_column av_one_full  flex_column_div av-zero-column-padding first  avia-builder-el-0  el_before_av_one_full  avia-builder-el-first  \" style='border-radius:0px; '><div  class='avia-image-container  av-styling-    avia-builder-el-1  avia-builder-el-no-sibling  avia-align-center '  itemprop=\"image\" itemscope=\"itemscope\" itemtype=\"https:\/\/schema.org\/ImageObject\"  ><div class='avia-image-container-inner'><div class='avia-image-overlay-wrap'><img decoding=\"async\" class='wp-image-38416 avia-img-lazy-loading-not-38416 avia_image' src=\"https:\/\/radiorevelacionfm.cl\/wp-content\/uploads\/2023\/12\/pnp-5-aNos-4-1_optimized-1.jpg\" alt='' title='pnp-5-a\u00d1os-4-(1)_optimized (1)' height=\"600\" width=\"898\"  itemprop=\"thumbnailUrl\" srcset=\"https:\/\/radiorevelacionfm.cl\/wp-content\/uploads\/2023\/12\/pnp-5-aNos-4-1_optimized-1.jpg 898w, https:\/\/radiorevelacionfm.cl\/wp-content\/uploads\/2023\/12\/pnp-5-aNos-4-1_optimized-1-300x200.jpg 300w, https:\/\/radiorevelacionfm.cl\/wp-content\/uploads\/2023\/12\/pnp-5-aNos-4-1_optimized-1-768x513.jpg 768w, https:\/\/radiorevelacionfm.cl\/wp-content\/uploads\/2023\/12\/pnp-5-aNos-4-1_optimized-1-705x471.jpg 705w, https:\/\/radiorevelacionfm.cl\/wp-content\/uploads\/2023\/12\/pnp-5-aNos-4-1_optimized-1-450x301.jpg 450w, https:\/\/radiorevelacionfm.cl\/wp-content\/uploads\/2023\/12\/pnp-5-aNos-4-1_optimized-1-600x401.jpg 600w\" sizes=\"(max-width: 898px) 100vw, 898px\" \/><\/div><\/div><\/div><\/div><div class=\"flex_column av_one_full  flex_column_div av-zero-column-padding first  avia-builder-el-2  el_after_av_one_full  el_before_av_one_full  column-top-margin\" style='border-radius:0px; '><section class=\"av_textblock_section \"  itemscope=\"itemscope\" itemtype=\"https:\/\/schema.org\/BlogPosting\" itemprop=\"blogPost\" ><div class='avia_textblock  '   itemprop=\"text\" ><p style=\"text-align: center;\"><strong><span style=\"font-size: 18pt;\">Celebrando 5 a\u00f1os del Parque Nacional Patagonia: M\u00e1s de 140 personas se trasladaron al sector Jeinimeni para disfrutar de actividades desarrolladas por agrupaciones locales<\/span><\/strong><\/p>\n<div id=\"gtx-trans\" style=\"position: absolute; left: -50px; top: 4.31534px;\">\n<div class=\"gtx-trans-icon\"><\/div>\n<\/div>\n<\/div><\/section><\/div><div class=\"flex_column av_one_full  flex_column_div av-zero-column-padding first  avia-builder-el-4  el_after_av_one_full  el_before_av_hr  column-top-margin\" style='border-radius:0px; '><section class=\"av_textblock_section \"  itemscope=\"itemscope\" itemtype=\"https:\/\/schema.org\/BlogPosting\" itemprop=\"blogPost\" ><div class='avia_textblock  '   itemprop=\"text\" ><p style=\"text-align: justify;\">Recorriendo el parque a pie, en bicicleta, en kayak o simplemente meditando en medio del bosque, as\u00ed celebr\u00f3 toda la comunidad de Chile Chico y alrededores, los cinco a\u00f1os de vida del Parque Nacional Patagonia.<\/p>\n<p style=\"text-align: justify;\">Este evento gratuito fue desarrollado por el Programa Amigos del Parque Nacional Patagonia de\u00a0<a href=\"https:\/\/www.rewildingchile.org\/\">Fundaci\u00f3n Rewilding Chile<\/a>,\u00a0 en conjunto con agrupaciones locales, quienes dieron vida a este especial cumplea\u00f1os.<\/p>\n<p style=\"text-align: justify;\">Uno de los m\u00e1s impresionados con este evento fue un due\u00f1o de casa, Sergio Ferreira, guardaparque Conaf del sector Jeinimeni. \u201cHab\u00eda visto gente en este lado del Parque, pero nunca me imagin\u00e9 lo de hoy. Esperaba uno o dos buses, pero llegaron seis buses llenos. Fue tremendo. Me siento feliz porque este es un anhelo de muchos a\u00f1os\u201d explic\u00f3 Ferreira.<\/p>\n<p style=\"text-align: justify;\">Esta emoci\u00f3n tambi\u00e9n la expresa Edelmira Pino Casanova, actualmente habitante de Chile Chico pero nacida en Los \u00d1adis, lugar cercano a Cochrane. Cuenta que vivir la naturaleza es parte de su ser, por lo que disfrut\u00f3 este aniversario como nunca. \u201cPara mi es maravillosa la naturaleza, el compartir, el conocer nuevas personas, todo es grandioso, lindo, porque yo fui campesina, me cri\u00e9 en el campo y a\u00f1oro meterme en un bosque, caminar por los cerros\u201d cont\u00f3 Edelmira.<\/p>\n<p style=\"text-align: justify;\">En esta instancia tambi\u00e9n se cumplieron los dos a\u00f1os del Programa Amigos del Parque Nacional Patagonia, iniciativa impulsada por Rewilding Chile en Chile Chico y que hoy ve los logros e\u00a0 impacto de este programa con la alta adhesi\u00f3n de la comunidad a las actividades realizadas en el Parque. \u201cLo m\u00e1s lindo es ver c\u00f3mo una red de diferentes \u00e1mbitos, se unen en torno a un parque nacional, y sobre todo de diferentes edades. Vemos que hay una comunidad muy transversal que se vincula con el Parque Nacional Patagonia. Hay mucho mayor conocimiento y valoraci\u00f3n hacia el aporte que tiene esta \u00e1rea protegida hacia las comunidades aleda\u00f1as\u201d, se\u00f1al\u00f3 Carolina Cerda, directora de Vinculaci\u00f3n Comunitaria de Rewilding Chile.<\/p>\n<p style=\"text-align: justify;\"><b>De las actividades<\/b><\/p>\n<p style=\"text-align: justify;\">Durante algunas semanas se planific\u00f3 el desarrollo de este aniversario con organizaciones locales, con quienes se fueron adaptando rutas y actividades con la finalidad de compartir esta experiencia con toda la comunidad.<\/p>\n<p style=\"text-align: justify;\">De esta manera pudimos disfrutar de un taller de pintura junto a la artista local Aroffesa, muestras de artesan\u00edas con las Ceramistas de Chile Chico y Artelanas, conocimos sobre la agricultura biointensiva con el Huerto R\u00edo Jeinimeni, aprendimos de las propiedades de la flora con el especialista Fern\u00e1n Silva, nos adentramos en la naturaleza con nuestros cinco sentido a trav\u00e9s de un ba\u00f1o de bosque, adem\u00e1s de las actividades m\u00e1s f\u00edsicas como senderismo, navegaci\u00f3n en kayak y stand up paddle y bicicleta.<\/p>\n<p style=\"text-align: justify;\">Desde La Marticleta, organizaci\u00f3n local que presta el servicio de bicicleta en Chile Chico, Maximiliano D\u00edaz, gu\u00eda y mec\u00e1nico, explic\u00f3 lo importante de hacer bicicleta en un \u00e1rea protegida.<\/p>\n<p style=\"text-align: justify;\">\u201cPara nosotros andar en un parque es una situaci\u00f3n que hay que tomarla con mucha responsabilidad, porque interactuamos con muchos ecosistemas en el parque. Entramos con una velocidad distinta, con ruidos distintos, entonces siempre hay que pensarlo de manera integral, para que la experiencia de hacer bicicleta en los senderos, impacte de la menor manera a quienes viven en esos ecosistemas\u201d se\u00f1al\u00f3 D\u00edaz.<\/p>\n<p style=\"text-align: justify;\">Tambi\u00e9n desde el Club Andino de Chile Chico, Celeste Mu\u00f1oz, quien vive en la localidad hace un a\u00f1o, dijo que conoci\u00f3 el ba\u00f1o de bosque en una sesi\u00f3n del Diploma de Formaci\u00f3n de Gu\u00edas de Turismo y Naturaleza del Programa Amigos del Parque Nacional Patagonia y la Universidad Austral de Chile, y que ahora lo aplic\u00f3 en las actividades aniversario.<\/p>\n<p style=\"text-align: justify;\">\u201cToda la gente estaba tranquila, contenta, efectivamente logra calmar la ansiedad y el estr\u00e9s. Me gust\u00f3 mucho la disposici\u00f3n de la gente a conectarse con la naturaleza. Cuando logran escuchar a los p\u00e1jaros cercanos, la flora, ver esa morilla que estaba ah\u00ed. Parar, respirar, pausar un poco, permite a la gente percibir esos detalles\u201d dijo Celeste Mu\u00f1oz.<\/p>\n<p style=\"text-align: justify;\">Finalmente desde el Programa Amigos del Parque Nacional Patagonia agradecieron la respuesta de la comunidad para celebrar estos cinco a\u00f1os, esperando que durante el pr\u00f3ximo a\u00f1o sigan las actividades con el fin de conocer y valorar m\u00e1s esta \u00e1rea protegida.<\/p>\n<\/div><\/section><\/div><\/p>\n<div  style='height:50px' class='hr hr-invisible   avia-builder-el-6  el_after_av_one_full  el_before_av_social_share '><span class='hr-inner ' ><span class='hr-inner-style'><\/span><\/span><\/div>\n<div  class='av-social-sharing-box  avia-builder-el-7  el_after_av_hr  el_before_av_hr  '><div class='av-share-box'><h5 class='av-share-link-description av-no-toc '>Compartir esta noticia<\/h5><ul class='av-share-box-list noLightbox'><li class='av-share-link av-social-link-facebook' ><a target=\"_blank\" aria-label=\"Compartir en Facebook\" href='https:\/\/www.facebook.com\/sharer.php?u=https:\/\/radiorevelacionfm.cl\/?p=38413&#038;t=Celebrando%205%20a%C3%B1os%20del%20Parque%20Nacional%20Patagonia%3A%20M%C3%A1s%20de%20140%20personas%20se%20trasladaron%20al%20sector%20Jeinimeni%20para%20disfrutar%20de%20actividades%20desarrolladas%20por%20agrupaciones%20locales' aria-hidden='false' data-av_icon='\ue8f3' data-av_iconfont='entypo-fontello' title='' data-avia-related-tooltip='Compartir en Facebook' rel=\"noopener\"><span class='avia_hidden_link_text'>Compartir en Facebook<\/span><\/a><\/li><li class='av-share-link av-social-link-twitter' ><a target=\"_blank\" aria-label=\"Compartir en Twitter\" href='https:\/\/twitter.com\/share?text=Celebrando%205%20a%C3%B1os%20del%20Parque%20Nacional%20Patagonia%3A%20M%C3%A1s%20de%20140%20personas%20se%20trasladaron%20al%20sector%20Jeinimeni%20para%20disfrutar%20de%20actividades%20desarrolladas%20por%20agrupaciones%20locales&#038;url=https:\/\/radiorevelacionfm.cl\/?p=38413' aria-hidden='false' data-av_icon='\ue8f1' data-av_iconfont='entypo-fontello' title='' data-avia-related-tooltip='Compartir en Twitter' rel=\"noopener\"><span class='avia_hidden_link_text'>Compartir en Twitter<\/span><\/a><\/li><li class='av-share-link av-social-link-whatsapp' ><a target=\"_blank\" aria-label=\"Compartir en Whatsapp\" href='https:\/\/api.whatsapp.com\/send?text=https:\/\/radiorevelacionfm.cl\/?p=38413' aria-hidden='false' data-av_icon='\uf232' data-av_iconfont='entypo-fontello' title='' data-avia-related-tooltip='Compartir en Whatsapp' rel=\"noopener\"><span class='avia_hidden_link_text'>Compartir en Whatsapp<\/span><\/a><\/li><li class='av-share-link av-social-link-linkedin' ><a target=\"_blank\" aria-label=\"Compartir en LinkedIn\" href='https:\/\/linkedin.com\/shareArticle?mini=true&#038;title=Celebrando%205%20a%C3%B1os%20del%20Parque%20Nacional%20Patagonia%3A%20M%C3%A1s%20de%20140%20personas%20se%20trasladaron%20al%20sector%20Jeinimeni%20para%20disfrutar%20de%20actividades%20desarrolladas%20por%20agrupaciones%20locales&#038;url=https:\/\/radiorevelacionfm.cl\/?p=38413' aria-hidden='false' data-av_icon='\ue8fc' data-av_iconfont='entypo-fontello' title='' data-avia-related-tooltip='Compartir en LinkedIn' rel=\"noopener\"><span class='avia_hidden_link_text'>Compartir en LinkedIn<\/span><\/a><\/li><li class='av-share-link av-social-link-mail' ><a  aria-label=\"Compartir por correo\" href='mailto:?subject=Celebrando%205%20a%C3%B1os%20del%20Parque%20Nacional%20Patagonia%3A%20M%C3%A1s%20de%20140%20personas%20se%20trasladaron%20al%20sector%20Jeinimeni%20para%20disfrutar%20de%20actividades%20desarrolladas%20por%20agrupaciones%20locales&#038;body=https:\/\/radiorevelacionfm.cl\/?p=38413' aria-hidden='false' data-av_icon='\ue805' data-av_iconfont='entypo-fontello' title='' data-avia-related-tooltip='Compartir por correo'><span class='avia_hidden_link_text'>Compartir por correo<\/span><\/a><\/li><\/ul><\/div><\/div>\n<div  style='height:50px' class='hr hr-invisible   avia-builder-el-8  el_after_av_social_share  el_before_av_comments_list '><span class='hr-inner ' ><span class='hr-inner-style'><\/span><\/span><\/div>\n<div  class='av-buildercomment  av-blog-meta-html-info-disabled av-blog-meta-tag-disabled  '><\/div>\n","protected":false},"excerpt":{"rendered":"","protected":false},"author":1,"featured_media":38416,"comment_status":"open","ping_status":"open","sticky":false,"template":"","format":"standard","meta":{"footnotes":""},"categories":[54],"tags":[],"class_list":["post-38413","post","type-post","status-publish","format-standard","has-post-thumbnail","hentry","category-turismo"],"jetpack_featured_media_url":"https:\/\/radiorevelacionfm.cl\/wp-content\/uploads\/2023\/12\/pnp-5-aNos-4-1_optimized-1.jpg","_links":{"self":[{"href":"https:\/\/radiorevelacionfm.cl\/index.php?rest_route=\/wp\/v2\/posts\/38413","targetHints":{"allow":["GET"]}}],"collection":[{"href":"https:\/\/radiorevelacionfm.cl\/index.php?rest_route=\/wp\/v2\/posts"}],"about":[{"href":"https:\/\/radiorevelacionfm.cl\/index.php?rest_route=\/wp\/v2\/types\/post"}],"author":[{"embeddable":true,"href":"https:\/\/radiorevelacionfm.cl\/index.php?rest_route=\/wp\/v2\/users\/1"}],"replies":[{"embeddable":true,"href":"https:\/\/radiorevelacionfm.cl\/index.php?rest_route=%2Fwp%2Fv2%2Fcomments&post=38413"}],"version-history":[{"count":2,"href":"https:\/\/radiorevelacionfm.cl\/index.php?rest_route=\/wp\/v2\/posts\/38413\/revisions"}],"predecessor-version":[{"id":38417,"href":"https:\/\/radiorevelacionfm.cl\/index.php?rest_route=\/wp\/v2\/posts\/38413\/revisions\/38417"}],"wp:featuredmedia":[{"embeddable":true,"href":"https:\/\/radiorevelacionfm.cl\/index.php?rest_route=\/wp\/v2\/media\/38416"}],"wp:attachment":[{"href":"https:\/\/radiorevelacionfm.cl\/index.php?rest_route=%2Fwp%2Fv2%2Fmedia&parent=38413"}],"wp:term":[{"taxonomy":"category","embeddable":true,"href":"https:\/\/radiorevelacionfm.cl\/index.php?rest_route=%2Fwp%2Fv2%2Fcategories&post=38413"},{"taxonomy":"post_tag","embeddable":true,"href":"https:\/\/radiorevelacionfm.cl\/index.php?rest_route=%2Fwp%2Fv2%2Ftags&post=38413"}],"curies":[{"name":"wp","href":"https:\/\/api.w.org\/{rel}","templated":true}]}}