{"id":38410,"date":"2023-12-29T09:32:05","date_gmt":"2023-12-29T12:32:05","guid":{"rendered":"https:\/\/radiorevelacionfm.cl\/?p=38410"},"modified":"2023-12-29T09:32:05","modified_gmt":"2023-12-29T12:32:05","slug":"ministro-cataldo-en-aysen-hoy-podemos-decir-con-satisfaccion-que-el-sistema-de-educacion-publica-avanza","status":"publish","type":"post","link":"https:\/\/radiorevelacionfm.cl\/?p=38410","title":{"rendered":"Ministro Cataldo en Ays\u00e9n: \u00abHoy podemos decir con satisfacci\u00f3n que el Sistema de Educaci\u00f3n P\u00fablica avanza\u00bb"},"content":{"rendered":"<div class=\"flex_column av_one_full  flex_column_div av-zero-column-padding first  avia-builder-el-0  el_before_av_one_full  avia-builder-el-first  \" style='border-radius:0px; '><div  class='avia-image-container  av-styling-    avia-builder-el-1  avia-builder-el-no-sibling  avia-align-center '  itemprop=\"image\" itemscope=\"itemscope\" itemtype=\"https:\/\/schema.org\/ImageObject\"  ><div class='avia-image-container-inner'><div class='avia-image-overlay-wrap'><img decoding=\"async\" class='wp-image-38411 avia-img-lazy-loading-not-38411 avia_image' src=\"https:\/\/radiorevelacionfm.cl\/wp-content\/uploads\/2023\/12\/firma-traspaso2-1_optimized.jpg\" alt='' title='firma-traspaso2-(1)_optimized' height=\"600\" width=\"1016\"  itemprop=\"thumbnailUrl\" srcset=\"https:\/\/radiorevelacionfm.cl\/wp-content\/uploads\/2023\/12\/firma-traspaso2-1_optimized.jpg 1016w, https:\/\/radiorevelacionfm.cl\/wp-content\/uploads\/2023\/12\/firma-traspaso2-1_optimized-300x177.jpg 300w, https:\/\/radiorevelacionfm.cl\/wp-content\/uploads\/2023\/12\/firma-traspaso2-1_optimized-768x454.jpg 768w, https:\/\/radiorevelacionfm.cl\/wp-content\/uploads\/2023\/12\/firma-traspaso2-1_optimized-705x416.jpg 705w, https:\/\/radiorevelacionfm.cl\/wp-content\/uploads\/2023\/12\/firma-traspaso2-1_optimized-450x266.jpg 450w, https:\/\/radiorevelacionfm.cl\/wp-content\/uploads\/2023\/12\/firma-traspaso2-1_optimized-600x354.jpg 600w\" sizes=\"(max-width: 1016px) 100vw, 1016px\" \/><\/div><\/div><\/div><\/div><div class=\"flex_column av_one_full  flex_column_div av-zero-column-padding first  avia-builder-el-2  el_after_av_one_full  el_before_av_one_full  column-top-margin\" style='border-radius:0px; '><section class=\"av_textblock_section \"  itemscope=\"itemscope\" itemtype=\"https:\/\/schema.org\/BlogPosting\" itemprop=\"blogPost\" ><div class='avia_textblock  '   itemprop=\"text\" ><p style=\"text-align: center;\"><span style=\"font-size: 18pt;\"><b><span lang=\"ES\">Ministro Cataldo en Ays\u00e9n: \u00abHoy podemos decir con satisfacci\u00f3n que el Sistema de Educaci\u00f3n P\u00fablica avanza\u00bb<\/span><\/b><\/span><\/p>\n<div id=\"gtx-trans\" style=\"position: absolute; left: -50px; top: 4.31534px;\">\n<div class=\"gtx-trans-icon\"><\/div>\n<\/div>\n<\/div><\/section><\/div><div class=\"flex_column av_one_full  flex_column_div av-zero-column-padding first  avia-builder-el-4  el_after_av_one_full  el_before_av_hr  column-top-margin\" style='border-radius:0px; '><section class=\"av_textblock_section \"  itemscope=\"itemscope\" itemtype=\"https:\/\/schema.org\/BlogPosting\" itemprop=\"blogPost\" ><div class='avia_textblock  '   itemprop=\"text\" ><p class=\"v1MsoNormal\" style=\"text-align: justify;\"><span lang=\"ES\">A d\u00edas de que se concrete el traspaso de los establecimientos municipales de las 10 comunas de la regi\u00f3n al Servicio Local de Educaci\u00f3n P\u00fablica (SLEP) de Ays\u00e9n, el ministro Nicol\u00e1s Cataldo visit\u00f3 este jueves la comuna de Coyhaique para participar en una actividad vinculada con este hito.<\/span><\/p>\n<p class=\"v1MsoNormal\" style=\"text-align: justify;\"><span lang=\"ES\">\u00abHoy podemos decir con satisfacci\u00f3n que el Sistema de Educaci\u00f3n P\u00fablica avanza\u00bb, sostuvo el secretario de Estado, durante una visita a la Escuela Pedro Quintana Mancilla, uno de los 66 centros educativos que a partir del 1 de enero de 2024 ser\u00e1n administrados por el SLEP de Ays\u00e9n. Y agreg\u00f3 que \u00abuno de los compromisos\u00a0es el acompa\u00f1amiento posterior al traspaso, para que las municipalidades puedan llevar adelante de manera correcta todo el proceso de cierres administrativos, saneamientos y pago de deudas, que son las que quedan pendientes despu\u00e9s del traspaso\u00bb, anunci\u00f3.<\/span><\/p>\n<p class=\"v1MsoNormal\" style=\"text-align: justify;\"><span lang=\"ES\">En la ocasi\u00f3n, el ministro Cataldo se refiri\u00f3 a la modificaci\u00f3n del calendario original acordado por la Ley N\u00b021.040 para la instalaci\u00f3n de los Servicios Locales, que posibilit\u00f3 que el SLEP Ays\u00e9n planificara con minuciosidad aspectos cr\u00edticos del sistema, como la relaci\u00f3n con la comunidad, la gesti\u00f3n del personal, las necesidades de infraestructura y, especialmente, los desaf\u00edos de conectividad.<\/span><\/p>\n<p class=\"v1MsoNormal\" style=\"text-align: justify;\"><span lang=\"ES\">\u00abEso permiti\u00f3 que el director del SLEP y su equipo visitaran los establecimientos a su cargo en al menos dos oportunidades, verificando en terreno los inventarios, el uso de la propiedad escolar, las planillas de remuneraciones y las condiciones t\u00e9cnico-pedag\u00f3gicas. A su vez, est\u00e1 en curso el plan de conectar a todas las escuelas de la Regi\u00f3n de Ays\u00e9n con fibra \u00f3ptica o Starlink, un elemento crucial para la comunicaci\u00f3n entre las escuelas y el sostenedor en un territorio disperso como este\u00bb, sostuvo.<\/span><\/p>\n<p class=\"v1MsoNormal\" style=\"text-align: justify;\"><span lang=\"ES\">Cataldo adem\u00e1s destac\u00f3 que anticipando la creaci\u00f3n del SLEP, durante el 2022 la SEREMI desarroll\u00f3 un catastro regional de infraestructura, para elaborar un diagn\u00f3stico de cada establecimiento, que permiti\u00f3 identificar intervenciones prioritarias y coordinar apoyos t\u00e9cnicos del SLEP, la SEREMI y el Ministerio de Energ\u00eda hacia los municipios.<\/span><\/p>\n<p class=\"v1MsoNormal\" style=\"text-align: justify;\"><span lang=\"ES\">\u00abGracias a ello se aprobaron 22 proyectos de infraestructura en la l\u00ednea de Conservaci\u00f3n por un monto superior a los $6.000 millones. Junto a lo anterior, en noviembre de 2023 el SLEP firm\u00f3 un convenio con el GORE para el traspaso de m\u00e1s de $400 millones, con los cuales se desarrollar\u00e1 un catastro regional de infraestructura educacional p\u00fablica con actualizaci\u00f3n completa de planimetr\u00eda\u00bb, destac\u00f3, relevando adem\u00e1s que el SLEP y los municipios desarrollaron distintas acciones para dar continuidad a servicios esenciales para las comunidades, tales como odontolog\u00eda, registro civil, uso de gimnasios, entre otros.<\/span><\/p>\n<p class=\"v1MsoNormal\" style=\"text-align: justify;\"><span lang=\"ES\">\u00abNadie mejor que ustedes puede dar testimonio del trabajo y esfuerzo que nos permiten hoy estar aqu\u00ed, cerrando un largo y desafiante proceso, cuyo valor es posibilitar otro proceso, igual de desafiante (&#8230;) Si aqu\u00ed confluyen tantas voluntades, es porque estamos en presencia de una tarea tit\u00e1nica de la que debemos sentirnos orgullosos, y ante la cual tenemos el deber de perseverar\u00bb, dijo el ministro de Educaci\u00f3n.<\/span><\/p>\n<p class=\"v1MsoNormal\" style=\"text-align: justify;\"><span lang=\"ES\">La autoridad del Mineduc plante\u00f3 que el traspaso del SLEP de Ays\u00e9n implica un \u00aborgullo doble, porque estos son los primeros Servicios Locales de Educaci\u00f3n P\u00fablica que se traspasan durante el gobierno del presidente Gabriel Boric\u00bb.<\/span><\/p>\n<p class=\"v1MsoNormal\" style=\"text-align: justify;\"><b><span lang=\"ES\">SLEP Ays\u00e9n: desaf\u00edo compartido<\/span><\/b><\/p>\n<p class=\"v1MsoNormal\" style=\"text-align: justify;\"><span lang=\"ES\">Durante este hito, el director ejecutivo del SLEP Ays\u00e9n, Sebasti\u00e1n Gonz\u00e1lez, sostuvo que \u00abla Nueva Educaci\u00f3n P\u00fablica tiene su foco en las y los estudiantes de la regi\u00f3n, quienes han pasado y quienes van a venir. Ese es nuestro centro, el aprendizaje de ellos, que puedan desarrollar mejor todas sus capacidades. La Nueva Educaci\u00f3n P\u00fablica tiene que ser participativa, inclusiva, con pertinencia local y cultural, nos tiene que hacer sentir orgullosos de nuestras tradiciones. Eso es lo que queremos construir. Tambi\u00e9n tiene que convocar a todos los actores. La invitaci\u00f3n es a que desde hoy construyamos la Nueva Educaci\u00f3n P\u00fablica que queremos para la Regi\u00f3n de Ays\u00e9n\u00bb.<\/span><\/p>\n<p class=\"v1MsoNormal\" style=\"text-align: justify;\"><span lang=\"ES\">En la ocasi\u00f3n, el delegado presidencial Rodrigo Araya plante\u00f3 que \u00abel bienestar de los alumnos, el bienestar de los ni\u00f1os y de la comunidad educativa est\u00e1 tambi\u00e9n detr\u00e1s de este proceso (&#8230;), que tiene muchos desaf\u00edos que requieren del apoyo de todos nosotros, desde la instituci\u00f3n p\u00fablica, del Estado, pero tambi\u00e9n de las comunidades\u00bb.<\/span><\/p>\n<p class=\"v1MsoNormal\" style=\"text-align: justify;\"><span lang=\"ES\">Por su parte, la gobernadora regional Andrea Mac\u00edas sostuvo que \u00abdesde Ays\u00e9n podemos mostrar que la pol\u00edtica p\u00fablica, cuando de verdad se mira desde el territorio, puede tener los mejores resultados posibles. (&#8230;) No es lo mismo educar a un ni\u00f1o en Las Guaitecas que hacerlo en Tortel, y por eso nosotros estamos disponibles a seguir trabajando por la educaci\u00f3n p\u00fablica\u00bb.<\/span><\/p>\n<p class=\"v1MsoNormal\" style=\"text-align: justify;\"><span lang=\"ES\">En representaci\u00f3n de las alcald\u00edas, el jefe comunal de Coyhaique, Carlos Gatica, afirm\u00f3 que \u00abhoy estamos traspasando las obligaciones administrativas y las responsabilidades que ten\u00edamos, pero esto no significa que estemos fuera del desaf\u00edo\u00bb. Agreg\u00f3 que \u00abel pr\u00f3ximo a\u00f1o necesitamos estar m\u00e1s unidos que nunca. Y en eso, decirles tambi\u00e9n que cada uno de los alcaldes que est\u00e1 aqu\u00ed presente nunca va a ser indiferente ante los problemas que tengan nuestros establecimientos, pero tampoco ante los sue\u00f1os y las necesidades de que tengan nuestros vecinos y sus familias\u00bb.<\/span><\/p>\n<p class=\"v1MsoNormal\" style=\"text-align: justify;\"><span lang=\"ES\">En tanto la Seremi de educaci\u00f3n Isabel Garrido Manifest\u00f3 que \u00abLa puesta en marcha de la Nueva Educaci\u00f3n P\u00fablica es un hecho hist\u00f3rico para la Regi\u00f3n y para el pa\u00eds. Como Gobierno tenemos un compromiso inclaudicable con esta tarea, y por esto hemos introducido una serie de mejoras para facilitar la instalaci\u00f3n. Entre ellas, el SLEP Aysen cont\u00f3 con un a\u00f1o completo adicional de preparaci\u00f3n, se realizaron ensayos de remuneraciones y un plan de infraestructura\u00bb.<\/span><\/p>\n<p class=\"v1MsoNormal\" style=\"text-align: justify;\"><span lang=\"ES\">En la visita a la Escuela Pedro Quintana Mancilla participaron la directora nacional de Junaeb, Camila Rubio y la seremi Isabel Garrido. Asimismo, estuvieron presentes los parlamentarios Marcia Raphael y Ren\u00e9 Alinco, los alcaldes de 9 de las 10 comunas de Ays\u00e9n, equipos de la Direcci\u00f3n de Educaci\u00f3n P\u00fablica y representantes de los gremios de profesores y trabajadores de la educaci\u00f3n y de las comunidades educativas.<\/span><\/p>\n<p class=\"v1MsoNormal\" style=\"text-align: justify;\"><b><span lang=\"ES\">SLEP Ays\u00e9n en cifras<\/span><\/b><\/p>\n<p class=\"v1MsoNormal\" style=\"text-align: justify;\"><span lang=\"ES\">El Servicio Local de Ays\u00e9n tendr\u00e1 bajo su administraci\u00f3n 56 establecimientos escolares, que consideran una matr\u00edcula superior a los 9 mil 600 estudiantes; adem\u00e1s de 10 centros de educaci\u00f3n parvularia, que atienden a m\u00e1s de 600 ni\u00f1as y ni\u00f1os. Contar\u00e1 con m\u00e1s de 1.200 docentes, m\u00e1s de 860 asistentes de la educaci\u00f3n y 43 educadores\/as de p\u00e1rvulos.<\/span><\/p>\n<p class=\"v1MsoNormal\" style=\"text-align: justify;\"><span lang=\"ES\">Territorialmente, el servicio local atender\u00e1 las comunas de Coyhaique, Lago Verde, Ays\u00e9n, Cisnes, Guaitecas, Cochrane, O&#8217;Higgins, Tortel, Chile Chico y R\u00edo Ib\u00e1\u00f1ez.<\/span><\/p>\n<p class=\"v1MsoNormal\" style=\"text-align: justify;\"><span lang=\"ES\">El traspaso de los recintos se concretar\u00e1 luego que el pasado lunes 18 de diciembre, ante la comisi\u00f3n de Educaci\u00f3n del Senado, el ministro Cataldo anunci\u00f3 que los SLEP de Iquique, Punilla Cordillera, Ays\u00e9n y Magallanes cuentan con las condiciones para recibir sus establecimientos educacionales desde el 1 de enero de 2024.<\/span><\/p>\n<p class=\"v1MsoNormal\" style=\"text-align: justify;\"><span lang=\"ES\">La decisi\u00f3n se tom\u00f3 en el contexto del cumplimiento del Protocolo de Acuerdo que firmaron el Gobierno y el Congreso, durante la discusi\u00f3n presupuestaria. En esta instancia, el Mineduc se comprometi\u00f3 a entregar un informe fundado informando cu\u00e1les servicios cumplen con los procesos cr\u00edticos que posibilitan su funcionamiento \u00f3ptimo y que aseguren el correcto traspaso de jardines, escuelas y liceos. Los cuatro SLEP contar\u00e1n con una inversi\u00f3n de m\u00e1s de $15 mil millones para financiar proyectos de conservaci\u00f3n de infraestructura.<\/span><\/p>\n<p class=\"v1MsoNormal\" style=\"text-align: justify;\"><span lang=\"ES\">Con estos traspasos ser\u00e1n 15 los SLEP en pleno funcionamiento, sumando 71 comunas con educaci\u00f3n desmunicipalizada. En total, el sistema que abarcar\u00e1 841 establecimientos escolares y 204 jardines infantiles, con una matr\u00edcula por sobre los 240.000 escolares y p\u00e1rvulos, y casi 40.000 trabajadores entre docentes, asistentes y educadores y educadoras.<\/span><\/p>\n<p class=\"v1MsoNormal\" style=\"text-align: justify;\"><span lang=\"ES\">En Coyhaique, el ministro Cataldo reiter\u00f3 el compromiso del Mineduc \u00abcon las reformas que el Sistema de Educaci\u00f3n P\u00fablica requiere para mejorar lo perfectible y reforzar lo indispensable. Tenemos a la vista las bit\u00e1coras de los once SLEP ya en r\u00e9gimen y tambi\u00e9n la experiencia de instalaci\u00f3n de los cuatro que ahora se traspasan. Es a la luz de esas trayectorias \u2013evaluando los aciertos y atendiendo especialmente los reveses\u2013 que dise\u00f1aremos los ajustes que esta nueva etapa demanda\u00bb.<\/span><\/p>\n<p class=\"v1MsoNormal\" style=\"text-align: justify;\"><span lang=\"ES\">Cabe destacar que, durante esta jornada, el director nacional (s) de la Direcci\u00f3n de Educaci\u00f3n P\u00fablica (DEP), estuvo desplegado en la regi\u00f3n de Tarapac\u00e1, donde el 1 de enero se traspasar\u00e1 el SLEP Iquique, que comprende a las comunas de Iquique y Alto Hospicio.<\/span><\/p>\n<p class=\"v1MsoNormal\" style=\"text-align: justify;\"><span lang=\"ES\">\u00a0<\/span><\/p>\n<\/div><\/section><\/div><div  style='height:50px' class='hr hr-invisible   avia-builder-el-6  el_after_av_one_full  el_before_av_social_share '><span class='hr-inner ' ><span class='hr-inner-style'><\/span><\/span><\/div><\/p>\n<div  class='av-social-sharing-box  avia-builder-el-7  el_after_av_hr  el_before_av_hr  '><div class='av-share-box'><h5 class='av-share-link-description av-no-toc '>Compartir esta noticia<\/h5><ul class='av-share-box-list noLightbox'><li class='av-share-link av-social-link-facebook' ><a target=\"_blank\" aria-label=\"Compartir en Facebook\" href='https:\/\/www.facebook.com\/sharer.php?u=https:\/\/radiorevelacionfm.cl\/?p=38410&#038;t=Ministro%20Cataldo%20en%20Ays%C3%A9n%3A%20%C2%ABHoy%20podemos%20decir%20con%20satisfacci%C3%B3n%20que%20el%20Sistema%20de%20Educaci%C3%B3n%20P%C3%BAblica%20avanza%C2%BB' aria-hidden='false' data-av_icon='\ue8f3' data-av_iconfont='entypo-fontello' title='' data-avia-related-tooltip='Compartir en Facebook' rel=\"noopener\"><span class='avia_hidden_link_text'>Compartir en Facebook<\/span><\/a><\/li><li class='av-share-link av-social-link-twitter' ><a target=\"_blank\" aria-label=\"Compartir en Twitter\" href='https:\/\/twitter.com\/share?text=Ministro%20Cataldo%20en%20Ays%C3%A9n%3A%20%C2%ABHoy%20podemos%20decir%20con%20satisfacci%C3%B3n%20que%20el%20Sistema%20de%20Educaci%C3%B3n%20P%C3%BAblica%20avanza%C2%BB&#038;url=https:\/\/radiorevelacionfm.cl\/?p=38410' aria-hidden='false' data-av_icon='\ue8f1' data-av_iconfont='entypo-fontello' title='' data-avia-related-tooltip='Compartir en Twitter' rel=\"noopener\"><span class='avia_hidden_link_text'>Compartir en Twitter<\/span><\/a><\/li><li class='av-share-link av-social-link-whatsapp' ><a target=\"_blank\" aria-label=\"Compartir en Whatsapp\" href='https:\/\/api.whatsapp.com\/send?text=https:\/\/radiorevelacionfm.cl\/?p=38410' aria-hidden='false' data-av_icon='\uf232' data-av_iconfont='entypo-fontello' title='' data-avia-related-tooltip='Compartir en Whatsapp' rel=\"noopener\"><span class='avia_hidden_link_text'>Compartir en Whatsapp<\/span><\/a><\/li><li class='av-share-link av-social-link-linkedin' ><a target=\"_blank\" aria-label=\"Compartir en LinkedIn\" href='https:\/\/linkedin.com\/shareArticle?mini=true&#038;title=Ministro%20Cataldo%20en%20Ays%C3%A9n%3A%20%C2%ABHoy%20podemos%20decir%20con%20satisfacci%C3%B3n%20que%20el%20Sistema%20de%20Educaci%C3%B3n%20P%C3%BAblica%20avanza%C2%BB&#038;url=https:\/\/radiorevelacionfm.cl\/?p=38410' aria-hidden='false' data-av_icon='\ue8fc' data-av_iconfont='entypo-fontello' title='' data-avia-related-tooltip='Compartir en LinkedIn' rel=\"noopener\"><span class='avia_hidden_link_text'>Compartir en LinkedIn<\/span><\/a><\/li><li class='av-share-link av-social-link-mail' ><a  aria-label=\"Compartir por correo\" href='mailto:?subject=Ministro%20Cataldo%20en%20Ays%C3%A9n%3A%20%C2%ABHoy%20podemos%20decir%20con%20satisfacci%C3%B3n%20que%20el%20Sistema%20de%20Educaci%C3%B3n%20P%C3%BAblica%20avanza%C2%BB&#038;body=https:\/\/radiorevelacionfm.cl\/?p=38410' aria-hidden='false' data-av_icon='\ue805' data-av_iconfont='entypo-fontello' title='' data-avia-related-tooltip='Compartir por correo'><span class='avia_hidden_link_text'>Compartir por correo<\/span><\/a><\/li><\/ul><\/div><\/div>\n<div  style='height:50px' class='hr hr-invisible   avia-builder-el-8  el_after_av_social_share  el_before_av_comments_list '><span class='hr-inner ' ><span class='hr-inner-style'><\/span><\/span><\/div>\n<div  class='av-buildercomment  av-blog-meta-html-info-disabled av-blog-meta-tag-disabled  '><\/div>\n","protected":false},"excerpt":{"rendered":"","protected":false},"author":1,"featured_media":38411,"comment_status":"open","ping_status":"open","sticky":false,"template":"","format":"standard","meta":{"footnotes":""},"categories":[49],"tags":[],"class_list":["post-38410","post","type-post","status-publish","format-standard","has-post-thumbnail","hentry","category-educacion"],"jetpack_featured_media_url":"https:\/\/radiorevelacionfm.cl\/wp-content\/uploads\/2023\/12\/firma-traspaso2-1_optimized.jpg","_links":{"self":[{"href":"https:\/\/radiorevelacionfm.cl\/index.php?rest_route=\/wp\/v2\/posts\/38410","targetHints":{"allow":["GET"]}}],"collection":[{"href":"https:\/\/radiorevelacionfm.cl\/index.php?rest_route=\/wp\/v2\/posts"}],"about":[{"href":"https:\/\/radiorevelacionfm.cl\/index.php?rest_route=\/wp\/v2\/types\/post"}],"author":[{"embeddable":true,"href":"https:\/\/radiorevelacionfm.cl\/index.php?rest_route=\/wp\/v2\/users\/1"}],"replies":[{"embeddable":true,"href":"https:\/\/radiorevelacionfm.cl\/index.php?rest_route=%2Fwp%2Fv2%2Fcomments&post=38410"}],"version-history":[{"count":1,"href":"https:\/\/radiorevelacionfm.cl\/index.php?rest_route=\/wp\/v2\/posts\/38410\/revisions"}],"predecessor-version":[{"id":38412,"href":"https:\/\/radiorevelacionfm.cl\/index.php?rest_route=\/wp\/v2\/posts\/38410\/revisions\/38412"}],"wp:featuredmedia":[{"embeddable":true,"href":"https:\/\/radiorevelacionfm.cl\/index.php?rest_route=\/wp\/v2\/media\/38411"}],"wp:attachment":[{"href":"https:\/\/radiorevelacionfm.cl\/index.php?rest_route=%2Fwp%2Fv2%2Fmedia&parent=38410"}],"wp:term":[{"taxonomy":"category","embeddable":true,"href":"https:\/\/radiorevelacionfm.cl\/index.php?rest_route=%2Fwp%2Fv2%2Fcategories&post=38410"},{"taxonomy":"post_tag","embeddable":true,"href":"https:\/\/radiorevelacionfm.cl\/index.php?rest_route=%2Fwp%2Fv2%2Ftags&post=38410"}],"curies":[{"name":"wp","href":"https:\/\/api.w.org\/{rel}","templated":true}]}}