{"id":3841,"date":"2021-05-05T21:05:38","date_gmt":"2021-05-06T00:05:38","guid":{"rendered":"https:\/\/radiorevelacionfm.cl\/?p=3841"},"modified":"2021-05-05T21:06:03","modified_gmt":"2021-05-06T00:06:03","slug":"transportes-aprueba-proyecto-que-reconoce-como-personal-de-emergencia-a-los-bomberos-de-aeropuertos","status":"publish","type":"post","link":"https:\/\/radiorevelacionfm.cl\/?p=3841","title":{"rendered":"Transportes aprueba proyecto que reconoce como personal de emergencia a los Bomberos de Aeropuertos"},"content":{"rendered":"<div class=\"flex_column av_one_full  flex_column_div av-zero-column-padding first  avia-builder-el-0  el_before_av_one_full  avia-builder-el-first  \" style='border-radius:0px; '><div  class='avia-image-container  av-styling-    avia-builder-el-1  avia-builder-el-no-sibling  avia-align-center '  itemprop=\"image\" itemscope=\"itemscope\" itemtype=\"https:\/\/schema.org\/ImageObject\"  ><div class='avia-image-container-inner'><div class='avia-image-overlay-wrap'><img decoding=\"async\" class='wp-image-3842 avia-img-lazy-loading-not-3842 avia_image' src=\"https:\/\/radiorevelacionfm.cl\/wp-content\/uploads\/2021\/05\/Bomberos-Aeropuerto1-1.jpg\" alt='' title='Bomberos Aeropuerto1 (1)' height=\"600\" width=\"720\"  itemprop=\"thumbnailUrl\" srcset=\"https:\/\/radiorevelacionfm.cl\/wp-content\/uploads\/2021\/05\/Bomberos-Aeropuerto1-1.jpg 720w, https:\/\/radiorevelacionfm.cl\/wp-content\/uploads\/2021\/05\/Bomberos-Aeropuerto1-1-300x250.jpg 300w, https:\/\/radiorevelacionfm.cl\/wp-content\/uploads\/2021\/05\/Bomberos-Aeropuerto1-1-705x588.jpg 705w, https:\/\/radiorevelacionfm.cl\/wp-content\/uploads\/2021\/05\/Bomberos-Aeropuerto1-1-600x500.jpg 600w\" sizes=\"(max-width: 720px) 100vw, 720px\" \/><\/div><\/div><\/div><\/div><div class=\"flex_column av_one_full  flex_column_div av-zero-column-padding first  avia-builder-el-2  el_after_av_one_full  el_before_av_one_full  column-top-margin\" style='border-radius:0px; '><section class=\"av_textblock_section \"  itemscope=\"itemscope\" itemtype=\"https:\/\/schema.org\/BlogPosting\" itemprop=\"blogPost\" ><div class='avia_textblock  '   itemprop=\"text\" ><p style=\"text-align: center;\"><strong><span style=\"font-size: 18pt;\">Transportes aprueba proyecto que reconoce como personal de emergencia a los Bomberos de Aeropuertos<\/span><\/strong><\/p>\n<div id=\"gtx-trans\" style=\"position: absolute; left: -50px; top: 4.31534px;\">\n<div class=\"gtx-trans-icon\"><\/div>\n<\/div>\n<\/div><\/section><\/div><div class=\"flex_column av_one_full  flex_column_div av-zero-column-padding first  avia-builder-el-4  el_after_av_one_full  el_before_av_hr  column-top-margin\" style='border-radius:0px; '><section class=\"av_textblock_section \"  itemscope=\"itemscope\" itemtype=\"https:\/\/schema.org\/BlogPosting\" itemprop=\"blogPost\" ><div class='avia_textblock  '   itemprop=\"text\" ><p style=\"font-weight: 400; text-align: justify;\">La instancia encabezada por la senadora Ximena \u00d3rdenes Neira, aprob\u00f3 por unanimidad la iniciativa que incorpora a estos voluntarios y sus equipos dentro de las normas de tr\u00e1nsito para personal y veh\u00edculos de emergencia. \u201cEs un gran avance y estoy segura que tanto en el Senado como en la C\u00e1mara avanzaremos prontamente con esta iniciativa\u201d, se\u00f1al\u00f3 la parlamentaria.<\/p>\n<p style=\"font-weight: 400; text-align: justify;\">Esta jornada en la comisi\u00f3n de Transportes y Telecomunicaciones del Senado se aprob\u00f3 el proyecto que incorpora a bomberos de aeropuerto y sus veh\u00edculos a la norma de tr\u00e1nsito para personal y veh\u00edculos de emergencia. Esto cambia el actual escenario que viven los voluntarios que al asistir a emergencias fuera del recinto aeron\u00e1utico se ven expuestos a multas y sanciones.<\/p>\n<p style=\"font-weight: 400; text-align: justify;\">La presidenta de la instancia, senadora Ximena \u00d3rdenes, valor\u00f3 la aprobaci\u00f3n de la iniciativa. \u201cEl proyecto es un reconocimiento a la labor que hacen los bomberos de aeropuerto, quienes pese al apoyo que entregan en situaciones graves fuera del recinto aeroportuario \u2013 al momento de acudir al llamado \u2013 se exponen a multas y sanciones, ya que contradictoriamente, no estaban considerados como personal y veh\u00edculos de emergencia\u201d, indic\u00f3.<\/p>\n<p style=\"font-weight: 400; text-align: justify;\">En este sentido, la parlamentaria por la regi\u00f3n de Ays\u00e9n reiter\u00f3 la parad\u00f3jica situaci\u00f3n que viven los bomberos de los recintos aeroportuarios. \u201cEs urgente que esta ley se apruebe, porque es totalmente contradictorio que los voluntarios de bomberos acudan a llamados, y que no se vean expuestos a situaciones como multas por excesos de velocidad o transitar con veh\u00edculos de mayor peso\u201d, sostuvo.<\/p>\n<p style=\"font-weight: 400; text-align: justify;\">El proyecto aprobado fue enviado a la Sala del Senado para que contin\u00fae su tr\u00e1mite legislativo.<\/p>\n<p style=\"font-weight: 400; text-align: justify;\">Finalmente, la senadora \u00d3rdenes insisti\u00f3 en la necesidad de despachar prontamente esta ley. \u201cHomologar las condiciones de los bomberos de aeropuertos es una necesidad y un reconocimiento a la labor que realizan cada vez que tenemos emergencias forestales o qu\u00edmicas. Tenemos que acabar con esta contradicci\u00f3n en el corto plazo e incorporarlos como personal de emergencia\u201d, puntualiz\u00f3.<\/p>\n<\/div><\/section><\/div><div  style='height:50px' class='hr hr-invisible   avia-builder-el-6  el_after_av_one_full  el_before_av_social_share '><span class='hr-inner ' ><span class='hr-inner-style'><\/span><\/span><\/div><\/p>\n<div  class='av-social-sharing-box  avia-builder-el-7  el_after_av_hr  el_before_av_hr  '><div class='av-share-box'><h5 class='av-share-link-description av-no-toc '>Compartir esta noticia<\/h5><ul class='av-share-box-list noLightbox'><li class='av-share-link av-social-link-facebook' ><a target=\"_blank\" aria-label=\"Compartir en Facebook\" href='https:\/\/www.facebook.com\/sharer.php?u=https:\/\/radiorevelacionfm.cl\/?p=3841&#038;t=Transportes%20aprueba%20proyecto%20que%20reconoce%20como%20personal%20de%20emergencia%20a%20los%20Bomberos%20de%20Aeropuertos' aria-hidden='false' data-av_icon='\ue8f3' data-av_iconfont='entypo-fontello' title='' data-avia-related-tooltip='Compartir en Facebook' rel=\"noopener\"><span class='avia_hidden_link_text'>Compartir en Facebook<\/span><\/a><\/li><li class='av-share-link av-social-link-twitter' ><a target=\"_blank\" aria-label=\"Compartir en Twitter\" href='https:\/\/twitter.com\/share?text=Transportes%20aprueba%20proyecto%20que%20reconoce%20como%20personal%20de%20emergencia%20a%20los%20Bomberos%20de%20Aeropuertos&#038;url=https:\/\/radiorevelacionfm.cl\/?p=3841' aria-hidden='false' data-av_icon='\ue8f1' data-av_iconfont='entypo-fontello' title='' data-avia-related-tooltip='Compartir en Twitter' rel=\"noopener\"><span class='avia_hidden_link_text'>Compartir en Twitter<\/span><\/a><\/li><li class='av-share-link av-social-link-whatsapp' ><a target=\"_blank\" aria-label=\"Compartir en Whatsapp\" href='https:\/\/api.whatsapp.com\/send?text=https:\/\/radiorevelacionfm.cl\/?p=3841' aria-hidden='false' data-av_icon='\uf232' data-av_iconfont='entypo-fontello' title='' data-avia-related-tooltip='Compartir en Whatsapp' rel=\"noopener\"><span class='avia_hidden_link_text'>Compartir en Whatsapp<\/span><\/a><\/li><li class='av-share-link av-social-link-linkedin' ><a target=\"_blank\" aria-label=\"Compartir en LinkedIn\" href='https:\/\/linkedin.com\/shareArticle?mini=true&#038;title=Transportes%20aprueba%20proyecto%20que%20reconoce%20como%20personal%20de%20emergencia%20a%20los%20Bomberos%20de%20Aeropuertos&#038;url=https:\/\/radiorevelacionfm.cl\/?p=3841' aria-hidden='false' data-av_icon='\ue8fc' data-av_iconfont='entypo-fontello' title='' data-avia-related-tooltip='Compartir en LinkedIn' rel=\"noopener\"><span class='avia_hidden_link_text'>Compartir en LinkedIn<\/span><\/a><\/li><li class='av-share-link av-social-link-mail' ><a  aria-label=\"Compartir por correo\" href='mailto:?subject=Transportes%20aprueba%20proyecto%20que%20reconoce%20como%20personal%20de%20emergencia%20a%20los%20Bomberos%20de%20Aeropuertos&#038;body=https:\/\/radiorevelacionfm.cl\/?p=3841' aria-hidden='false' data-av_icon='\ue805' data-av_iconfont='entypo-fontello' title='' data-avia-related-tooltip='Compartir por correo'><span class='avia_hidden_link_text'>Compartir por correo<\/span><\/a><\/li><\/ul><\/div><\/div>\n<div  style='height:50px' class='hr hr-invisible   avia-builder-el-8  el_after_av_social_share  el_before_av_comments_list '><span class='hr-inner ' ><span class='hr-inner-style'><\/span><\/span><\/div>\n<div  class='av-buildercomment  av-blog-meta-html-info-disabled av-blog-meta-tag-disabled  '><\/div>\n","protected":false},"excerpt":{"rendered":"","protected":false},"author":1,"featured_media":3842,"comment_status":"open","ping_status":"open","sticky":false,"template":"","format":"standard","meta":{"footnotes":""},"categories":[59],"tags":[],"class_list":["post-3841","post","type-post","status-publish","format-standard","has-post-thumbnail","hentry","category-transporte"],"jetpack_featured_media_url":"https:\/\/radiorevelacionfm.cl\/wp-content\/uploads\/2021\/05\/Bomberos-Aeropuerto1-1.jpg","_links":{"self":[{"href":"https:\/\/radiorevelacionfm.cl\/index.php?rest_route=\/wp\/v2\/posts\/3841","targetHints":{"allow":["GET"]}}],"collection":[{"href":"https:\/\/radiorevelacionfm.cl\/index.php?rest_route=\/wp\/v2\/posts"}],"about":[{"href":"https:\/\/radiorevelacionfm.cl\/index.php?rest_route=\/wp\/v2\/types\/post"}],"author":[{"embeddable":true,"href":"https:\/\/radiorevelacionfm.cl\/index.php?rest_route=\/wp\/v2\/users\/1"}],"replies":[{"embeddable":true,"href":"https:\/\/radiorevelacionfm.cl\/index.php?rest_route=%2Fwp%2Fv2%2Fcomments&post=3841"}],"version-history":[{"count":1,"href":"https:\/\/radiorevelacionfm.cl\/index.php?rest_route=\/wp\/v2\/posts\/3841\/revisions"}],"predecessor-version":[{"id":3843,"href":"https:\/\/radiorevelacionfm.cl\/index.php?rest_route=\/wp\/v2\/posts\/3841\/revisions\/3843"}],"wp:featuredmedia":[{"embeddable":true,"href":"https:\/\/radiorevelacionfm.cl\/index.php?rest_route=\/wp\/v2\/media\/3842"}],"wp:attachment":[{"href":"https:\/\/radiorevelacionfm.cl\/index.php?rest_route=%2Fwp%2Fv2%2Fmedia&parent=3841"}],"wp:term":[{"taxonomy":"category","embeddable":true,"href":"https:\/\/radiorevelacionfm.cl\/index.php?rest_route=%2Fwp%2Fv2%2Fcategories&post=3841"},{"taxonomy":"post_tag","embeddable":true,"href":"https:\/\/radiorevelacionfm.cl\/index.php?rest_route=%2Fwp%2Fv2%2Ftags&post=3841"}],"curies":[{"name":"wp","href":"https:\/\/api.w.org\/{rel}","templated":true}]}}