{"id":38407,"date":"2023-12-28T19:32:23","date_gmt":"2023-12-28T22:32:23","guid":{"rendered":"https:\/\/radiorevelacionfm.cl\/?p=38407"},"modified":"2023-12-28T19:32:23","modified_gmt":"2023-12-28T22:32:23","slug":"anuncian-apertura-de-postulaciones-al-programa-de-recambio-de-calefactores-para-coyhaique-en-enero-de-2024","status":"publish","type":"post","link":"https:\/\/radiorevelacionfm.cl\/?p=38407","title":{"rendered":"Anuncian apertura de postulaciones al Programa de Recambio de Calefactores para Coyhaique en enero de 2024"},"content":{"rendered":"<div class=\"flex_column av_one_full  flex_column_div av-zero-column-padding first  avia-builder-el-0  el_before_av_one_full  avia-builder-el-first  \" style='border-radius:0px; '><div  class='avia-image-container  av-styling-    avia-builder-el-1  avia-builder-el-no-sibling  avia-align-center '  itemprop=\"image\" itemscope=\"itemscope\" itemtype=\"https:\/\/schema.org\/ImageObject\"  ><div class='avia-image-container-inner'><div class='avia-image-overlay-wrap'><img decoding=\"async\" class='wp-image-38418 avia-img-lazy-loading-not-38418 avia_image' src=\"https:\/\/radiorevelacionfm.cl\/wp-content\/uploads\/2023\/12\/CALEFACTORES-A-PELLET-1-1.jpg\" alt='' title='CALEFACTORES A PELLET (1) (1)' height=\"600\" width=\"1067\"  itemprop=\"thumbnailUrl\" srcset=\"https:\/\/radiorevelacionfm.cl\/wp-content\/uploads\/2023\/12\/CALEFACTORES-A-PELLET-1-1.jpg 1067w, https:\/\/radiorevelacionfm.cl\/wp-content\/uploads\/2023\/12\/CALEFACTORES-A-PELLET-1-1-300x169.jpg 300w, https:\/\/radiorevelacionfm.cl\/wp-content\/uploads\/2023\/12\/CALEFACTORES-A-PELLET-1-1-1030x579.jpg 1030w, https:\/\/radiorevelacionfm.cl\/wp-content\/uploads\/2023\/12\/CALEFACTORES-A-PELLET-1-1-768x432.jpg 768w, https:\/\/radiorevelacionfm.cl\/wp-content\/uploads\/2023\/12\/CALEFACTORES-A-PELLET-1-1-705x396.jpg 705w, https:\/\/radiorevelacionfm.cl\/wp-content\/uploads\/2023\/12\/CALEFACTORES-A-PELLET-1-1-450x253.jpg 450w, https:\/\/radiorevelacionfm.cl\/wp-content\/uploads\/2023\/12\/CALEFACTORES-A-PELLET-1-1-600x337.jpg 600w\" sizes=\"(max-width: 1067px) 100vw, 1067px\" \/><\/div><\/div><\/div><\/div><div class=\"flex_column av_one_full  flex_column_div av-zero-column-padding first  avia-builder-el-2  el_after_av_one_full  el_before_av_one_full  column-top-margin\" style='border-radius:0px; '><section class=\"av_textblock_section \"  itemscope=\"itemscope\" itemtype=\"https:\/\/schema.org\/BlogPosting\" itemprop=\"blogPost\" ><div class='avia_textblock  '   itemprop=\"text\" ><p style=\"text-align: center;\"><strong><span style=\"font-size: 18pt;\">Anuncian apertura de postulaciones al Programa de Recambio de Calefactores para Coyhaique en enero de 2024<\/span><\/strong><\/p>\n<div id=\"gtx-trans\" style=\"position: absolute; left: -50px; top: 4.31534px;\">\n<div class=\"gtx-trans-icon\"><\/div>\n<\/div>\n<\/div><\/section><\/div><\/p>\n<div class=\"flex_column av_one_full  flex_column_div av-zero-column-padding first  avia-builder-el-4  el_after_av_one_full  el_before_av_hr  column-top-margin\" style='border-radius:0px; '><section class=\"av_textblock_section \"  itemscope=\"itemscope\" itemtype=\"https:\/\/schema.org\/BlogPosting\" itemprop=\"blogPost\" ><div class='avia_textblock  '   itemprop=\"text\" ><p style=\"text-align: justify;\">Desde el hall del Gobierno Regional de Ays\u00e9n, la Gobernadora, Andrea Mac\u00edas, Seremi del Medio Ambiente, Yoal D\u00edaz y Consejeros Regionales, anunciaron a los medios de comunicaci\u00f3n locales, la reapertura del programa de recambio de calefactores asegurando la postulaci\u00f3n para Coyhaique en enero del a\u00f1o 2024.<\/p>\n<p style=\"text-align: justify;\">El beneficio ambiental, que forma parte del Plan de Descontaminaci\u00f3n Atmosf\u00e9rica de Coyhaique, permitir\u00e1 recambiar 2.200 equipos, los que ser\u00e1n distribuidos entre las ciudades de Coyhaique, Cochrane y Puerto Ays\u00e9n.<\/p>\n<p style=\"text-align: justify;\">La Gobernadora Regional, destac\u00f3 que ya se han sorteado los problemas administrativos que tuvieron detenido el programa y que ya se han adquirido los 2.200 equipos que beneficiar\u00e1n a las familias que se sumen a optar por una calefacci\u00f3n m\u00e1s sustentable y as\u00ed apoyar el proceso de descontaminaci\u00f3n del aire en la regi\u00f3n, valorando adem\u00e1s que el programa considera tambi\u00e9n las ciudades de Cochrane y Puerto Ays\u00e9n, que si bien no cuentan con un PDA, s\u00ed comparten la problem\u00e1tica asociada al uso de le\u00f1a h\u00fameda \u201chemos realizado nuevas mediciones que nos han permitido conocer la realidad de otros territorios, para poder avanzar en pol\u00edtica p\u00fablica es fundamental contar con datos, en eso estamos trabajando y en virtud de ello se suman tambi\u00e9n las ciudades de Puerto Ays\u00e9n y Cochrane (\u2026) en esta inversi\u00f3n que hemos hecho como Gobierno Regional de cerca de 6 mil millones de pesos\u201d, destac\u00f3 la Gobernadora, haciendo hincapi\u00e9 que m\u00e1s all\u00e1 de la inversi\u00f3n considerada y la por ejecutar, el objetivo se encuentra en la salud p\u00fablica y como el programa es un aporte a la disminuci\u00f3n de la contaminaci\u00f3n y por tanto, una mejora en la calidad de vida.<\/p>\n<p style=\"text-align: justify;\">El Seremi del Medio Ambiente detall\u00f3 que el programa tendr\u00e1 un despliegue gradual que comenzar\u00e1 abriendo postulaciones en Coyhaique en el mes de enero, y durante febrero se convocar\u00e1 a las familias de Puerto Ays\u00e9n y Cochrane, para lo que se\u00a0 informar\u00e1 oportunamente en las redes sociales de la Seremi del Medio Ambiente y en la p\u00e1gina web calefactores.mma.gob.cl, donde los y las interesadas podr\u00e1n realizar su postulaci\u00f3n \u201cles recordamos adem\u00e1s que contamos con una oficina en calle Err\u00e1zuriz esquina Lillo en la ciudad de Coyhaique, donde tambi\u00e9n podr\u00e1n ingresar su postulaci\u00f3n y adem\u00e1s hacer todas las consultas necesarias\u201d, indic\u00f3 Yoal D\u00edaz, agradeciendo el apoyo del Gobierno Regional y su Consejo que en este trabajo colaborativo han permitido alcanzar el 61% de la meta de recambios establecida en el PDA de Coyhaique para 2027, y este nuevo llamado deber\u00eda acercar el objetivo a un 74%.<\/p>\n<p style=\"text-align: justify;\">Con \u00e9nfasis en el aporte medioambiental del programa de recambio, la Consejera Regional Marisol Mart\u00ednez destac\u00f3 su reactivaci\u00f3n que seguir\u00e1 teniendo incidencia en la mejora de la calidad del aire de la regi\u00f3n de Ays\u00e9n, de hecho, los reportes de calidad del aire dan cuenta de la disminuci\u00f3n de m\u00e1s de un 40% en el total de episodios cr\u00edticos en Coyhaique desde la aplicaci\u00f3n del PDA y programa de recambio, y de un 70% en los episodios de emergencia, que son los m\u00e1s graves.<\/p>\n<p style=\"text-align: justify;\">Si bien no todo es atribuible al programa de recambio sino a las medidas PDA en su conjunto, el Consejero Jorge Abello destac\u00f3 la medida como la m\u00e1s reconocida y esperada por las familias de Ays\u00e9n, valorando la reapertura y relevando tambi\u00e9n el trabajo de medici\u00f3n realizado por el Ministerio del Medio Ambiente, que permite extender el beneficio, asi como el trabajo conjunto que se est\u00e1 realizando a trav\u00e9s del CIEP para otras localidades.<\/p>\n<p style=\"text-align: justify;\">Por su parte el Consejero Rocco Martiniello, se sum\u00f3 a la invitaci\u00f3n y al llamado a la corresponsabilidad ciudadana, convocando a vecinos y vecinas a estar atentos y a participar del programa que es un beneficio amplio y comunitario.<\/p>\n<p style=\"text-align: justify;\">Las autoridades recordaron a los y las postulantes que el programa es un beneficio ambiental, por cuanto no est\u00e1 sujeto al registro social de hogares, es universal y cuenta con criterios de priorizaci\u00f3n como adultos mayores, enfermos cr\u00f3nicos entre otros. Para el a\u00f1o 2024 los equipos disponibles para el beneficio voluntario corresponden al modelo Italy 8100 Plus, Marca Amesti para la opci\u00f3n pellet; y para aire acondicionado:\u00a0 Split Inverter 18.000 BTU, Marca KH\u00d6NE.<\/p>\n<p style=\"text-align: justify;\">\u00a0LOS REQUISITOS PARA POSTULAR AL PROGRAMA SON:<\/p>\n<ol>\n<li style=\"text-align: justify;\">Postular desde el sitio web <a href=\"http:\/\/www.calefactores.cl\">calefactores.cl<\/a> o de forma presencial en la Oficina de Apoyo al Recambio, ubicada en Err\u00e1zuriz 514, Coyhaique.<\/li>\n<li style=\"text-align: justify;\">Indicar el modelo de calefacci\u00f3n al que postular\u00e1.<\/li>\n<li style=\"text-align: justify;\">Que el artefacto a recambiar sea del tipo cocina, c\u00e1mara simple y calefactores con templador.<\/li>\n<li style=\"text-align: justify;\">Ser propietario del artefacto a le\u00f1a que se quiere recambiar.<\/li>\n<li style=\"text-align: justify;\">Que el artefacto a le\u00f1a <u>se encuentre instalado en la vivienda<\/u>.<\/li>\n<li style=\"text-align: justify;\">Que la vivienda donde est\u00e1 instalado el artefacto a recambiar, se encuentre ubicada en la Zona Saturada de Coyhaique, s\u00f3lo se aceptar\u00e1 una postulaci\u00f3n por domicilio.<\/li>\n<li style=\"text-align: justify;\">No se aceptar\u00e1n postulaciones de artefactos instalados en departamentos, instituciones, organizaciones sociales, ni en lugares que no tengan un fin habitacional.<\/li>\n<li style=\"text-align: justify;\">No se aceptar\u00e1n postulaciones de calderas de calefacci\u00f3n domiciliarias.<\/li>\n<li style=\"text-align: justify;\">Entregar a la Subsecretar\u00eda el artefacto a le\u00f1a que se recambie, para proceder a su destrucci\u00f3n.<\/li>\n<li style=\"text-align: justify;\">No haber sido persona beneficiada de alg\u00fan Programa de Recambio anterior.<\/li>\n<li style=\"text-align: justify;\">Que el artefacto a recambiar no corresponda a un equipo con certificaci\u00f3n SEC entregado en alg\u00fan Programa de Recambio anterior.<\/li>\n<li style=\"text-align: justify;\">Realizar el copago de $50.000.- a la empresa instaladora del calefactor.<\/li>\n<li style=\"text-align: justify;\">Entregar un n\u00famero telef\u00f3nico, correo electr\u00f3nico u otro medio que permita el contacto en cualquier etapa del proceso.<\/li>\n<li style=\"text-align: justify;\">Quien postule deber\u00e1 ser mayor de edad.<\/li>\n<\/ol>\n<\/div><\/section><\/div>\n<div  style='height:50px' class='hr hr-invisible   avia-builder-el-6  el_after_av_one_full  el_before_av_social_share '><span class='hr-inner ' ><span class='hr-inner-style'><\/span><\/span><\/div>\n<div  class='av-social-sharing-box  avia-builder-el-7  el_after_av_hr  el_before_av_hr  '><div class='av-share-box'><h5 class='av-share-link-description av-no-toc '>Compartir esta noticia<\/h5><ul class='av-share-box-list noLightbox'><li class='av-share-link av-social-link-facebook' ><a target=\"_blank\" aria-label=\"Compartir en Facebook\" href='https:\/\/www.facebook.com\/sharer.php?u=https:\/\/radiorevelacionfm.cl\/?p=38407&#038;t=Anuncian%20apertura%20de%20postulaciones%20al%20Programa%20de%20Recambio%20de%20Calefactores%20para%20Coyhaique%20en%20enero%20de%202024' aria-hidden='false' data-av_icon='\ue8f3' data-av_iconfont='entypo-fontello' title='' data-avia-related-tooltip='Compartir en Facebook' rel=\"noopener\"><span class='avia_hidden_link_text'>Compartir en Facebook<\/span><\/a><\/li><li class='av-share-link av-social-link-twitter' ><a target=\"_blank\" aria-label=\"Compartir en Twitter\" href='https:\/\/twitter.com\/share?text=Anuncian%20apertura%20de%20postulaciones%20al%20Programa%20de%20Recambio%20de%20Calefactores%20para%20Coyhaique%20en%20enero%20de%202024&#038;url=https:\/\/radiorevelacionfm.cl\/?p=38407' aria-hidden='false' data-av_icon='\ue8f1' data-av_iconfont='entypo-fontello' title='' data-avia-related-tooltip='Compartir en Twitter' rel=\"noopener\"><span class='avia_hidden_link_text'>Compartir en Twitter<\/span><\/a><\/li><li class='av-share-link av-social-link-whatsapp' ><a target=\"_blank\" aria-label=\"Compartir en Whatsapp\" href='https:\/\/api.whatsapp.com\/send?text=https:\/\/radiorevelacionfm.cl\/?p=38407' aria-hidden='false' data-av_icon='\uf232' data-av_iconfont='entypo-fontello' title='' data-avia-related-tooltip='Compartir en Whatsapp' rel=\"noopener\"><span class='avia_hidden_link_text'>Compartir en Whatsapp<\/span><\/a><\/li><li class='av-share-link av-social-link-linkedin' ><a target=\"_blank\" aria-label=\"Compartir en LinkedIn\" href='https:\/\/linkedin.com\/shareArticle?mini=true&#038;title=Anuncian%20apertura%20de%20postulaciones%20al%20Programa%20de%20Recambio%20de%20Calefactores%20para%20Coyhaique%20en%20enero%20de%202024&#038;url=https:\/\/radiorevelacionfm.cl\/?p=38407' aria-hidden='false' data-av_icon='\ue8fc' data-av_iconfont='entypo-fontello' title='' data-avia-related-tooltip='Compartir en LinkedIn' rel=\"noopener\"><span class='avia_hidden_link_text'>Compartir en LinkedIn<\/span><\/a><\/li><li class='av-share-link av-social-link-mail' ><a  aria-label=\"Compartir por correo\" href='mailto:?subject=Anuncian%20apertura%20de%20postulaciones%20al%20Programa%20de%20Recambio%20de%20Calefactores%20para%20Coyhaique%20en%20enero%20de%202024&#038;body=https:\/\/radiorevelacionfm.cl\/?p=38407' aria-hidden='false' data-av_icon='\ue805' data-av_iconfont='entypo-fontello' title='' data-avia-related-tooltip='Compartir por correo'><span class='avia_hidden_link_text'>Compartir por correo<\/span><\/a><\/li><\/ul><\/div><\/div>\n<div  style='height:50px' class='hr hr-invisible   avia-builder-el-8  el_after_av_social_share  el_before_av_comments_list '><span class='hr-inner ' ><span class='hr-inner-style'><\/span><\/span><\/div>\n<div  class='av-buildercomment  av-blog-meta-html-info-disabled av-blog-meta-tag-disabled  '><\/div>\n","protected":false},"excerpt":{"rendered":"","protected":false},"author":1,"featured_media":38418,"comment_status":"open","ping_status":"open","sticky":false,"template":"","format":"standard","meta":{"footnotes":""},"categories":[39],"tags":[],"class_list":["post-38407","post","type-post","status-publish","format-standard","has-post-thumbnail","hentry","category-medio-ambiente"],"jetpack_featured_media_url":"https:\/\/radiorevelacionfm.cl\/wp-content\/uploads\/2023\/12\/CALEFACTORES-A-PELLET-1-1.jpg","_links":{"self":[{"href":"https:\/\/radiorevelacionfm.cl\/index.php?rest_route=\/wp\/v2\/posts\/38407","targetHints":{"allow":["GET"]}}],"collection":[{"href":"https:\/\/radiorevelacionfm.cl\/index.php?rest_route=\/wp\/v2\/posts"}],"about":[{"href":"https:\/\/radiorevelacionfm.cl\/index.php?rest_route=\/wp\/v2\/types\/post"}],"author":[{"embeddable":true,"href":"https:\/\/radiorevelacionfm.cl\/index.php?rest_route=\/wp\/v2\/users\/1"}],"replies":[{"embeddable":true,"href":"https:\/\/radiorevelacionfm.cl\/index.php?rest_route=%2Fwp%2Fv2%2Fcomments&post=38407"}],"version-history":[{"count":2,"href":"https:\/\/radiorevelacionfm.cl\/index.php?rest_route=\/wp\/v2\/posts\/38407\/revisions"}],"predecessor-version":[{"id":38419,"href":"https:\/\/radiorevelacionfm.cl\/index.php?rest_route=\/wp\/v2\/posts\/38407\/revisions\/38419"}],"wp:featuredmedia":[{"embeddable":true,"href":"https:\/\/radiorevelacionfm.cl\/index.php?rest_route=\/wp\/v2\/media\/38418"}],"wp:attachment":[{"href":"https:\/\/radiorevelacionfm.cl\/index.php?rest_route=%2Fwp%2Fv2%2Fmedia&parent=38407"}],"wp:term":[{"taxonomy":"category","embeddable":true,"href":"https:\/\/radiorevelacionfm.cl\/index.php?rest_route=%2Fwp%2Fv2%2Fcategories&post=38407"},{"taxonomy":"post_tag","embeddable":true,"href":"https:\/\/radiorevelacionfm.cl\/index.php?rest_route=%2Fwp%2Fv2%2Ftags&post=38407"}],"curies":[{"name":"wp","href":"https:\/\/api.w.org\/{rel}","templated":true}]}}