{"id":38404,"date":"2023-12-29T10:12:30","date_gmt":"2023-12-29T13:12:30","guid":{"rendered":"https:\/\/radiorevelacionfm.cl\/?p=38404"},"modified":"2023-12-29T10:12:30","modified_gmt":"2023-12-29T13:12:30","slug":"ante-aumento-de-licencias-medicas-de-funcionarios-servicio-de-salud-aysen-reactivo-comite-central-de-ausentismo","status":"publish","type":"post","link":"https:\/\/radiorevelacionfm.cl\/?p=38404","title":{"rendered":"Ante aumento de licencias m\u00e9dicas de funcionarios Servicio de Salud Ays\u00e9n reactiv\u00f3 Comit\u00e9 Central de Ausentismo"},"content":{"rendered":"<div class=\"flex_column av_one_full  flex_column_div av-zero-column-padding first  avia-builder-el-0  el_before_av_one_full  avia-builder-el-first  \" style='border-radius:0px; '><div  class='avia-image-container  av-styling-    avia-builder-el-1  avia-builder-el-no-sibling  avia-align-center '  itemprop=\"image\" itemscope=\"itemscope\" itemtype=\"https:\/\/schema.org\/ImageObject\"  ><div class='avia-image-container-inner'><div class='avia-image-overlay-wrap'><img decoding=\"async\" class='wp-image-38405 avia-img-lazy-loading-not-38405 avia_image' src=\"https:\/\/radiorevelacionfm.cl\/wp-content\/uploads\/2023\/12\/WhatsApp-Image-2023-12-28-at-5.43.20-PM-1-1.jpeg\" alt='' title='WhatsApp Image 2023-12-28 at 5.43.20 PM (1) (1)' height=\"600\" width=\"900\"  itemprop=\"thumbnailUrl\" srcset=\"https:\/\/radiorevelacionfm.cl\/wp-content\/uploads\/2023\/12\/WhatsApp-Image-2023-12-28-at-5.43.20-PM-1-1.jpeg 900w, https:\/\/radiorevelacionfm.cl\/wp-content\/uploads\/2023\/12\/WhatsApp-Image-2023-12-28-at-5.43.20-PM-1-1-300x200.jpeg 300w, https:\/\/radiorevelacionfm.cl\/wp-content\/uploads\/2023\/12\/WhatsApp-Image-2023-12-28-at-5.43.20-PM-1-1-768x512.jpeg 768w, https:\/\/radiorevelacionfm.cl\/wp-content\/uploads\/2023\/12\/WhatsApp-Image-2023-12-28-at-5.43.20-PM-1-1-705x470.jpeg 705w, https:\/\/radiorevelacionfm.cl\/wp-content\/uploads\/2023\/12\/WhatsApp-Image-2023-12-28-at-5.43.20-PM-1-1-450x300.jpeg 450w, https:\/\/radiorevelacionfm.cl\/wp-content\/uploads\/2023\/12\/WhatsApp-Image-2023-12-28-at-5.43.20-PM-1-1-600x400.jpeg 600w\" sizes=\"(max-width: 900px) 100vw, 900px\" \/><\/div><\/div><\/div><\/div><div class=\"flex_column av_one_full  flex_column_div av-zero-column-padding first  avia-builder-el-2  el_after_av_one_full  el_before_av_one_full  column-top-margin\" style='border-radius:0px; '><section class=\"av_textblock_section \"  itemscope=\"itemscope\" itemtype=\"https:\/\/schema.org\/BlogPosting\" itemprop=\"blogPost\" ><div class='avia_textblock  '   itemprop=\"text\" ><p style=\"text-align: center;\"><span style=\"font-size: 18pt;\"><b>Ante aumento de licencias m\u00e9dicas de funcionarios Servicio de Salud Ays\u00e9n reactiv\u00f3 Comit\u00e9 Central de Ausentismo<\/b><\/span><\/p>\n<div id=\"gtx-trans\" style=\"position: absolute; left: -50px; top: 4.31534px;\">\n<div class=\"gtx-trans-icon\"><\/div>\n<\/div>\n<\/div><\/section><\/div><div class=\"flex_column av_one_full  flex_column_div av-zero-column-padding first  avia-builder-el-4  el_after_av_one_full  el_before_av_hr  column-top-margin\" style='border-radius:0px; '><section class=\"av_textblock_section \"  itemscope=\"itemscope\" itemtype=\"https:\/\/schema.org\/BlogPosting\" itemprop=\"blogPost\" ><div class='avia_textblock  '   itemprop=\"text\" ><p style=\"font-weight: 400; text-align: justify;\">Este 2023 se registr\u00f3 un aumento de los d\u00edas de ausencia por licencia m\u00e9dica curativa de las y los funcionarios del Servicio de Salud Ays\u00e9n, alcanzando en promedio los 30,2 d\u00edas, tres m\u00e1s que en igual periodo del a\u00f1o anterior.<\/p>\n<p style=\"font-weight: 400; text-align: justify;\">En las reuniones sostenidas con la comunidad de diversas localidades de la regi\u00f3n, han dejado de manifiesto que esta situaci\u00f3n es una de las principales observaciones y demandas de las personas que se atienden en los establecimientos p\u00fablicos de la red regional.<\/p>\n<p style=\"font-weight: 400; text-align: justify;\">Por esta raz\u00f3n, pensando en la comunidad y en las y los funcionarios, el Servicio de Salud decidi\u00f3 reactivar el Comit\u00e9 Central de Ausentismo.<\/p>\n<p style=\"font-weight: 400; text-align: justify;\">\u201cDesde el punto de vista de las y los funcionarios es para ver las causales que est\u00e1n provocando estas licencias m\u00e9dicas y poder apoyarlos a trav\u00e9s de la creaci\u00f3n de planes de acci\u00f3n con los distintos establecimientos de nuestra Red que provoquen una disminuci\u00f3n de las ausencias, ya que estas terminan mermando las atenciones, tanto en cantidad como en calidad, y nuestro objetivo es darle una mejor atenci\u00f3n a nuestros usuarios\u201d, indic\u00f3 Juan Pablo Bravo Quintana, director del Servicio de Salud Ays\u00e9n.<\/p>\n<p style=\"font-weight: 400; text-align: justify;\">Principalmente el mayor n\u00famero de licencias m\u00e9dicas curativas son cortas, no superando los 7 d\u00edas, lo que imposibilita la posibilidad de encontrar reemplazos para estos breves periodos y los establecimientos de Puerto Ays\u00e9n superan la media regional con m\u00e1s de 40 d\u00edas de ausencia por funcionario.<\/p>\n<p style=\"font-weight: 400; text-align: justify;\">Pero no todo es negativo, cabe destacar el trabajo de gesti\u00f3n desarrollado por el CESFAM V\u00edctor Domingo Silva, logr\u00f3 disminuir considerablemente los d\u00edas de ausencia por licencias m\u00e9dicas.<\/p>\n<p style=\"font-weight: 400; text-align: justify;\">\u201cEs el establecimiento que m\u00e1s se destac\u00f3 durante el 2023, estuvieron constantemente reuni\u00e9ndose y llevando a cabo las acciones establecidas por el Ministerio para disminuir el ausentismo y generaron una disminuci\u00f3n de 7 a 8 d\u00edas menos de ausencia por licencias m\u00e9dicas, as\u00ed que desarrollaron un gran trabajo\u201d, destac\u00f3 Alejandro Arce, referente de Ausentismo del Servicio de Salud Ays\u00e9n.<\/p>\n<p style=\"font-weight: 400; text-align: justify;\"><strong>20 mil horas perdidas<\/strong><\/p>\n<p style=\"font-weight: 400; text-align: justify;\">Otro de los temas que preocupa cerrando este 2023 y que impacta negativamente en las prestaciones entregadas a la comunidad, son las inasistencias de las y los pacientes a sus controles y consultas. A modo de ejemplo, entre junio y noviembre en la Atenci\u00f3n Primaria de Coyhaique, cerca de 20 mil horas se perdieron por la no presentaci\u00f3n de personas agendadas.<\/p>\n<p style=\"font-weight: 400; text-align: justify;\">Desde el Servicio de Salud Ays\u00e9n realizaron un llamado a las y los usuarios para hacer uso correcto de las atenciones y avisar de manera oportuna a su centro de salud si es que no podr\u00e1 asistir para que de esta forma se pueda reasignar la hora a otras personas que la necesiten.<\/p>\n<\/div><\/section><\/div><div  style='height:50px' class='hr hr-invisible   avia-builder-el-6  el_after_av_one_full  el_before_av_social_share '><span class='hr-inner ' ><span class='hr-inner-style'><\/span><\/span><\/div><\/p>\n<div  class='av-social-sharing-box  avia-builder-el-7  el_after_av_hr  el_before_av_hr  '><div class='av-share-box'><h5 class='av-share-link-description av-no-toc '>Compartir esta noticia<\/h5><ul class='av-share-box-list noLightbox'><li class='av-share-link av-social-link-facebook' ><a target=\"_blank\" aria-label=\"Compartir en Facebook\" href='https:\/\/www.facebook.com\/sharer.php?u=https:\/\/radiorevelacionfm.cl\/?p=38404&#038;t=Ante%20aumento%20de%20licencias%20m%C3%A9dicas%20de%20funcionarios%20Servicio%20de%20Salud%20Ays%C3%A9n%20reactiv%C3%B3%20Comit%C3%A9%20Central%20de%20Ausentismo' aria-hidden='false' data-av_icon='\ue8f3' data-av_iconfont='entypo-fontello' title='' data-avia-related-tooltip='Compartir en Facebook' rel=\"noopener\"><span class='avia_hidden_link_text'>Compartir en Facebook<\/span><\/a><\/li><li class='av-share-link av-social-link-twitter' ><a target=\"_blank\" aria-label=\"Compartir en Twitter\" href='https:\/\/twitter.com\/share?text=Ante%20aumento%20de%20licencias%20m%C3%A9dicas%20de%20funcionarios%20Servicio%20de%20Salud%20Ays%C3%A9n%20reactiv%C3%B3%20Comit%C3%A9%20Central%20de%20Ausentismo&#038;url=https:\/\/radiorevelacionfm.cl\/?p=38404' aria-hidden='false' data-av_icon='\ue8f1' data-av_iconfont='entypo-fontello' title='' data-avia-related-tooltip='Compartir en Twitter' rel=\"noopener\"><span class='avia_hidden_link_text'>Compartir en Twitter<\/span><\/a><\/li><li class='av-share-link av-social-link-whatsapp' ><a target=\"_blank\" aria-label=\"Compartir en Whatsapp\" href='https:\/\/api.whatsapp.com\/send?text=https:\/\/radiorevelacionfm.cl\/?p=38404' aria-hidden='false' data-av_icon='\uf232' data-av_iconfont='entypo-fontello' title='' data-avia-related-tooltip='Compartir en Whatsapp' rel=\"noopener\"><span class='avia_hidden_link_text'>Compartir en Whatsapp<\/span><\/a><\/li><li class='av-share-link av-social-link-linkedin' ><a target=\"_blank\" aria-label=\"Compartir en LinkedIn\" href='https:\/\/linkedin.com\/shareArticle?mini=true&#038;title=Ante%20aumento%20de%20licencias%20m%C3%A9dicas%20de%20funcionarios%20Servicio%20de%20Salud%20Ays%C3%A9n%20reactiv%C3%B3%20Comit%C3%A9%20Central%20de%20Ausentismo&#038;url=https:\/\/radiorevelacionfm.cl\/?p=38404' aria-hidden='false' data-av_icon='\ue8fc' data-av_iconfont='entypo-fontello' title='' data-avia-related-tooltip='Compartir en LinkedIn' rel=\"noopener\"><span class='avia_hidden_link_text'>Compartir en LinkedIn<\/span><\/a><\/li><li class='av-share-link av-social-link-mail' ><a  aria-label=\"Compartir por correo\" href='mailto:?subject=Ante%20aumento%20de%20licencias%20m%C3%A9dicas%20de%20funcionarios%20Servicio%20de%20Salud%20Ays%C3%A9n%20reactiv%C3%B3%20Comit%C3%A9%20Central%20de%20Ausentismo&#038;body=https:\/\/radiorevelacionfm.cl\/?p=38404' aria-hidden='false' data-av_icon='\ue805' data-av_iconfont='entypo-fontello' title='' data-avia-related-tooltip='Compartir por correo'><span class='avia_hidden_link_text'>Compartir por correo<\/span><\/a><\/li><\/ul><\/div><\/div>\n<div  style='height:50px' class='hr hr-invisible   avia-builder-el-8  el_after_av_social_share  el_before_av_comments_list '><span class='hr-inner ' ><span class='hr-inner-style'><\/span><\/span><\/div>\n<div  class='av-buildercomment  av-blog-meta-html-info-disabled av-blog-meta-tag-disabled  '><\/div>\n","protected":false},"excerpt":{"rendered":"","protected":false},"author":1,"featured_media":38405,"comment_status":"open","ping_status":"open","sticky":false,"template":"","format":"standard","meta":{"footnotes":""},"categories":[46],"tags":[],"class_list":["post-38404","post","type-post","status-publish","format-standard","has-post-thumbnail","hentry","category-salud"],"jetpack_featured_media_url":"https:\/\/radiorevelacionfm.cl\/wp-content\/uploads\/2023\/12\/WhatsApp-Image-2023-12-28-at-5.43.20-PM-1-1.jpeg","_links":{"self":[{"href":"https:\/\/radiorevelacionfm.cl\/index.php?rest_route=\/wp\/v2\/posts\/38404","targetHints":{"allow":["GET"]}}],"collection":[{"href":"https:\/\/radiorevelacionfm.cl\/index.php?rest_route=\/wp\/v2\/posts"}],"about":[{"href":"https:\/\/radiorevelacionfm.cl\/index.php?rest_route=\/wp\/v2\/types\/post"}],"author":[{"embeddable":true,"href":"https:\/\/radiorevelacionfm.cl\/index.php?rest_route=\/wp\/v2\/users\/1"}],"replies":[{"embeddable":true,"href":"https:\/\/radiorevelacionfm.cl\/index.php?rest_route=%2Fwp%2Fv2%2Fcomments&post=38404"}],"version-history":[{"count":1,"href":"https:\/\/radiorevelacionfm.cl\/index.php?rest_route=\/wp\/v2\/posts\/38404\/revisions"}],"predecessor-version":[{"id":38406,"href":"https:\/\/radiorevelacionfm.cl\/index.php?rest_route=\/wp\/v2\/posts\/38404\/revisions\/38406"}],"wp:featuredmedia":[{"embeddable":true,"href":"https:\/\/radiorevelacionfm.cl\/index.php?rest_route=\/wp\/v2\/media\/38405"}],"wp:attachment":[{"href":"https:\/\/radiorevelacionfm.cl\/index.php?rest_route=%2Fwp%2Fv2%2Fmedia&parent=38404"}],"wp:term":[{"taxonomy":"category","embeddable":true,"href":"https:\/\/radiorevelacionfm.cl\/index.php?rest_route=%2Fwp%2Fv2%2Fcategories&post=38404"},{"taxonomy":"post_tag","embeddable":true,"href":"https:\/\/radiorevelacionfm.cl\/index.php?rest_route=%2Fwp%2Fv2%2Ftags&post=38404"}],"curies":[{"name":"wp","href":"https:\/\/api.w.org\/{rel}","templated":true}]}}