{"id":38401,"date":"2023-12-28T18:11:02","date_gmt":"2023-12-28T21:11:02","guid":{"rendered":"https:\/\/radiorevelacionfm.cl\/?p=38401"},"modified":"2023-12-28T18:11:02","modified_gmt":"2023-12-28T21:11:02","slug":"impulsan-inversion-de-140-mil-millones-para-pavimentar-72-kilometros-en-la-zona-sur-de-la-region-de-aysen","status":"publish","type":"post","link":"https:\/\/radiorevelacionfm.cl\/?p=38401","title":{"rendered":"Impulsan inversi\u00f3n de $140 mil millones para pavimentar 72 kil\u00f3metros en la zona sur de la regi\u00f3n de Ays\u00e9n"},"content":{"rendered":"<div class=\"flex_column av_one_full  flex_column_div av-zero-column-padding first  avia-builder-el-0  el_before_av_one_full  avia-builder-el-first  \" style='border-radius:0px; '><div  class='avia-image-container  av-styling-    avia-builder-el-1  avia-builder-el-no-sibling  avia-align-center '  itemprop=\"image\" itemscope=\"itemscope\" itemtype=\"https:\/\/schema.org\/ImageObject\"  ><div class='avia-image-container-inner'><div class='avia-image-overlay-wrap'><img decoding=\"async\" class='wp-image-38402 avia-img-lazy-loading-not-38402 avia_image' src=\"https:\/\/radiorevelacionfm.cl\/wp-content\/uploads\/2023\/12\/img-20231228-wa0018-1_optimized-1.jpg\" alt='' title='img-20231228-wa0018-(1)_optimized (1)' height=\"600\" width=\"1067\"  itemprop=\"thumbnailUrl\" srcset=\"https:\/\/radiorevelacionfm.cl\/wp-content\/uploads\/2023\/12\/img-20231228-wa0018-1_optimized-1.jpg 1067w, https:\/\/radiorevelacionfm.cl\/wp-content\/uploads\/2023\/12\/img-20231228-wa0018-1_optimized-1-300x169.jpg 300w, https:\/\/radiorevelacionfm.cl\/wp-content\/uploads\/2023\/12\/img-20231228-wa0018-1_optimized-1-1030x579.jpg 1030w, https:\/\/radiorevelacionfm.cl\/wp-content\/uploads\/2023\/12\/img-20231228-wa0018-1_optimized-1-768x432.jpg 768w, https:\/\/radiorevelacionfm.cl\/wp-content\/uploads\/2023\/12\/img-20231228-wa0018-1_optimized-1-705x396.jpg 705w, https:\/\/radiorevelacionfm.cl\/wp-content\/uploads\/2023\/12\/img-20231228-wa0018-1_optimized-1-450x253.jpg 450w, https:\/\/radiorevelacionfm.cl\/wp-content\/uploads\/2023\/12\/img-20231228-wa0018-1_optimized-1-600x337.jpg 600w\" sizes=\"(max-width: 1067px) 100vw, 1067px\" \/><\/div><\/div><\/div><\/div><div class=\"flex_column av_one_full  flex_column_div av-zero-column-padding first  avia-builder-el-2  el_after_av_one_full  el_before_av_one_full  column-top-margin\" style='border-radius:0px; '><section class=\"av_textblock_section \"  itemscope=\"itemscope\" itemtype=\"https:\/\/schema.org\/BlogPosting\" itemprop=\"blogPost\" ><div class='avia_textblock  '   itemprop=\"text\" ><p style=\"text-align: center;\"><strong><span style=\"font-size: 18pt;\">Impulsan inversi\u00f3n de $140 mil millones para pavimentar 72 kil\u00f3metros en la zona sur de la regi\u00f3n de Ays\u00e9n<\/span><\/strong><\/p>\n<div id=\"gtx-trans\" style=\"position: absolute; left: -50px; top: 4.31534px;\">\n<div class=\"gtx-trans-icon\"><\/div>\n<\/div>\n<\/div><\/section><\/div><div class=\"flex_column av_one_full  flex_column_div av-zero-column-padding first  avia-builder-el-4  el_after_av_one_full  el_before_av_hr  column-top-margin\" style='border-radius:0px; '><section class=\"av_textblock_section \"  itemscope=\"itemscope\" itemtype=\"https:\/\/schema.org\/BlogPosting\" itemprop=\"blogPost\" ><div class='avia_textblock  '   itemprop=\"text\" ><p style=\"text-align: justify;\">El Secretario Regional Ministerial de Obras P\u00fablicas Patricio Sanhueza Ulloa, anunci\u00f3 hoy que se efectu\u00f3 la publicaci\u00f3n en el Diario Oficial de los llamados a licitaci\u00f3n de dos contratos de pavimentaci\u00f3n de la Ruta 7 Sur, en los tramos Laguna Verde- Alcantarilla Cascada y desde el puente El Belga hasta el sector cruce-acceso a Capillas de M\u00e1rmol, con lo que se completa un total de cinco llamados a licitaci\u00f3n para la pavimentaci\u00f3n de la Ruta 7 Sur y Ruta 265 que incluyen a las provincias de Capit\u00e1n Prat y General Carrera, totalizando una inversi\u00f3n estimada del gobierno del presidente Gabriel Boric a trav\u00e9s de la Direcci\u00f3n Regional de Vialidad del Ministerio de Obras P\u00fablicas del orden de los 140 mil millones de pesos para pavimentar en total 72 kil\u00f3metros.<\/p>\n<p style=\"text-align: justify;\">La autoridad regional de OO.PP. expres\u00f3 que \u201ccon estas obras en la zona sur de la regi\u00f3n de Ays\u00e9n vamos concretando el compromiso presidencial y de nuestra ministra Jessica L\u00f3pez Saffie de pavimentar la Ruta 7 Sur incluido en el Plan de Integraci\u00f3n y Conectividad Ays\u00e9n-Palena, as\u00ed como tambi\u00e9n estamos cumpliendo los compromisos que tenemos con el Gobierno Regional y su Concejo entorno al Convenio de Programaci\u00f3n, y damos un fuerte impulso en nuestra regi\u00f3n a la agenda de reactivaci\u00f3n econ\u00f3mica que promueve nuestro gobierno, dando este primer paso dentro del proceso de licitaci\u00f3n para avanzar hacia un mayor bienestar para la comunidad, y entregarles mejores condiciones y oportunidades para un desarrollo con mayor equidad\u201d.<\/p>\n<p style=\"text-align: justify;\">Patricio Sanhueza junto a los Delegados Presidenciales de las Provincias Capit\u00e1n Prat Marta Montiel Alarc\u00f3n y de General Carrera Crist\u00f3bal Barcel\u00f3 Veas destacaron la importancia que estas obras implican para el territorio, se\u00f1alando que este ha sido un importante esfuerzo tanto de los equipos de Obras P\u00fablicas como tambi\u00e9n del Gobierno Regional y su Consejo, de las autoridades regionales, locales y electas y de los parlamentarios, todos quienes durante este gobierno han trabajado conjuntamente para avanzar en el mejoramiento de la calidad de vida de las personas y en el cumplimiento de los compromisos adquiridos.<\/p>\n<p style=\"text-align: justify;\">Para la Delegada Presidencial Provincia de Capit\u00e1n Prat Marta Montiel Alarc\u00f3n \u201cestas son excelentes noticias. La verdad es que nuestro territorio, el sur de la regi\u00f3n de Ays\u00e9n, est\u00e1 de fiesta. Hoy estamos cumpliendo el compromiso del presidente Gabriel Boric y de la ministra de Obras P\u00fablicas en su reciente visita a la regi\u00f3n y es que con estas licitaciones podamos mejorar las condiciones de seguridad, tr\u00e1nsito seguro para nuestros vecinos, desarrollo econ\u00f3mico y este proceso que parte con estas licitaciones se suma a los 17 kil\u00f3metros que est\u00e1n en Capit\u00e1n Prat y que prontamente esperamos tengan ofertas. Estas obras nos van a permitir llegar en menor tiempo a nuestras comunas, a salir desde Capit\u00e1n Prat hacia Coyhaique, contar con mayor tiempo de estar con la familia. Sin duda, por todos lados, son buenas noticias\u201d<\/p>\n<p style=\"text-align: justify;\">El Delegado Presidencial de la Provincia General Carrera Crist\u00f3bal Barcel\u00f3 Veas expres\u00f3 \u201cSon noticias muy buenas que vienen a confirmar el cumplimiento del compromiso presidencial y de la ministra de Obras P\u00fablicas, propiciando la reactivaci\u00f3n econ\u00f3mica y el turismo en las provincias del Sur de la regi\u00f3n de Ays\u00e9n, y el mejoramiento de las condiciones de transitabilidad como de comodidad en la Ruta. Por la Ruta 7 Sur transitan cientos de turistas y la comunidad regional, siendo muy importante para el desarrollo econ\u00f3mico local\u201d.<\/p>\n<p style=\"text-align: justify;\">A estos anuncios se suman los recursos y pavimentaci\u00f3n de nuestro socio estrat\u00e9gico el Gobierno Regional de Ays\u00e9n que aprob\u00f3 recientemente el financiamiento de la pavimentaci\u00f3n de la Ruta 7 Sur, tramo fin Parque Patagonia-cuesta El Traro en una extensi\u00f3n de 5 kil\u00f3metros con un presupuesto estimado de $25 mil millones. Estas obras ser\u00e1n llamadas a licitaci\u00f3n durante el mes de enero del a\u00f1o 2024. As\u00ed lo asegur\u00f3, el Director Regional de Vialidad MOP Renzo Sanders Cort\u00e9s quien agreg\u00f3 que \u201clas obras que se van a materializar son pavimento de hormig\u00f3n de losa optimizada, seguridad vial, excavaci\u00f3n en roca y la construcci\u00f3n del nuevo puente El Manso\u201d.<\/p>\n<\/div><\/section><\/div><div  style='height:50px' class='hr hr-invisible   avia-builder-el-6  el_after_av_one_full  el_before_av_social_share '><span class='hr-inner ' ><span class='hr-inner-style'><\/span><\/span><\/div><\/p>\n<div  class='av-social-sharing-box  avia-builder-el-7  el_after_av_hr  el_before_av_hr  '><div class='av-share-box'><h5 class='av-share-link-description av-no-toc '>Compartir esta noticia<\/h5><ul class='av-share-box-list noLightbox'><li class='av-share-link av-social-link-facebook' ><a target=\"_blank\" aria-label=\"Compartir en Facebook\" href='https:\/\/www.facebook.com\/sharer.php?u=https:\/\/radiorevelacionfm.cl\/?p=38401&#038;t=Impulsan%20inversi%C3%B3n%20de%20%24140%20mil%20millones%20para%20pavimentar%2072%20kil%C3%B3metros%20en%20la%20zona%20sur%20de%20la%20regi%C3%B3n%20de%20Ays%C3%A9n' aria-hidden='false' data-av_icon='\ue8f3' data-av_iconfont='entypo-fontello' title='' data-avia-related-tooltip='Compartir en Facebook' rel=\"noopener\"><span class='avia_hidden_link_text'>Compartir en Facebook<\/span><\/a><\/li><li class='av-share-link av-social-link-twitter' ><a target=\"_blank\" aria-label=\"Compartir en Twitter\" href='https:\/\/twitter.com\/share?text=Impulsan%20inversi%C3%B3n%20de%20%24140%20mil%20millones%20para%20pavimentar%2072%20kil%C3%B3metros%20en%20la%20zona%20sur%20de%20la%20regi%C3%B3n%20de%20Ays%C3%A9n&#038;url=https:\/\/radiorevelacionfm.cl\/?p=38401' aria-hidden='false' data-av_icon='\ue8f1' data-av_iconfont='entypo-fontello' title='' data-avia-related-tooltip='Compartir en Twitter' rel=\"noopener\"><span class='avia_hidden_link_text'>Compartir en Twitter<\/span><\/a><\/li><li class='av-share-link av-social-link-whatsapp' ><a target=\"_blank\" aria-label=\"Compartir en Whatsapp\" href='https:\/\/api.whatsapp.com\/send?text=https:\/\/radiorevelacionfm.cl\/?p=38401' aria-hidden='false' data-av_icon='\uf232' data-av_iconfont='entypo-fontello' title='' data-avia-related-tooltip='Compartir en Whatsapp' rel=\"noopener\"><span class='avia_hidden_link_text'>Compartir en Whatsapp<\/span><\/a><\/li><li class='av-share-link av-social-link-linkedin' ><a target=\"_blank\" aria-label=\"Compartir en LinkedIn\" href='https:\/\/linkedin.com\/shareArticle?mini=true&#038;title=Impulsan%20inversi%C3%B3n%20de%20%24140%20mil%20millones%20para%20pavimentar%2072%20kil%C3%B3metros%20en%20la%20zona%20sur%20de%20la%20regi%C3%B3n%20de%20Ays%C3%A9n&#038;url=https:\/\/radiorevelacionfm.cl\/?p=38401' aria-hidden='false' data-av_icon='\ue8fc' data-av_iconfont='entypo-fontello' title='' data-avia-related-tooltip='Compartir en LinkedIn' rel=\"noopener\"><span class='avia_hidden_link_text'>Compartir en LinkedIn<\/span><\/a><\/li><li class='av-share-link av-social-link-mail' ><a  aria-label=\"Compartir por correo\" href='mailto:?subject=Impulsan%20inversi%C3%B3n%20de%20%24140%20mil%20millones%20para%20pavimentar%2072%20kil%C3%B3metros%20en%20la%20zona%20sur%20de%20la%20regi%C3%B3n%20de%20Ays%C3%A9n&#038;body=https:\/\/radiorevelacionfm.cl\/?p=38401' aria-hidden='false' data-av_icon='\ue805' data-av_iconfont='entypo-fontello' title='' data-avia-related-tooltip='Compartir por correo'><span class='avia_hidden_link_text'>Compartir por correo<\/span><\/a><\/li><\/ul><\/div><\/div>\n<div  style='height:50px' class='hr hr-invisible   avia-builder-el-8  el_after_av_social_share  el_before_av_comments_list '><span class='hr-inner ' ><span class='hr-inner-style'><\/span><\/span><\/div>\n<div  class='av-buildercomment  av-blog-meta-html-info-disabled av-blog-meta-tag-disabled  '><\/div>\n","protected":false},"excerpt":{"rendered":"","protected":false},"author":1,"featured_media":38402,"comment_status":"open","ping_status":"open","sticky":false,"template":"","format":"standard","meta":{"footnotes":""},"categories":[38],"tags":[],"class_list":["post-38401","post","type-post","status-publish","format-standard","has-post-thumbnail","hentry","category-regional"],"jetpack_featured_media_url":"https:\/\/radiorevelacionfm.cl\/wp-content\/uploads\/2023\/12\/img-20231228-wa0018-1_optimized-1.jpg","_links":{"self":[{"href":"https:\/\/radiorevelacionfm.cl\/index.php?rest_route=\/wp\/v2\/posts\/38401","targetHints":{"allow":["GET"]}}],"collection":[{"href":"https:\/\/radiorevelacionfm.cl\/index.php?rest_route=\/wp\/v2\/posts"}],"about":[{"href":"https:\/\/radiorevelacionfm.cl\/index.php?rest_route=\/wp\/v2\/types\/post"}],"author":[{"embeddable":true,"href":"https:\/\/radiorevelacionfm.cl\/index.php?rest_route=\/wp\/v2\/users\/1"}],"replies":[{"embeddable":true,"href":"https:\/\/radiorevelacionfm.cl\/index.php?rest_route=%2Fwp%2Fv2%2Fcomments&post=38401"}],"version-history":[{"count":1,"href":"https:\/\/radiorevelacionfm.cl\/index.php?rest_route=\/wp\/v2\/posts\/38401\/revisions"}],"predecessor-version":[{"id":38403,"href":"https:\/\/radiorevelacionfm.cl\/index.php?rest_route=\/wp\/v2\/posts\/38401\/revisions\/38403"}],"wp:featuredmedia":[{"embeddable":true,"href":"https:\/\/radiorevelacionfm.cl\/index.php?rest_route=\/wp\/v2\/media\/38402"}],"wp:attachment":[{"href":"https:\/\/radiorevelacionfm.cl\/index.php?rest_route=%2Fwp%2Fv2%2Fmedia&parent=38401"}],"wp:term":[{"taxonomy":"category","embeddable":true,"href":"https:\/\/radiorevelacionfm.cl\/index.php?rest_route=%2Fwp%2Fv2%2Fcategories&post=38401"},{"taxonomy":"post_tag","embeddable":true,"href":"https:\/\/radiorevelacionfm.cl\/index.php?rest_route=%2Fwp%2Fv2%2Ftags&post=38401"}],"curies":[{"name":"wp","href":"https:\/\/api.w.org\/{rel}","templated":true}]}}