{"id":38398,"date":"2023-12-29T12:06:06","date_gmt":"2023-12-29T15:06:06","guid":{"rendered":"https:\/\/radiorevelacionfm.cl\/?p=38398"},"modified":"2023-12-29T12:06:06","modified_gmt":"2023-12-29T15:06:06","slug":"fundacion-integra-da-inicio-a-proyecto-que-releva-las-infancias-en-la-region-de-aysen","status":"publish","type":"post","link":"https:\/\/radiorevelacionfm.cl\/?p=38398","title":{"rendered":"Fundaci\u00f3n Integra da inicio a proyecto que releva las infancias en la regi\u00f3n de Ays\u00e9n"},"content":{"rendered":"<div class=\"flex_column av_one_full  flex_column_div av-zero-column-padding first  avia-builder-el-0  el_before_av_one_full  avia-builder-el-first  \" style='border-radius:0px; '><div  class='avia-image-container  av-styling-    avia-builder-el-1  avia-builder-el-no-sibling  avia-align-center '  itemprop=\"image\" itemscope=\"itemscope\" itemtype=\"https:\/\/schema.org\/ImageObject\"  ><div class='avia-image-container-inner'><div class='avia-image-overlay-wrap'><img decoding=\"async\" class='wp-image-38399 avia-img-lazy-loading-not-38399 avia_image' src=\"https:\/\/radiorevelacionfm.cl\/wp-content\/uploads\/2023\/12\/Captura-de-pantalla-151-1-1.jpg\" alt='' title='Captura de pantalla (151) (1) (1)' height=\"600\" width=\"924\"  itemprop=\"thumbnailUrl\" srcset=\"https:\/\/radiorevelacionfm.cl\/wp-content\/uploads\/2023\/12\/Captura-de-pantalla-151-1-1.jpg 924w, https:\/\/radiorevelacionfm.cl\/wp-content\/uploads\/2023\/12\/Captura-de-pantalla-151-1-1-300x195.jpg 300w, https:\/\/radiorevelacionfm.cl\/wp-content\/uploads\/2023\/12\/Captura-de-pantalla-151-1-1-768x499.jpg 768w, https:\/\/radiorevelacionfm.cl\/wp-content\/uploads\/2023\/12\/Captura-de-pantalla-151-1-1-705x458.jpg 705w, https:\/\/radiorevelacionfm.cl\/wp-content\/uploads\/2023\/12\/Captura-de-pantalla-151-1-1-450x292.jpg 450w, https:\/\/radiorevelacionfm.cl\/wp-content\/uploads\/2023\/12\/Captura-de-pantalla-151-1-1-600x390.jpg 600w\" sizes=\"(max-width: 924px) 100vw, 924px\" \/><\/div><\/div><\/div><\/div><div class=\"flex_column av_one_full  flex_column_div av-zero-column-padding first  avia-builder-el-2  el_after_av_one_full  el_before_av_one_full  column-top-margin\" style='border-radius:0px; '><section class=\"av_textblock_section \"  itemscope=\"itemscope\" itemtype=\"https:\/\/schema.org\/BlogPosting\" itemprop=\"blogPost\" ><div class='avia_textblock  '   itemprop=\"text\" ><p style=\"text-align: center;\"><strong><span style=\"font-size: 18pt;\">Fundaci\u00f3n Integra da inicio a proyecto que releva las infancias en la regi\u00f3n de Ays\u00e9n<\/span><\/strong><\/p>\n<div id=\"gtx-trans\" style=\"position: absolute; left: -50px; top: 4.31534px;\">\n<div class=\"gtx-trans-icon\"><\/div>\n<\/div>\n<\/div><\/section><\/div><div class=\"flex_column av_one_full  flex_column_div av-zero-column-padding first  avia-builder-el-4  el_after_av_one_full  el_before_av_hr  column-top-margin\" style='border-radius:0px; '><section class=\"av_textblock_section \"  itemscope=\"itemscope\" itemtype=\"https:\/\/schema.org\/BlogPosting\" itemprop=\"blogPost\" ><div class='avia_textblock  '   itemprop=\"text\" ><p style=\"text-align: justify;\">Este mi\u00e9rcoles 27 de diciembre se realiz\u00f3 el hito de inicio del proyecto \u201cUna mirada de g\u00e9nero en la agenda de las infancias del siglo XXI\u201d, actividad en la que participaron diversas instituciones vinculadas a la ni\u00f1ez de la regi\u00f3n de Ays\u00e9n. Este proyecto se desarrollar\u00e1 por parte de Fundaci\u00f3n Integra y busca reflexionar y avanzar, desde una mirada territorial, en la perspectiva de g\u00e9nero y desde la igualdad de oportunidades sin distinci\u00f3n ni sesgos.<\/p>\n<p style=\"text-align: justify;\">Leticia Araya Norambuena, directora regional de Fundaci\u00f3n Integra destaca que \u201cpara nosotros es muy interesante saber y conocer lo que hacen a nivel regional las distintas instituciones en esta materia. Mostrar lo que estamos haciendo y poder replicarlo. Que no sea s\u00f3lo un hito, sino que sea un proceso en el que todos vamos trabajando\u201d.<\/p>\n<p style=\"text-align: justify;\">Dato no menor, es que este proyecto surge del conversatorio: \u201cReflexiones sobre los Desaf\u00edos de las Infancias en el siglo XXI\u201d, realizado en noviembre del 2022, donde participaron instituciones vinculadas a la infancia y que tambi\u00e9n formar\u00e1n parte de este seminario.<\/p>\n<p style=\"text-align: justify;\">Andrea Mac\u00edas Palma, gobernadora regional de Ays\u00e9n destac\u00f3 que \u201cpara nosotros como gobierno regional y su Consejo esta alianza generada con Fundaci\u00f3n Integra han resultado fundamentales. Reconozco el trabajo permanente que hace la instituci\u00f3n por llegar a las distintas familias y que son fundamentales para seguir avanzando en la perspectiva de g\u00e9nero\u201d.<\/p>\n<p style=\"text-align: justify;\">El seminario se realizar\u00e1 en Coyhaique del 19 al 21 de marzo 2024 con tem\u00e1tica central \u201cG\u00e9nero\u201d el que en su primer d\u00eda tendr\u00e1 la exposici\u00f3n de Valentina Ulloa Vigueras, quien es educadora de P\u00e1rvulos y escolares iniciales, Mag\u00edster en Estudios de G\u00e9nero y Cultura y Doctoranda en Ciencias Humanas y Sociales de la Universidad de Almer\u00eda. A la vez, las \u00faltimas dos jornadas los asistentes podr\u00e1n conocer experiencias exitosas en materia de educaci\u00f3n inicial desarrolladas a nivel regional.<\/p>\n<p style=\"text-align: justify;\">La directora regional de Fundaci\u00f3n Integra reforz\u00f3 que \u201ceste tipo de encuentros lo que permite es visibilizar el trabajo que desarrollamos en primera infancia y seguir avanzando en tem\u00e1ticas como la inclusi\u00f3n, diversidad, ambientes bien tratantes, entre otros\u201d. A su vez, reiter\u00f3 el llamado a las instituciones a \u201cdesafiarse, buscar experiencias o estrategias y poder presentarlas, de manera l\u00fadica, y que todos nos podamos nutrir del trabajo que desarrollamos en este \u00e1mbito\u201d.<\/p>\n<p style=\"text-align: justify;\">Cabe se\u00f1alar que el proyecto es posible gracias al financiamiento del Gobierno Regional (GORE) de Ays\u00e9n a trav\u00e9s de asignaci\u00f3n directa del 8%. Este hito de inicio cont\u00f3 con la participaci\u00f3n de diversas autoridades regionales e instituciones ligadas al \u00e1rea de la educaci\u00f3n presentes en la regi\u00f3n de Ays\u00e9n y que tambi\u00e9n formar\u00e1n parte de este seminario regional.<\/p>\n<p style=\"text-align: justify;\">Con 33 a\u00f1os de experiencia y m\u00e1s de 1.200 salas cuna y jardines infantiles gratuitos en todo el pa\u00eds, Fundaci\u00f3n Integra trabaja para lograr el desarrollo integral, bienestar y aprendizajes significativos de ni\u00f1os y ni\u00f1as, poniendo a su disposici\u00f3n espacios educativos diversos, estimulantes y de calidad.<\/p>\n<\/div><\/section><\/div><div  style='height:50px' class='hr hr-invisible   avia-builder-el-6  el_after_av_one_full  el_before_av_social_share '><span class='hr-inner ' ><span class='hr-inner-style'><\/span><\/span><\/div><\/p>\n<div  class='av-social-sharing-box  avia-builder-el-7  el_after_av_hr  el_before_av_hr  '><div class='av-share-box'><h5 class='av-share-link-description av-no-toc '>Compartir esta noticia<\/h5><ul class='av-share-box-list noLightbox'><li class='av-share-link av-social-link-facebook' ><a target=\"_blank\" aria-label=\"Compartir en Facebook\" href='https:\/\/www.facebook.com\/sharer.php?u=https:\/\/radiorevelacionfm.cl\/?p=38398&#038;t=Fundaci%C3%B3n%20Integra%20da%20inicio%20a%20proyecto%20que%20releva%20las%20infancias%20en%20la%20regi%C3%B3n%20de%20Ays%C3%A9n' aria-hidden='false' data-av_icon='\ue8f3' data-av_iconfont='entypo-fontello' title='' data-avia-related-tooltip='Compartir en Facebook' rel=\"noopener\"><span class='avia_hidden_link_text'>Compartir en Facebook<\/span><\/a><\/li><li class='av-share-link av-social-link-twitter' ><a target=\"_blank\" aria-label=\"Compartir en Twitter\" href='https:\/\/twitter.com\/share?text=Fundaci%C3%B3n%20Integra%20da%20inicio%20a%20proyecto%20que%20releva%20las%20infancias%20en%20la%20regi%C3%B3n%20de%20Ays%C3%A9n&#038;url=https:\/\/radiorevelacionfm.cl\/?p=38398' aria-hidden='false' data-av_icon='\ue8f1' data-av_iconfont='entypo-fontello' title='' data-avia-related-tooltip='Compartir en Twitter' rel=\"noopener\"><span class='avia_hidden_link_text'>Compartir en Twitter<\/span><\/a><\/li><li class='av-share-link av-social-link-whatsapp' ><a target=\"_blank\" aria-label=\"Compartir en Whatsapp\" href='https:\/\/api.whatsapp.com\/send?text=https:\/\/radiorevelacionfm.cl\/?p=38398' aria-hidden='false' data-av_icon='\uf232' data-av_iconfont='entypo-fontello' title='' data-avia-related-tooltip='Compartir en Whatsapp' rel=\"noopener\"><span class='avia_hidden_link_text'>Compartir en Whatsapp<\/span><\/a><\/li><li class='av-share-link av-social-link-linkedin' ><a target=\"_blank\" aria-label=\"Compartir en LinkedIn\" href='https:\/\/linkedin.com\/shareArticle?mini=true&#038;title=Fundaci%C3%B3n%20Integra%20da%20inicio%20a%20proyecto%20que%20releva%20las%20infancias%20en%20la%20regi%C3%B3n%20de%20Ays%C3%A9n&#038;url=https:\/\/radiorevelacionfm.cl\/?p=38398' aria-hidden='false' data-av_icon='\ue8fc' data-av_iconfont='entypo-fontello' title='' data-avia-related-tooltip='Compartir en LinkedIn' rel=\"noopener\"><span class='avia_hidden_link_text'>Compartir en LinkedIn<\/span><\/a><\/li><li class='av-share-link av-social-link-mail' ><a  aria-label=\"Compartir por correo\" href='mailto:?subject=Fundaci%C3%B3n%20Integra%20da%20inicio%20a%20proyecto%20que%20releva%20las%20infancias%20en%20la%20regi%C3%B3n%20de%20Ays%C3%A9n&#038;body=https:\/\/radiorevelacionfm.cl\/?p=38398' aria-hidden='false' data-av_icon='\ue805' data-av_iconfont='entypo-fontello' title='' data-avia-related-tooltip='Compartir por correo'><span class='avia_hidden_link_text'>Compartir por correo<\/span><\/a><\/li><\/ul><\/div><\/div>\n<div  style='height:50px' class='hr hr-invisible   avia-builder-el-8  el_after_av_social_share  el_before_av_comments_list '><span class='hr-inner ' ><span class='hr-inner-style'><\/span><\/span><\/div>\n<div  class='av-buildercomment  av-blog-meta-html-info-disabled av-blog-meta-tag-disabled  '><\/div>\n","protected":false},"excerpt":{"rendered":"","protected":false},"author":1,"featured_media":38399,"comment_status":"open","ping_status":"open","sticky":false,"template":"","format":"standard","meta":{"footnotes":""},"categories":[49],"tags":[],"class_list":["post-38398","post","type-post","status-publish","format-standard","has-post-thumbnail","hentry","category-educacion"],"jetpack_featured_media_url":"https:\/\/radiorevelacionfm.cl\/wp-content\/uploads\/2023\/12\/Captura-de-pantalla-151-1-1.jpg","_links":{"self":[{"href":"https:\/\/radiorevelacionfm.cl\/index.php?rest_route=\/wp\/v2\/posts\/38398","targetHints":{"allow":["GET"]}}],"collection":[{"href":"https:\/\/radiorevelacionfm.cl\/index.php?rest_route=\/wp\/v2\/posts"}],"about":[{"href":"https:\/\/radiorevelacionfm.cl\/index.php?rest_route=\/wp\/v2\/types\/post"}],"author":[{"embeddable":true,"href":"https:\/\/radiorevelacionfm.cl\/index.php?rest_route=\/wp\/v2\/users\/1"}],"replies":[{"embeddable":true,"href":"https:\/\/radiorevelacionfm.cl\/index.php?rest_route=%2Fwp%2Fv2%2Fcomments&post=38398"}],"version-history":[{"count":1,"href":"https:\/\/radiorevelacionfm.cl\/index.php?rest_route=\/wp\/v2\/posts\/38398\/revisions"}],"predecessor-version":[{"id":38400,"href":"https:\/\/radiorevelacionfm.cl\/index.php?rest_route=\/wp\/v2\/posts\/38398\/revisions\/38400"}],"wp:featuredmedia":[{"embeddable":true,"href":"https:\/\/radiorevelacionfm.cl\/index.php?rest_route=\/wp\/v2\/media\/38399"}],"wp:attachment":[{"href":"https:\/\/radiorevelacionfm.cl\/index.php?rest_route=%2Fwp%2Fv2%2Fmedia&parent=38398"}],"wp:term":[{"taxonomy":"category","embeddable":true,"href":"https:\/\/radiorevelacionfm.cl\/index.php?rest_route=%2Fwp%2Fv2%2Fcategories&post=38398"},{"taxonomy":"post_tag","embeddable":true,"href":"https:\/\/radiorevelacionfm.cl\/index.php?rest_route=%2Fwp%2Fv2%2Ftags&post=38398"}],"curies":[{"name":"wp","href":"https:\/\/api.w.org\/{rel}","templated":true}]}}