{"id":3838,"date":"2021-05-05T19:48:29","date_gmt":"2021-05-05T22:48:29","guid":{"rendered":"https:\/\/radiorevelacionfm.cl\/?p=3838"},"modified":"2021-05-05T19:48:29","modified_gmt":"2021-05-05T22:48:29","slug":"un-total-de-19-proyectos-deportivos-resultaron-seleccionados-en-concurso-fondeporte-2021","status":"publish","type":"post","link":"https:\/\/radiorevelacionfm.cl\/?p=3838","title":{"rendered":"Un total de 19 proyectos deportivos resultaron seleccionados en concurso Fondeporte 2021"},"content":{"rendered":"<div class=\"flex_column av_one_full  flex_column_div av-zero-column-padding first  avia-builder-el-0  el_before_av_one_full  avia-builder-el-first  \" style='border-radius:0px; '><div  class='avia-image-container  av-styling-    avia-builder-el-1  avia-builder-el-no-sibling  avia-align-center '  itemprop=\"image\" itemscope=\"itemscope\" itemtype=\"https:\/\/schema.org\/ImageObject\"  ><div class='avia-image-container-inner'><div class='avia-image-overlay-wrap'><img decoding=\"async\" class='wp-image-3839 avia-img-lazy-loading-not-3839 avia_image' src=\"https:\/\/radiorevelacionfm.cl\/wp-content\/uploads\/2021\/05\/fonde-10-1.jpg\" alt='' title='fonde 10 (1)' height=\"600\" width=\"800\"  itemprop=\"thumbnailUrl\" srcset=\"https:\/\/radiorevelacionfm.cl\/wp-content\/uploads\/2021\/05\/fonde-10-1.jpg 800w, https:\/\/radiorevelacionfm.cl\/wp-content\/uploads\/2021\/05\/fonde-10-1-300x225.jpg 300w, https:\/\/radiorevelacionfm.cl\/wp-content\/uploads\/2021\/05\/fonde-10-1-768x576.jpg 768w, https:\/\/radiorevelacionfm.cl\/wp-content\/uploads\/2021\/05\/fonde-10-1-705x529.jpg 705w, https:\/\/radiorevelacionfm.cl\/wp-content\/uploads\/2021\/05\/fonde-10-1-600x450.jpg 600w\" sizes=\"(max-width: 800px) 100vw, 800px\" \/><\/div><\/div><\/div><\/div><div class=\"flex_column av_one_full  flex_column_div av-zero-column-padding first  avia-builder-el-2  el_after_av_one_full  el_before_av_one_full  column-top-margin\" style='border-radius:0px; '><section class=\"av_textblock_section \"  itemscope=\"itemscope\" itemtype=\"https:\/\/schema.org\/BlogPosting\" itemprop=\"blogPost\" ><div class='avia_textblock  '   itemprop=\"text\" ><p style=\"text-align: center;\"><strong><span style=\"font-size: 18pt;\">Un total de 19 proyectos deportivos resultaron seleccionados en concurso Fondeporte 2021<\/span><\/strong><\/p>\n<div id=\"gtx-trans\" style=\"position: absolute; left: -50px; top: 4.31534px;\">\n<div class=\"gtx-trans-icon\"><\/div>\n<\/div>\n<\/div><\/section><\/div><div class=\"flex_column av_one_full  flex_column_div av-zero-column-padding first  avia-builder-el-4  el_after_av_one_full  el_before_av_hr  column-top-margin\" style='border-radius:0px; '><section class=\"av_textblock_section \"  itemscope=\"itemscope\" itemtype=\"https:\/\/schema.org\/BlogPosting\" itemprop=\"blogPost\" ><div class='avia_textblock  '   itemprop=\"text\" ><p class=\"v1MsoNormal\" style=\"text-align: justify;\">El proceso de formalizaci\u00f3n realizado por Mindep-Ind a cada una de las organizaciones beneficiadas se extender\u00e1 hasta el 27 de mayo.<\/p>\n<p class=\"v1MsoNormal\" style=\"text-align: justify;\">86 millones 500 mil pesos es la inversi\u00f3n del Estado para las organizaciones deportivas seleccionadas en el Concurso del Fondo Nacional para el Fomento del Deporte en la regi\u00f3n de Ays\u00e9n.<\/p>\n<p class=\"v1MsoNormal\" style=\"text-align: justify;\">As\u00ed lo explic\u00f3 el Seremi del Deporte, Rodrigo Cubilla Retamal, quien junto al Director Regional del IND, Jos\u00e9 Manuel Sep\u00falveda detallaron que \u00ablos proyectos aprobados recibir\u00e1n el \u00a0financiamiento solicitado para la realizaci\u00f3n de actividades y medidas de fomento, ejecuci\u00f3n, pr\u00e1ctica y desarrollo del deporte en diversas modalidades, y corresponden espec\u00edficamente a seis proyectos en la categor\u00eda Formaci\u00f3n para el Deporte, otros seis en la categor\u00eda de Deporte Recreativo y siete en Deporte de Competici\u00f3n, lo que sin duda es una gran noticia para la regi\u00f3n permitiendo paso a paso la reactivaci\u00f3n deportiva en varias comunas de la regi\u00f3n, siempre cuid\u00e1ndonos y respetando las medidas sanitarias\u00bb, concluy\u00f3.<\/p>\n<p class=\"v1MsoNormal\" style=\"text-align: justify;\">Los proyectos FONDEPORTE \u00a02021\u00a0 seleccionados en \u00a0la regi\u00f3n de\u00a0 Ays\u00e9n corresponden \u00a0a:<\/p>\n<p class=\"v1MsoNormal\" style=\"text-align: justify;\"><b><u>Deporte de competici\u00f3n<\/u><\/b><\/p>\n<p class=\"v1MsoNormal\" style=\"text-align: justify;\">\u00abCampeonato de B\u00e1squetbol en Cochrane\u00bb (Municipalidad de Cochrane)<\/p>\n<p class=\"v1MsoNormal\" style=\"text-align: justify;\">\u00abCopa PROFECO\u00bb (Club Deportivo Profeco)<\/p>\n<p class=\"v1MsoNormal\" style=\"text-align: justify;\">\u00abCampeonato apertura y clausura adulto y menor ASOVAV 2021\u00bb (Asociaci\u00f3n de Voleibol de Puerto Ays\u00e9n)<\/p>\n<p class=\"v1MsoNormal\" style=\"text-align: justify;\">\u00abCampeonato de Nataci\u00f3n\u00bb (Club Deportivo Nataci\u00f3n Patagonia)<\/p>\n<p class=\"v1MsoNormal\" style=\"text-align: justify;\">Preparaci\u00f3n \u00abSenior por un sue\u00f1o\u00bb (Club Deportivo Social y Cultural Ays\u00e9n)<\/p>\n<p class=\"v1MsoNormal\" style=\"text-align: justify;\">\u00abRaqueteando en La Patagonia\u00bb Club Deportivo Social y Cultural Escuela Pedro Quintana Mansilla.<\/p>\n<p class=\"v1MsoNormal\" style=\"text-align: justify;\">\u00a0\u00abCampeonato de nataci\u00f3n\u00bb (Club Deportivo Patagonia Newen Ko<\/p>\n<p class=\"v1MsoNormal\" style=\"text-align: justify;\"><b><u>Deporte Recreativo<\/u><\/b><\/p>\n<p class=\"v1MsoNormal\" style=\"text-align: justify;\">\u00abTaller de acondicionamiento f\u00edsico funcional\u00bb (Municipalidad de Villa O&#8217;Higgins)<\/p>\n<p class=\"v1MsoNormal\" style=\"text-align: justify;\">\u00abBarrio Activo\u00bb (Corporaci\u00f3n de Deportes y Recreaci\u00f3n Coyhaique)<\/p>\n<p class=\"v1MsoNormal\" style=\"text-align: justify;\">\u00abMovi\u00e9ndonos por la naranja\u00bb (Club Deportivo B\u00e1squetbol Coyhaique)<\/p>\n<p class=\"v1MsoNormal\" style=\"text-align: justify;\">\u00abTaller de introducci\u00f3n al monta\u00f1ismo\u00bb (Junta de Vecinos de R\u00edo Tranquilo)<\/p>\n<p class=\"v1MsoNormal\" style=\"text-align: justify;\">\u00abLos l\u00edmites los pones t\u00fa\u00bb Taller Recreativo Deporte y Salud (Fundaci\u00f3n INKA Chile)<\/p>\n<p class=\"v1MsoNormal\" style=\"text-align: justify;\">\u00abTrail O\u00b4Higgins\u00bb (Club Deportivo Municipal Villa O\u00b4Higgins)<\/p>\n<p class=\"v1MsoNormal\" style=\"text-align: justify;\"><b><u>Formaci\u00f3n para el deporte<\/u><\/b><\/p>\n<p class=\"v1MsoNormal\" style=\"text-align: justify;\">\u00abEscuela de Fustal Confluencia\u00bb (Club Deportivo Confluencias)<\/p>\n<p class=\"v1MsoNormal\" style=\"text-align: justify;\">\u00abFormando taekwondistas con cobras\u00bb (Club Deportivo Cobras)<\/p>\n<p class=\"v1MsoNormal\" style=\"text-align: justify;\">Escuela de Voleibol \u00abSomos El Sanjo\u00bb (Club Deportivo Liceo San Jos\u00e9 UR)<\/p>\n<p class=\"v1MsoNormal\" style=\"text-align: justify;\">\u00abRecuperando el movimiento\u00bb Club Deportivo Ol\u00edmpico de Ays\u00e9n)<\/p>\n<p class=\"v1MsoNormal\" style=\"text-align: justify;\">\u00abAcercando el tenis a los ni\u00f1os de Coyhaique\u00bb Club de Tenis Coyhaique<\/p>\n<p class=\"v1MsoNormal\" style=\"text-align: justify;\">\u00abEscuelas atl\u00e9ticas de Ays\u00e9n (Asociaci\u00f3n Atl\u00e9tica de Ays\u00e9n)<\/p>\n<\/div><\/section><\/div><div  style='height:50px' class='hr hr-invisible   avia-builder-el-6  el_after_av_one_full  el_before_av_social_share '><span class='hr-inner ' ><span class='hr-inner-style'><\/span><\/span><\/div><\/p>\n<div  class='av-social-sharing-box  avia-builder-el-7  el_after_av_hr  el_before_av_hr  '><div class='av-share-box'><h5 class='av-share-link-description av-no-toc '>Compartir esta noticia<\/h5><ul class='av-share-box-list noLightbox'><li class='av-share-link av-social-link-facebook' ><a target=\"_blank\" aria-label=\"Compartir en Facebook\" href='https:\/\/www.facebook.com\/sharer.php?u=https:\/\/radiorevelacionfm.cl\/?p=3838&#038;t=Un%20total%20de%2019%20proyectos%20deportivos%20resultaron%20seleccionados%20en%20concurso%20Fondeporte%202021' aria-hidden='false' data-av_icon='\ue8f3' data-av_iconfont='entypo-fontello' title='' data-avia-related-tooltip='Compartir en Facebook' rel=\"noopener\"><span class='avia_hidden_link_text'>Compartir en Facebook<\/span><\/a><\/li><li class='av-share-link av-social-link-twitter' ><a target=\"_blank\" aria-label=\"Compartir en Twitter\" href='https:\/\/twitter.com\/share?text=Un%20total%20de%2019%20proyectos%20deportivos%20resultaron%20seleccionados%20en%20concurso%20Fondeporte%202021&#038;url=https:\/\/radiorevelacionfm.cl\/?p=3838' aria-hidden='false' data-av_icon='\ue8f1' data-av_iconfont='entypo-fontello' title='' data-avia-related-tooltip='Compartir en Twitter' rel=\"noopener\"><span class='avia_hidden_link_text'>Compartir en Twitter<\/span><\/a><\/li><li class='av-share-link av-social-link-whatsapp' ><a target=\"_blank\" aria-label=\"Compartir en Whatsapp\" href='https:\/\/api.whatsapp.com\/send?text=https:\/\/radiorevelacionfm.cl\/?p=3838' aria-hidden='false' data-av_icon='\uf232' data-av_iconfont='entypo-fontello' title='' data-avia-related-tooltip='Compartir en Whatsapp' rel=\"noopener\"><span class='avia_hidden_link_text'>Compartir en Whatsapp<\/span><\/a><\/li><li class='av-share-link av-social-link-linkedin' ><a target=\"_blank\" aria-label=\"Compartir en LinkedIn\" href='https:\/\/linkedin.com\/shareArticle?mini=true&#038;title=Un%20total%20de%2019%20proyectos%20deportivos%20resultaron%20seleccionados%20en%20concurso%20Fondeporte%202021&#038;url=https:\/\/radiorevelacionfm.cl\/?p=3838' aria-hidden='false' data-av_icon='\ue8fc' data-av_iconfont='entypo-fontello' title='' data-avia-related-tooltip='Compartir en LinkedIn' rel=\"noopener\"><span class='avia_hidden_link_text'>Compartir en LinkedIn<\/span><\/a><\/li><li class='av-share-link av-social-link-mail' ><a  aria-label=\"Compartir por correo\" href='mailto:?subject=Un%20total%20de%2019%20proyectos%20deportivos%20resultaron%20seleccionados%20en%20concurso%20Fondeporte%202021&#038;body=https:\/\/radiorevelacionfm.cl\/?p=3838' aria-hidden='false' data-av_icon='\ue805' data-av_iconfont='entypo-fontello' title='' data-avia-related-tooltip='Compartir por correo'><span class='avia_hidden_link_text'>Compartir por correo<\/span><\/a><\/li><\/ul><\/div><\/div>\n<div  style='height:50px' class='hr hr-invisible   avia-builder-el-8  el_after_av_social_share  el_before_av_comments_list '><span class='hr-inner ' ><span class='hr-inner-style'><\/span><\/span><\/div>\n<div  class='av-buildercomment  av-blog-meta-html-info-disabled av-blog-meta-tag-disabled  '><\/div>\n","protected":false},"excerpt":{"rendered":"","protected":false},"author":1,"featured_media":3839,"comment_status":"open","ping_status":"open","sticky":false,"template":"","format":"standard","meta":{"footnotes":""},"categories":[40],"tags":[],"class_list":["post-3838","post","type-post","status-publish","format-standard","has-post-thumbnail","hentry","category-deportes"],"jetpack_featured_media_url":"https:\/\/radiorevelacionfm.cl\/wp-content\/uploads\/2021\/05\/fonde-10-1.jpg","_links":{"self":[{"href":"https:\/\/radiorevelacionfm.cl\/index.php?rest_route=\/wp\/v2\/posts\/3838","targetHints":{"allow":["GET"]}}],"collection":[{"href":"https:\/\/radiorevelacionfm.cl\/index.php?rest_route=\/wp\/v2\/posts"}],"about":[{"href":"https:\/\/radiorevelacionfm.cl\/index.php?rest_route=\/wp\/v2\/types\/post"}],"author":[{"embeddable":true,"href":"https:\/\/radiorevelacionfm.cl\/index.php?rest_route=\/wp\/v2\/users\/1"}],"replies":[{"embeddable":true,"href":"https:\/\/radiorevelacionfm.cl\/index.php?rest_route=%2Fwp%2Fv2%2Fcomments&post=3838"}],"version-history":[{"count":1,"href":"https:\/\/radiorevelacionfm.cl\/index.php?rest_route=\/wp\/v2\/posts\/3838\/revisions"}],"predecessor-version":[{"id":3840,"href":"https:\/\/radiorevelacionfm.cl\/index.php?rest_route=\/wp\/v2\/posts\/3838\/revisions\/3840"}],"wp:featuredmedia":[{"embeddable":true,"href":"https:\/\/radiorevelacionfm.cl\/index.php?rest_route=\/wp\/v2\/media\/3839"}],"wp:attachment":[{"href":"https:\/\/radiorevelacionfm.cl\/index.php?rest_route=%2Fwp%2Fv2%2Fmedia&parent=3838"}],"wp:term":[{"taxonomy":"category","embeddable":true,"href":"https:\/\/radiorevelacionfm.cl\/index.php?rest_route=%2Fwp%2Fv2%2Fcategories&post=3838"},{"taxonomy":"post_tag","embeddable":true,"href":"https:\/\/radiorevelacionfm.cl\/index.php?rest_route=%2Fwp%2Fv2%2Ftags&post=3838"}],"curies":[{"name":"wp","href":"https:\/\/api.w.org\/{rel}","templated":true}]}}