{"id":38378,"date":"2023-12-28T17:08:50","date_gmt":"2023-12-28T20:08:50","guid":{"rendered":"https:\/\/radiorevelacionfm.cl\/?p=38378"},"modified":"2023-12-28T17:08:50","modified_gmt":"2023-12-28T20:08:50","slug":"pequenos-empresarios-as-de-la-junta-se-renuevan-para-fortalecer-el-sector-comercio-y-turismo","status":"publish","type":"post","link":"https:\/\/radiorevelacionfm.cl\/?p=38378","title":{"rendered":"Peque\u00f1os empresarios\/as de La Junta se renuevan para fortalecer el sector comercio y turismo"},"content":{"rendered":"<div class=\"flex_column av_one_full  flex_column_div av-zero-column-padding first  avia-builder-el-0  el_before_av_one_full  avia-builder-el-first  \" style='border-radius:0px; '><div  class='avia-image-container  av-styling-    avia-builder-el-1  avia-builder-el-no-sibling  avia-align-center '  itemprop=\"image\" itemscope=\"itemscope\" itemtype=\"https:\/\/schema.org\/ImageObject\"  ><div class='avia-image-container-inner'><div class='avia-image-overlay-wrap'><img decoding=\"async\" class='wp-image-38383 avia-img-lazy-loading-not-38383 avia_image' src=\"https:\/\/radiorevelacionfm.cl\/wp-content\/uploads\/2023\/12\/sercotec-la-junta-1_optimized.jpg\" alt='' title='sercotec-la-junta-(1)_optimized' height=\"600\" width=\"958\"  itemprop=\"thumbnailUrl\" srcset=\"https:\/\/radiorevelacionfm.cl\/wp-content\/uploads\/2023\/12\/sercotec-la-junta-1_optimized.jpg 958w, https:\/\/radiorevelacionfm.cl\/wp-content\/uploads\/2023\/12\/sercotec-la-junta-1_optimized-300x188.jpg 300w, https:\/\/radiorevelacionfm.cl\/wp-content\/uploads\/2023\/12\/sercotec-la-junta-1_optimized-768x481.jpg 768w, https:\/\/radiorevelacionfm.cl\/wp-content\/uploads\/2023\/12\/sercotec-la-junta-1_optimized-705x442.jpg 705w, https:\/\/radiorevelacionfm.cl\/wp-content\/uploads\/2023\/12\/sercotec-la-junta-1_optimized-450x282.jpg 450w, https:\/\/radiorevelacionfm.cl\/wp-content\/uploads\/2023\/12\/sercotec-la-junta-1_optimized-600x376.jpg 600w\" sizes=\"(max-width: 958px) 100vw, 958px\" \/><\/div><\/div><\/div><\/div>\n<div class=\"flex_column av_one_full  flex_column_div av-zero-column-padding first  avia-builder-el-2  el_after_av_one_full  el_before_av_one_full  column-top-margin\" style='border-radius:0px; '><section class=\"av_textblock_section \"  itemscope=\"itemscope\" itemtype=\"https:\/\/schema.org\/BlogPosting\" itemprop=\"blogPost\" ><div class='avia_textblock  '   itemprop=\"text\" ><p style=\"text-align: center;\"><strong><span style=\"font-size: 18pt;\">Peque\u00f1os empresarios\/as de La Junta se renuevan para fortalecer el sector comercio y turismo<\/span><\/strong><\/p>\n<div id=\"gtx-trans\" style=\"position: absolute; left: -50px; top: 4.31534px;\">\n<div class=\"gtx-trans-icon\"><\/div>\n<\/div>\n<\/div><\/section><\/div><div class=\"flex_column av_one_full  flex_column_div av-zero-column-padding first  avia-builder-el-4  el_after_av_one_full  el_before_av_hr  column-top-margin\" style='border-radius:0px; '><section class=\"av_textblock_section \"  itemscope=\"itemscope\" itemtype=\"https:\/\/schema.org\/BlogPosting\" itemprop=\"blogPost\" ><div class='avia_textblock  '   itemprop=\"text\" ><p style=\"text-align: justify;\"><em>Peque\u00f1as empresas del barrio comercial Cord\u00f3n Barros Arana est\u00e1n ejecutando un proyecto apoyado por Sercotec.<\/em><\/p>\n<p style=\"text-align: justify;\">Durante todo este a\u00f1o un grupo de peque\u00f1os empresarios y empresarias de la localidad de La Junta, en la comuna de Cisnes, se aboc\u00f3 a la misi\u00f3n de renovar el sector con miras a posicionarlo como un atractivo lugar tur\u00edstico que pueda ser visitado incluso en temporada baja.<\/p>\n<p style=\"text-align: justify;\">Con apoyo del programa Fortalecimiento de Barrios Comerciales de Sercotec, las pymes del Barrio Cord\u00f3n Barros Arana de La Junta han accedido a financiamiento y asistencia t\u00e9cnica para llevar a cabo su proyecto asociativo, el que ya presenta avances, los cuales dieron a conocer en una ceremonia en dependencias de la Delegaci\u00f3n Municipal de La Junta.<\/p>\n<p style=\"text-align: justify;\">C\u00e9sar Vidal, presidente del barrio comercial Cord\u00f3n Barros Arana de La Junta dijo que para los 15 socios del barrio comercial, el trabajo de la mano de Sercotec, ha sido un impulso para potenciar sus negocios.<\/p>\n<p style=\"text-align: justify;\">\u00abHemos avanzado en armar mejores estrategias para nuestros clientes y para el turismo. Vale destacar que nuestro barrio es muy diverso, y esta labor que realizamos magnifica la asociatividad, que nos permite trabajar de mejor manera para potenciar nuestro lugar\u201d, asegur\u00f3 la directora regional de Sercotec Nelly Vargas destac\u00f3 que el programa Fortalecimiento de Barrios Comerciales busca recuperar y resignificar la actividad de los barrios, mediante un trabajo asociativo que mejore la oferta comercial de los negocios y genere efectos beneficiosos en el entorno.<\/p>\n<p style=\"text-align: justify;\">\u00abEn este primer a\u00f1o de los tres que dura la iniciativa, los locatarios y locatarias de La Junta han mostrado importantes avances, con m\u00e1s de 30 horas de reuniones en las que han conseguido tomar decisiones en conjunto para ir fortaleciendo y visibilizando su barrio comercial\u201d, manifest\u00f3.<\/p>\n<p style=\"text-align: justify;\">Entre las iniciativas realizadas en el a\u00f1o destaca el desarrollo de una imagen de barrio, a trav\u00e9s de la habilitaci\u00f3n de un sitio web que muestra sus diversos comercios asociados (en\u00a0<a href=\"http:\/\/www.barriocomerciallajunta.cl\/\">www.barriocomerciallajunta.cl<\/a>), la creaci\u00f3n de un manual de marca y la elaboraci\u00f3n de distintos objetos de merchandising que les otorguen una identidad propia.<\/p>\n<p style=\"text-align: justify;\">Esto consider\u00f3 la adquisici\u00f3n de m\u00e1s de 4.000 productos que incluyen d\u00edpticos informativos sobre el proyecto que se est\u00e1 ejecutando en el lugar, indumentaria corporativa y material visual para eventos, adem\u00e1s de bolsas de papel, adhesivos para veh\u00edculos, portavasos de cart\u00f3n, l\u00e1pices y destapadores de botellas imantados, todo personalizado con los logos del barrio y de las empresas que lo conforman.<\/p>\n<p style=\"text-align: justify;\">En paralelo, los locatarios y locatarias participaron en talleres para fortalecer su gesti\u00f3n empresarial, con trabajos orientados a tem\u00e1ticas de liderazgo, habilidades sociales, atenci\u00f3n al cliente y manejo de ingl\u00e9s inicial para brindar un mejor servicio a los turistas internacionales que visitan el sector.<\/p>\n<p style=\"text-align: justify;\">Uno de los principales hitos que registr\u00f3 el barrio en su primera etapa asociativa fue el lanzamiento de la temporada tur\u00edstica realizado a fines de septiembre, en un evento que cont\u00f3 con la presencia de autoridades regionales, una feria de productos y la presentaci\u00f3n de artistas musicales locales.<\/p>\n<p style=\"text-align: justify;\">Para costear sus primeras actividades el barrio cont\u00f3 con un presupuesto de $20 millones por parte de Sercotec, a trav\u00e9s de su programa Fortalecimiento de Barrios Comerciales, iniciativa que le otorgar\u00e1 apoyo durante tres a\u00f1os para realizar inversiones de forma asociativa, buscando mejorar la oferta comercial de sus negocios y el entorno urbano en el que se desenvuelven.<\/p>\n<p style=\"text-align: justify;\">A futuro el barrio proyecta fortalecer las capacidades de sus socios en temas tributarios y contables y seguir su desarrollo con estrategias de recuperaci\u00f3n de fachadas, incorporaci\u00f3n de informaci\u00f3n tur\u00edstica al alcance de los turistas que van de paso hacia otras localidades y mejoras en aspectos urbanos, para lo cual buscar\u00e1n aunar esfuerzos con diferentes entidades locales.<\/p>\n<\/div><\/section><\/div><\/p>\n<div  style='height:50px' class='hr hr-invisible   avia-builder-el-6  el_after_av_one_full  el_before_av_social_share '><span class='hr-inner ' ><span class='hr-inner-style'><\/span><\/span><\/div>\n<div  class='av-social-sharing-box  avia-builder-el-7  el_after_av_hr  el_before_av_hr  '><div class='av-share-box'><h5 class='av-share-link-description av-no-toc '>Compartir esta noticia<\/h5><ul class='av-share-box-list noLightbox'><li class='av-share-link av-social-link-facebook' ><a target=\"_blank\" aria-label=\"Compartir en Facebook\" href='https:\/\/www.facebook.com\/sharer.php?u=https:\/\/radiorevelacionfm.cl\/?p=38378&#038;t=Peque%C3%B1os%20empresarios%2Fas%20de%20La%20Junta%20se%20renuevan%20para%20fortalecer%20el%20sector%20comercio%20y%20turismo' aria-hidden='false' data-av_icon='\ue8f3' data-av_iconfont='entypo-fontello' title='' data-avia-related-tooltip='Compartir en Facebook' rel=\"noopener\"><span class='avia_hidden_link_text'>Compartir en Facebook<\/span><\/a><\/li><li class='av-share-link av-social-link-twitter' ><a target=\"_blank\" aria-label=\"Compartir en Twitter\" href='https:\/\/twitter.com\/share?text=Peque%C3%B1os%20empresarios%2Fas%20de%20La%20Junta%20se%20renuevan%20para%20fortalecer%20el%20sector%20comercio%20y%20turismo&#038;url=https:\/\/radiorevelacionfm.cl\/?p=38378' aria-hidden='false' data-av_icon='\ue8f1' data-av_iconfont='entypo-fontello' title='' data-avia-related-tooltip='Compartir en Twitter' rel=\"noopener\"><span class='avia_hidden_link_text'>Compartir en Twitter<\/span><\/a><\/li><li class='av-share-link av-social-link-whatsapp' ><a target=\"_blank\" aria-label=\"Compartir en Whatsapp\" href='https:\/\/api.whatsapp.com\/send?text=https:\/\/radiorevelacionfm.cl\/?p=38378' aria-hidden='false' data-av_icon='\uf232' data-av_iconfont='entypo-fontello' title='' data-avia-related-tooltip='Compartir en Whatsapp' rel=\"noopener\"><span class='avia_hidden_link_text'>Compartir en Whatsapp<\/span><\/a><\/li><li class='av-share-link av-social-link-linkedin' ><a target=\"_blank\" aria-label=\"Compartir en LinkedIn\" href='https:\/\/linkedin.com\/shareArticle?mini=true&#038;title=Peque%C3%B1os%20empresarios%2Fas%20de%20La%20Junta%20se%20renuevan%20para%20fortalecer%20el%20sector%20comercio%20y%20turismo&#038;url=https:\/\/radiorevelacionfm.cl\/?p=38378' aria-hidden='false' data-av_icon='\ue8fc' data-av_iconfont='entypo-fontello' title='' data-avia-related-tooltip='Compartir en LinkedIn' rel=\"noopener\"><span class='avia_hidden_link_text'>Compartir en LinkedIn<\/span><\/a><\/li><li class='av-share-link av-social-link-mail' ><a  aria-label=\"Compartir por correo\" href='mailto:?subject=Peque%C3%B1os%20empresarios%2Fas%20de%20La%20Junta%20se%20renuevan%20para%20fortalecer%20el%20sector%20comercio%20y%20turismo&#038;body=https:\/\/radiorevelacionfm.cl\/?p=38378' aria-hidden='false' data-av_icon='\ue805' data-av_iconfont='entypo-fontello' title='' data-avia-related-tooltip='Compartir por correo'><span class='avia_hidden_link_text'>Compartir por correo<\/span><\/a><\/li><\/ul><\/div><\/div>\n<div  style='height:50px' class='hr hr-invisible   avia-builder-el-8  el_after_av_social_share  el_before_av_comments_list '><span class='hr-inner ' ><span class='hr-inner-style'><\/span><\/span><\/div>\n<div  class='av-buildercomment  av-blog-meta-html-info-disabled av-blog-meta-tag-disabled  '><\/div>\n","protected":false},"excerpt":{"rendered":"","protected":false},"author":1,"featured_media":38383,"comment_status":"open","ping_status":"open","sticky":false,"template":"","format":"standard","meta":{"footnotes":""},"categories":[38],"tags":[],"class_list":["post-38378","post","type-post","status-publish","format-standard","has-post-thumbnail","hentry","category-regional"],"jetpack_featured_media_url":"https:\/\/radiorevelacionfm.cl\/wp-content\/uploads\/2023\/12\/sercotec-la-junta-1_optimized.jpg","_links":{"self":[{"href":"https:\/\/radiorevelacionfm.cl\/index.php?rest_route=\/wp\/v2\/posts\/38378","targetHints":{"allow":["GET"]}}],"collection":[{"href":"https:\/\/radiorevelacionfm.cl\/index.php?rest_route=\/wp\/v2\/posts"}],"about":[{"href":"https:\/\/radiorevelacionfm.cl\/index.php?rest_route=\/wp\/v2\/types\/post"}],"author":[{"embeddable":true,"href":"https:\/\/radiorevelacionfm.cl\/index.php?rest_route=\/wp\/v2\/users\/1"}],"replies":[{"embeddable":true,"href":"https:\/\/radiorevelacionfm.cl\/index.php?rest_route=%2Fwp%2Fv2%2Fcomments&post=38378"}],"version-history":[{"count":3,"href":"https:\/\/radiorevelacionfm.cl\/index.php?rest_route=\/wp\/v2\/posts\/38378\/revisions"}],"predecessor-version":[{"id":38397,"href":"https:\/\/radiorevelacionfm.cl\/index.php?rest_route=\/wp\/v2\/posts\/38378\/revisions\/38397"}],"wp:featuredmedia":[{"embeddable":true,"href":"https:\/\/radiorevelacionfm.cl\/index.php?rest_route=\/wp\/v2\/media\/38383"}],"wp:attachment":[{"href":"https:\/\/radiorevelacionfm.cl\/index.php?rest_route=%2Fwp%2Fv2%2Fmedia&parent=38378"}],"wp:term":[{"taxonomy":"category","embeddable":true,"href":"https:\/\/radiorevelacionfm.cl\/index.php?rest_route=%2Fwp%2Fv2%2Fcategories&post=38378"},{"taxonomy":"post_tag","embeddable":true,"href":"https:\/\/radiorevelacionfm.cl\/index.php?rest_route=%2Fwp%2Fv2%2Ftags&post=38378"}],"curies":[{"name":"wp","href":"https:\/\/api.w.org\/{rel}","templated":true}]}}