{"id":38375,"date":"2023-12-28T12:17:29","date_gmt":"2023-12-28T15:17:29","guid":{"rendered":"https:\/\/radiorevelacionfm.cl\/?p=38375"},"modified":"2023-12-28T12:17:29","modified_gmt":"2023-12-28T15:17:29","slug":"destinan-mas-de-170-millones-para-ejecutar-proyecto-de-ampliacion-de-la-posta-de-salud-de-melinka","status":"publish","type":"post","link":"https:\/\/radiorevelacionfm.cl\/?p=38375","title":{"rendered":"Destinan m\u00e1s de 170 millones para ejecutar proyecto de ampliaci\u00f3n de la Posta de Salud de Melinka"},"content":{"rendered":"<div class=\"flex_column av_one_full  flex_column_div av-zero-column-padding first  avia-builder-el-0  el_before_av_one_full  avia-builder-el-first  \" style='border-radius:0px; '><div  class='avia-image-container  av-styling-    avia-builder-el-1  avia-builder-el-no-sibling  avia-align-center '  itemprop=\"image\" itemscope=\"itemscope\" itemtype=\"https:\/\/schema.org\/ImageObject\"  ><div class='avia-image-container-inner'><div class='avia-image-overlay-wrap'><img decoding=\"async\" class='wp-image-38376 avia-img-lazy-loading-not-38376 avia_image' src=\"https:\/\/radiorevelacionfm.cl\/wp-content\/uploads\/2023\/12\/Posta-salud-Melinka-1-1.jpg\" alt='' title='Posta-salud Melinka (1) (1)' height=\"600\" width=\"800\"  itemprop=\"thumbnailUrl\" srcset=\"https:\/\/radiorevelacionfm.cl\/wp-content\/uploads\/2023\/12\/Posta-salud-Melinka-1-1.jpg 800w, https:\/\/radiorevelacionfm.cl\/wp-content\/uploads\/2023\/12\/Posta-salud-Melinka-1-1-300x225.jpg 300w, https:\/\/radiorevelacionfm.cl\/wp-content\/uploads\/2023\/12\/Posta-salud-Melinka-1-1-768x576.jpg 768w, https:\/\/radiorevelacionfm.cl\/wp-content\/uploads\/2023\/12\/Posta-salud-Melinka-1-1-705x529.jpg 705w, https:\/\/radiorevelacionfm.cl\/wp-content\/uploads\/2023\/12\/Posta-salud-Melinka-1-1-450x338.jpg 450w, https:\/\/radiorevelacionfm.cl\/wp-content\/uploads\/2023\/12\/Posta-salud-Melinka-1-1-600x450.jpg 600w\" sizes=\"(max-width: 800px) 100vw, 800px\" \/><\/div><\/div><\/div><\/div><div class=\"flex_column av_one_full  flex_column_div av-zero-column-padding first  avia-builder-el-2  el_after_av_one_full  el_before_av_one_full  column-top-margin\" style='border-radius:0px; '><section class=\"av_textblock_section \"  itemscope=\"itemscope\" itemtype=\"https:\/\/schema.org\/BlogPosting\" itemprop=\"blogPost\" ><div class='avia_textblock  '   itemprop=\"text\" ><p style=\"text-align: center;\"><strong><span style=\"font-size: 18pt;\">Destinan m\u00e1s de 170 millones para ejecutar proyecto de ampliaci\u00f3n de la Posta de Salud de Melinka<\/span><\/strong><\/p>\n<div id=\"gtx-trans\" style=\"position: absolute; left: -50px; top: 4.31534px;\">\n<div class=\"gtx-trans-icon\"><\/div>\n<\/div>\n<\/div><\/section><\/div><div class=\"flex_column av_one_full  flex_column_div av-zero-column-padding first  avia-builder-el-4  el_after_av_one_full  el_before_av_hr  column-top-margin\" style='border-radius:0px; '><section class=\"av_textblock_section \"  itemscope=\"itemscope\" itemtype=\"https:\/\/schema.org\/BlogPosting\" itemprop=\"blogPost\" ><div class='avia_textblock  '   itemprop=\"text\" ><p style=\"text-align: justify;\">A trav\u00e9s de un proyecto financiado con recursos regionales, del Fondo Regional de Iniciativas Locales, FRIL, la Municipalidad de Guaitecas contribuir\u00e1 a la concreci\u00f3n de un nuevo proyecto de ampliaci\u00f3n de la posta de salud de Melinka.<\/p>\n<p style=\"text-align: justify;\">Se trata de una iniciativa que significar\u00e1 una inversi\u00f3n de m\u00e1s de 170 millones de pesos y que se suma a otras que en el \u00faltimo tiempo ha emprendido la municipalidad con el objetivo de colaborar en mejorar las instalaciones e infraestructura de la posta y con ello mejorar la atenci\u00f3n a la comunidad, como lo destac\u00f3 el alcalde de Guaitecas, Marcos Silva.<\/p>\n<p style=\"text-align: justify;\">\u201cLa posta de salud ha tenido a lo menos dos proyectos de ampliaci\u00f3n, incluida una sala de rayos que se hizo no hace mucho y ahora, este proyecto de ampliaci\u00f3n que se arrastra desde el a\u00f1o pasado y que este a\u00f1o pudimos recuperar, pues si bien salud no depende de la municipalidad, quienes finalmente nos atendemos en ella somos todos en la comuna y nosotros, s\u00ed podemos generar instancias y articular proyectos para mejorar las condiciones y los espacios en la posta lo hacemos y lo vamos a seguir haciendo\u201d, dijo la autoridad en torno a este proyecto de inversi\u00f3n.<\/p>\n<p style=\"text-align: justify;\">Por su parte Cecilia Jara, encargada subrogante de la posta de salud rural de Melinka, explic\u00f3 qu\u00e9 espacios se intervendr\u00e1n y dio cuenta de la nueva infraestructura que se construir\u00e1 gracias a este proyecto.<\/p>\n<p style=\"text-align: justify;\">\u201cEn esta segunda etapa se contempla una ampliaci\u00f3n y vamos a tener una sala multiuso para reuniones, un nuevo box multiprop\u00f3sito, una sala de rehabilitaci\u00f3n para el trabajo del kinesi\u00f3logo, un nuevo ba\u00f1o p\u00fablico; un nuevo box para procedimientos y toma de muestras; adicionalmente viene una modificaci\u00f3n para lo que es la zona de entrega de leche y farmacia y adem\u00e1s el proyecto contempla otra modificaci\u00f3n para regularizar los espacios para realizar esterilizaciones y finalmente una modificaci\u00f3n para ba\u00f1os para el personal y ver un tema tambi\u00e9n de residencia\u201d, dijo la profesional de la posta de salud de Melinka, quien a\u00f1adi\u00f3 que tras estas intervenciones ya no habr\u00e1 posibilidad de seguir ampliando el recinto hacia los lados, pues se utilizar\u00e1 todo el terreno disponible en el que est\u00e1 emplazada la posta.<\/p>\n<p style=\"text-align: justify;\">Por \u00faltimo Cecilia Jara valor\u00f3 el poder desarrollar este tipo de proyectos, pues se mejora los espacios para los usuarios as\u00ed como para las y los trabajadores de la posta de salud y destac\u00f3 el compromiso de la Municipalidad de Guaitecas con la salud de la comunidad al priorizar dentro de su cartera de proyectos este tipo de iniciativas que finalmente contribuyen al bienestar de la poblaci\u00f3n.<\/p>\n<p style=\"text-align: justify;\">\u201cPara nosotros es muy valioso, pues este proyecto ha sido muy esperado pues ampl\u00eda nuestras dependencias y eso evidentemente va a impactar en mejorar la atenci\u00f3n que nosotros brindamos. Nos parece muy conveniente esta alianza que hace el municipio con el servicio de salud para poder ampliar nuestros espacios y dar una mejor atenci\u00f3n. Siempre es bueno que piensen en la posta desde el punto de vista de los recursos municipales y nos puedan colaborar para ampliar nuestras dependencias\u201d, indic\u00f3 la encargada subrogante de la posta de salud rural de Melinka.<\/p>\n<\/div><\/section><\/div><div  style='height:50px' class='hr hr-invisible   avia-builder-el-6  el_after_av_one_full  el_before_av_social_share '><span class='hr-inner ' ><span class='hr-inner-style'><\/span><\/span><\/div><\/p>\n<div  class='av-social-sharing-box  avia-builder-el-7  el_after_av_hr  el_before_av_hr  '><div class='av-share-box'><h5 class='av-share-link-description av-no-toc '>Compartir esta noticia<\/h5><ul class='av-share-box-list noLightbox'><li class='av-share-link av-social-link-facebook' ><a target=\"_blank\" aria-label=\"Compartir en Facebook\" href='https:\/\/www.facebook.com\/sharer.php?u=https:\/\/radiorevelacionfm.cl\/?p=38375&#038;t=Destinan%20m%C3%A1s%20de%20170%20millones%20para%20ejecutar%20proyecto%20de%20ampliaci%C3%B3n%20de%20la%20Posta%20de%20Salud%20de%20Melinka' aria-hidden='false' data-av_icon='\ue8f3' data-av_iconfont='entypo-fontello' title='' data-avia-related-tooltip='Compartir en Facebook' rel=\"noopener\"><span class='avia_hidden_link_text'>Compartir en Facebook<\/span><\/a><\/li><li class='av-share-link av-social-link-twitter' ><a target=\"_blank\" aria-label=\"Compartir en Twitter\" href='https:\/\/twitter.com\/share?text=Destinan%20m%C3%A1s%20de%20170%20millones%20para%20ejecutar%20proyecto%20de%20ampliaci%C3%B3n%20de%20la%20Posta%20de%20Salud%20de%20Melinka&#038;url=https:\/\/radiorevelacionfm.cl\/?p=38375' aria-hidden='false' data-av_icon='\ue8f1' data-av_iconfont='entypo-fontello' title='' data-avia-related-tooltip='Compartir en Twitter' rel=\"noopener\"><span class='avia_hidden_link_text'>Compartir en Twitter<\/span><\/a><\/li><li class='av-share-link av-social-link-whatsapp' ><a target=\"_blank\" aria-label=\"Compartir en Whatsapp\" href='https:\/\/api.whatsapp.com\/send?text=https:\/\/radiorevelacionfm.cl\/?p=38375' aria-hidden='false' data-av_icon='\uf232' data-av_iconfont='entypo-fontello' title='' data-avia-related-tooltip='Compartir en Whatsapp' rel=\"noopener\"><span class='avia_hidden_link_text'>Compartir en Whatsapp<\/span><\/a><\/li><li class='av-share-link av-social-link-linkedin' ><a target=\"_blank\" aria-label=\"Compartir en LinkedIn\" href='https:\/\/linkedin.com\/shareArticle?mini=true&#038;title=Destinan%20m%C3%A1s%20de%20170%20millones%20para%20ejecutar%20proyecto%20de%20ampliaci%C3%B3n%20de%20la%20Posta%20de%20Salud%20de%20Melinka&#038;url=https:\/\/radiorevelacionfm.cl\/?p=38375' aria-hidden='false' data-av_icon='\ue8fc' data-av_iconfont='entypo-fontello' title='' data-avia-related-tooltip='Compartir en LinkedIn' rel=\"noopener\"><span class='avia_hidden_link_text'>Compartir en LinkedIn<\/span><\/a><\/li><li class='av-share-link av-social-link-mail' ><a  aria-label=\"Compartir por correo\" href='mailto:?subject=Destinan%20m%C3%A1s%20de%20170%20millones%20para%20ejecutar%20proyecto%20de%20ampliaci%C3%B3n%20de%20la%20Posta%20de%20Salud%20de%20Melinka&#038;body=https:\/\/radiorevelacionfm.cl\/?p=38375' aria-hidden='false' data-av_icon='\ue805' data-av_iconfont='entypo-fontello' title='' data-avia-related-tooltip='Compartir por correo'><span class='avia_hidden_link_text'>Compartir por correo<\/span><\/a><\/li><\/ul><\/div><\/div>\n<div  style='height:50px' class='hr hr-invisible   avia-builder-el-8  el_after_av_social_share  el_before_av_comments_list '><span class='hr-inner ' ><span class='hr-inner-style'><\/span><\/span><\/div>\n<div  class='av-buildercomment  av-blog-meta-html-info-disabled av-blog-meta-tag-disabled  '><\/div>\n","protected":false},"excerpt":{"rendered":"","protected":false},"author":1,"featured_media":38376,"comment_status":"open","ping_status":"open","sticky":false,"template":"","format":"standard","meta":{"footnotes":""},"categories":[38],"tags":[],"class_list":["post-38375","post","type-post","status-publish","format-standard","has-post-thumbnail","hentry","category-regional"],"jetpack_featured_media_url":"https:\/\/radiorevelacionfm.cl\/wp-content\/uploads\/2023\/12\/Posta-salud-Melinka-1-1.jpg","_links":{"self":[{"href":"https:\/\/radiorevelacionfm.cl\/index.php?rest_route=\/wp\/v2\/posts\/38375","targetHints":{"allow":["GET"]}}],"collection":[{"href":"https:\/\/radiorevelacionfm.cl\/index.php?rest_route=\/wp\/v2\/posts"}],"about":[{"href":"https:\/\/radiorevelacionfm.cl\/index.php?rest_route=\/wp\/v2\/types\/post"}],"author":[{"embeddable":true,"href":"https:\/\/radiorevelacionfm.cl\/index.php?rest_route=\/wp\/v2\/users\/1"}],"replies":[{"embeddable":true,"href":"https:\/\/radiorevelacionfm.cl\/index.php?rest_route=%2Fwp%2Fv2%2Fcomments&post=38375"}],"version-history":[{"count":1,"href":"https:\/\/radiorevelacionfm.cl\/index.php?rest_route=\/wp\/v2\/posts\/38375\/revisions"}],"predecessor-version":[{"id":38377,"href":"https:\/\/radiorevelacionfm.cl\/index.php?rest_route=\/wp\/v2\/posts\/38375\/revisions\/38377"}],"wp:featuredmedia":[{"embeddable":true,"href":"https:\/\/radiorevelacionfm.cl\/index.php?rest_route=\/wp\/v2\/media\/38376"}],"wp:attachment":[{"href":"https:\/\/radiorevelacionfm.cl\/index.php?rest_route=%2Fwp%2Fv2%2Fmedia&parent=38375"}],"wp:term":[{"taxonomy":"category","embeddable":true,"href":"https:\/\/radiorevelacionfm.cl\/index.php?rest_route=%2Fwp%2Fv2%2Fcategories&post=38375"},{"taxonomy":"post_tag","embeddable":true,"href":"https:\/\/radiorevelacionfm.cl\/index.php?rest_route=%2Fwp%2Fv2%2Ftags&post=38375"}],"curies":[{"name":"wp","href":"https:\/\/api.w.org\/{rel}","templated":true}]}}