{"id":38367,"date":"2023-12-28T09:51:57","date_gmt":"2023-12-28T12:51:57","guid":{"rendered":"https:\/\/radiorevelacionfm.cl\/?p=38367"},"modified":"2023-12-28T09:51:57","modified_gmt":"2023-12-28T12:51:57","slug":"aislamiento-termico-reciclaje-reutilizacion-y-compostaje-fueron-parte-de-exitoso-piloto-de-gestion-de-residuos-en-guadal-y-bertrand","status":"publish","type":"post","link":"https:\/\/radiorevelacionfm.cl\/?p=38367","title":{"rendered":"Aislamiento t\u00e9rmico, reciclaje, reutilizaci\u00f3n y compostaje fueron parte de exitoso piloto de gesti\u00f3n de residuos en Guadal y Bertrand"},"content":{"rendered":"<div class=\"flex_column av_one_full  flex_column_div av-zero-column-padding first  avia-builder-el-0  el_before_av_one_full  avia-builder-el-first  \" style='border-radius:0px; '><div  class='avia-image-container  av-styling-    avia-builder-el-1  avia-builder-el-no-sibling  avia-align-center '  itemprop=\"image\" itemscope=\"itemscope\" itemtype=\"https:\/\/schema.org\/ImageObject\"  ><div class='avia-image-container-inner'><div class='avia-image-overlay-wrap'><img decoding=\"async\" class='wp-image-38370 avia-img-lazy-loading-not-38370 avia_image' src=\"https:\/\/radiorevelacionfm.cl\/wp-content\/uploads\/2023\/12\/Taller-de-aislamiento-con-lana-de-oveja-en-Puerto-Bertrand-1-1.jpeg\" alt='' title='Taller de aislamiento con lana de oveja en Puerto Bertrand (1) (1)' height=\"600\" width=\"800\"  itemprop=\"thumbnailUrl\" srcset=\"https:\/\/radiorevelacionfm.cl\/wp-content\/uploads\/2023\/12\/Taller-de-aislamiento-con-lana-de-oveja-en-Puerto-Bertrand-1-1.jpeg 800w, https:\/\/radiorevelacionfm.cl\/wp-content\/uploads\/2023\/12\/Taller-de-aislamiento-con-lana-de-oveja-en-Puerto-Bertrand-1-1-300x225.jpeg 300w, https:\/\/radiorevelacionfm.cl\/wp-content\/uploads\/2023\/12\/Taller-de-aislamiento-con-lana-de-oveja-en-Puerto-Bertrand-1-1-768x576.jpeg 768w, https:\/\/radiorevelacionfm.cl\/wp-content\/uploads\/2023\/12\/Taller-de-aislamiento-con-lana-de-oveja-en-Puerto-Bertrand-1-1-705x529.jpeg 705w, https:\/\/radiorevelacionfm.cl\/wp-content\/uploads\/2023\/12\/Taller-de-aislamiento-con-lana-de-oveja-en-Puerto-Bertrand-1-1-450x338.jpeg 450w, https:\/\/radiorevelacionfm.cl\/wp-content\/uploads\/2023\/12\/Taller-de-aislamiento-con-lana-de-oveja-en-Puerto-Bertrand-1-1-600x450.jpeg 600w\" sizes=\"(max-width: 800px) 100vw, 800px\" \/><\/div><\/div><\/div><\/div><div class=\"flex_column av_one_full  flex_column_div av-zero-column-padding first  avia-builder-el-2  el_after_av_one_full  el_before_av_one_full  column-top-margin\" style='border-radius:0px; '><section class=\"av_textblock_section \"  itemscope=\"itemscope\" itemtype=\"https:\/\/schema.org\/BlogPosting\" itemprop=\"blogPost\" ><div class='avia_textblock  '   itemprop=\"text\" ><p style=\"text-align: center;\"><span style=\"font-size: 18pt;\"><b><span lang=\"ES\">Aislamiento t\u00e9rmico, reciclaje, reutilizaci<\/span><\/b><b><span lang=\"X-NONE\">\u00f3n y\u00a0<\/span><\/b><b><span lang=\"ES\">compostaje fueron parte de exitoso piloto de gesti\u00f3n de residuos en Guadal y Bertrand<\/span><\/b><\/span><\/p>\n<div id=\"gtx-trans\" style=\"position: absolute; left: -50px; top: 4.31534px;\">\n<div class=\"gtx-trans-icon\"><\/div>\n<\/div>\n<\/div><\/section><\/div><\/p>\n<div class=\"flex_column av_one_full  flex_column_div av-zero-column-padding first  avia-builder-el-4  el_after_av_one_full  el_before_av_hr  column-top-margin\" style='border-radius:0px; '><section class=\"av_textblock_section \"  itemscope=\"itemscope\" itemtype=\"https:\/\/schema.org\/BlogPosting\" itemprop=\"blogPost\" ><div class='avia_textblock  '   itemprop=\"text\" ><p class=\"v1MsoNormal\" style=\"text-align: justify;\"><span lang=\"ES\">Con la realizaci\u00f3n de seis talleres pr<\/span><span lang=\"X-NONE\">\u00e1cticos, m\u00e1s charlas expositivas<\/span><span lang=\"ES\">, durante el a\u00f1o se desarroll\u00f3 el proyecto \u00ab<i>Piloto comunitario de gesti\u00f3n de residuos en el Chelenko<\/i>\u00ab, que ejecut<\/span><span lang=\"X-NONE\">\u00f3<\/span><span lang=\"ES\"> la Junta de Vecinos N8 de Puerto Guadal con recursos del 8% FNDR del Gobierno Regional de Ays\u00e9n. La iniciativa, con un monto cercano a los 10 millones de pesos, contempl\u00f3 capacitaciones en grabado verde en tetrapack (artista visual Ivette Laclote),\u00a0aislamiento con lana de oveja\u00a0(LANARQ),\u00a0principios de separaci<\/span><span lang=\"X-NONE\">\u00f3n para\u00a0<\/span><span lang=\"ES\">reciclaje integral\u00a0<\/span><span lang=\"ES\">(Feisal Ahuile de Patagonia sin Residuos),\u00a0reutilizaci<\/span><span lang=\"X-NONE\">\u00f3n de latas de aluminio<\/span><span lang=\"X-NONE\">\u00a0(<\/span><span lang=\"ES\">Juan Jos\u00e9 Oliva),\u00a0corte, grabado y pulido de botellas\u00a0(Alejandro Marchant de Ecoglass Patagonia) y\u00a0compostaje\u00a0(Fernanda Nenen).<\/span><\/p>\n<p class=\"v1MsoNormal\" style=\"text-align: justify;\"><span lang=\"ES\">Fueron casi 150 los participantes en la totalidad de los talleres y charlas, realizados en Puerto Guadal y Puerto Bertrand. Para ello se cont<\/span><span lang=\"X-NONE\">\u00f3 con\u00a0<\/span><span lang=\"ES\">el apoyo del Comit\u00e9 de Infancia R\u00edo Baker de Puerto Bertrand, las seremis de Medio Ambiente y Salud, la Corporaci\u00f3n Privada para el Desarrollo de Ays\u00e9n y la Oficina de Protecci\u00f3n de Derechos de la Municipalidad de Chile Chico.<\/span><\/p>\n<p class=\"v1MsoNormal\" style=\"text-align: justify;\"><span lang=\"ES\">\u00abEste proyecto parti<\/span><span lang=\"X-NONE\">\u00f3 de la visi\u00f3n de nuestra junta de vecinos de avanzar comunitariamente, no s\u00f3lo hacia la gesti\u00f3n de sus residuos sino de reducir su generaci\u00f3n. Por eso<\/span><span lang=\"ES\">\u00a0aprendimos de separaci<\/span><span lang=\"X-NONE\">\u00f3n, reutilizaci\u00f3n, pero tambi\u00e9n de compostaje para profundizar las huertas locales y as\u00ed traer menos productos de fuera, cuyos empaques y qu\u00edmicos muchas veces terminan como basura y contaminantes<\/span><span lang=\"ES\">\u00bb se\u00f1al<\/span><span lang=\"X-NONE\">\u00f3 Miriam Chible Contreras, quien encabez\u00f3 la directiva que formul\u00f3 y ejecut\u00f3 el proyecto. Felipe Christensen Arteaga, reci\u00e9n asumido nuevo presidente, indic\u00f3 que \u00abuno de los principales desaf\u00edos que tenemos en la comunidad es el del vertedero y las aguas servidas. Por ello, en los pr\u00f3ximos a\u00f1os vamos a destinar una buena cantidad de tiempo y gestiones para avanzar en estos temas, pensando en que m\u00e1s que un basural tengamos un centro de gesti\u00f3n integral de residuos con separaci\u00f3n y reciclaje\u00bb.<\/span><\/p>\n<p class=\"v1MsoNormal\" style=\"text-align: justify;\"><span lang=\"X-NONE\">En este sentido, ambos dirigentes se\u00f1alaron que como organizaci\u00f3n estar\u00e1n atentos a las propuestas que en este \u00e1mbito realicen los candidatos y candidatas a concejales y alcaldes de Chile Chico.<\/span><\/p>\n<p class=\"v1MsoNormal\" style=\"text-align: justify;\"><span lang=\"ES\">Las jornadas se sumaron as\u00ed a una serie de iniciativas que han organizado las agrupaciones locales, como un <a href=\"https:\/\/www.diariosostenible.cl\/noticia\/eventos\/2023\/02\/curso-invita-a-vecinos-de-puerto-guadal-a-reducir-desechos-y-aprender-un-oficio-historico\" target=\"_blank\" rel=\"noopener noreferrer\">taller de curtiembre de principios de este a\u00f1o<\/a>\u00a0por la propia Junta de Vecinos N8,\u00a0<a href=\"https:\/\/www.elciudadano.com\/alimentacion\/compost-comunitario-la-apuesta-de-las-y-los-agricultores-de-puerto-guadal-en-conjunto-con-la-comunidad-escolar\/06\/02\/\" target=\"_blank\" rel=\"noopener noreferrer\">capacitaci\u00f3n en compostaje y adquisici\u00f3n de una chipeadora<\/a>\u00a0por parte de la AG de Peque\u00f1os Ganaderos y Agricultores, implementaci\u00f3n de puntos limpios por parte de la Junta de Vecinos \u00abLos Pioneros\u00bb, un\u00a0<a href=\"https:\/\/www.google.com\/url?sa=t&amp;rct=j&amp;q=&amp;esrc=s&amp;source=web&amp;cd=&amp;ved=2ahUKEwjZnqeev6iDAxUyLrkGHf_yDbEQFnoECAwQAQ&amp;url=https%3A%2F%2Fwww.elperiodista.cl%2F2023%2F01%2Fdesde-la-pintana-a-la-patagonia-alcaldesa-claudia-pizarro-expondra-sobre-exitoso-modelo-de-gestion-de-residuos%2F&amp;usg=AOvVaw2oMnEz3HFMryk7RU_GhUJo&amp;opi=89978449\" target=\"_blank\" rel=\"noopener noreferrer\">webinar con la alcaldesa de La Pintana<\/a>, Claudia Pizarro, cuyo municipio es ejemplo latinoamericano en materia de gesti\u00f3n de residuos.<\/span><\/p>\n<p class=\"v1MsoNormal\" style=\"text-align: justify;\"><span lang=\"ES\">El cierre se realiz<\/span><span lang=\"X-NONE\">\u00f3\u00a0<\/span><span lang=\"ES\">este s\u00e1bado a partir de las 10AM en la plaza de Puerto Guadal, durante la Feria Navide\u00f1a organizada por Arte Chelenko, ocasi<\/span><span lang=\"X-NONE\">\u00f3n en que se entregaron plantines generados gracias a la recolecci\u00f3n semanal de residuos org\u00e1nicos que se desarroll\u00f3 durante el proyecto.<\/span><\/p>\n<\/div><\/section><\/div>\n<div  style='height:50px' class='hr hr-invisible   avia-builder-el-6  el_after_av_one_full  el_before_av_social_share '><span class='hr-inner ' ><span class='hr-inner-style'><\/span><\/span><\/div>\n<div  class='av-social-sharing-box  avia-builder-el-7  el_after_av_hr  el_before_av_hr  '><div class='av-share-box'><h5 class='av-share-link-description av-no-toc '>Compartir esta noticia<\/h5><ul class='av-share-box-list noLightbox'><li class='av-share-link av-social-link-facebook' ><a target=\"_blank\" aria-label=\"Compartir en Facebook\" href='https:\/\/www.facebook.com\/sharer.php?u=https:\/\/radiorevelacionfm.cl\/?p=38367&#038;t=Aislamiento%20t%C3%A9rmico%2C%20reciclaje%2C%20reutilizaci%C3%B3n%20y%20compostaje%20fueron%20parte%20de%20exitoso%20piloto%20de%20gesti%C3%B3n%20de%20residuos%20en%20Guadal%20y%20Bertrand' aria-hidden='false' data-av_icon='\ue8f3' data-av_iconfont='entypo-fontello' title='' data-avia-related-tooltip='Compartir en Facebook' rel=\"noopener\"><span class='avia_hidden_link_text'>Compartir en Facebook<\/span><\/a><\/li><li class='av-share-link av-social-link-twitter' ><a target=\"_blank\" aria-label=\"Compartir en Twitter\" href='https:\/\/twitter.com\/share?text=Aislamiento%20t%C3%A9rmico%2C%20reciclaje%2C%20reutilizaci%C3%B3n%20y%20compostaje%20fueron%20parte%20de%20exitoso%20piloto%20de%20gesti%C3%B3n%20de%20residuos%20en%20Guadal%20y%20Bertrand&#038;url=https:\/\/radiorevelacionfm.cl\/?p=38367' aria-hidden='false' data-av_icon='\ue8f1' data-av_iconfont='entypo-fontello' title='' data-avia-related-tooltip='Compartir en Twitter' rel=\"noopener\"><span class='avia_hidden_link_text'>Compartir en Twitter<\/span><\/a><\/li><li class='av-share-link av-social-link-whatsapp' ><a target=\"_blank\" aria-label=\"Compartir en Whatsapp\" href='https:\/\/api.whatsapp.com\/send?text=https:\/\/radiorevelacionfm.cl\/?p=38367' aria-hidden='false' data-av_icon='\uf232' data-av_iconfont='entypo-fontello' title='' data-avia-related-tooltip='Compartir en Whatsapp' rel=\"noopener\"><span class='avia_hidden_link_text'>Compartir en Whatsapp<\/span><\/a><\/li><li class='av-share-link av-social-link-linkedin' ><a target=\"_blank\" aria-label=\"Compartir en LinkedIn\" href='https:\/\/linkedin.com\/shareArticle?mini=true&#038;title=Aislamiento%20t%C3%A9rmico%2C%20reciclaje%2C%20reutilizaci%C3%B3n%20y%20compostaje%20fueron%20parte%20de%20exitoso%20piloto%20de%20gesti%C3%B3n%20de%20residuos%20en%20Guadal%20y%20Bertrand&#038;url=https:\/\/radiorevelacionfm.cl\/?p=38367' aria-hidden='false' data-av_icon='\ue8fc' data-av_iconfont='entypo-fontello' title='' data-avia-related-tooltip='Compartir en LinkedIn' rel=\"noopener\"><span class='avia_hidden_link_text'>Compartir en LinkedIn<\/span><\/a><\/li><li class='av-share-link av-social-link-mail' ><a  aria-label=\"Compartir por correo\" href='mailto:?subject=Aislamiento%20t%C3%A9rmico%2C%20reciclaje%2C%20reutilizaci%C3%B3n%20y%20compostaje%20fueron%20parte%20de%20exitoso%20piloto%20de%20gesti%C3%B3n%20de%20residuos%20en%20Guadal%20y%20Bertrand&#038;body=https:\/\/radiorevelacionfm.cl\/?p=38367' aria-hidden='false' data-av_icon='\ue805' data-av_iconfont='entypo-fontello' title='' data-avia-related-tooltip='Compartir por correo'><span class='avia_hidden_link_text'>Compartir por correo<\/span><\/a><\/li><\/ul><\/div><\/div>\n<div  style='height:50px' class='hr hr-invisible   avia-builder-el-8  el_after_av_social_share  el_before_av_comments_list '><span class='hr-inner ' ><span class='hr-inner-style'><\/span><\/span><\/div>\n<div  class='av-buildercomment  av-blog-meta-html-info-disabled av-blog-meta-tag-disabled  '><\/div>\n","protected":false},"excerpt":{"rendered":"","protected":false},"author":1,"featured_media":38370,"comment_status":"open","ping_status":"open","sticky":false,"template":"","format":"standard","meta":{"footnotes":""},"categories":[38],"tags":[],"class_list":["post-38367","post","type-post","status-publish","format-standard","has-post-thumbnail","hentry","category-regional"],"jetpack_featured_media_url":"https:\/\/radiorevelacionfm.cl\/wp-content\/uploads\/2023\/12\/Taller-de-aislamiento-con-lana-de-oveja-en-Puerto-Bertrand-1-1.jpeg","_links":{"self":[{"href":"https:\/\/radiorevelacionfm.cl\/index.php?rest_route=\/wp\/v2\/posts\/38367","targetHints":{"allow":["GET"]}}],"collection":[{"href":"https:\/\/radiorevelacionfm.cl\/index.php?rest_route=\/wp\/v2\/posts"}],"about":[{"href":"https:\/\/radiorevelacionfm.cl\/index.php?rest_route=\/wp\/v2\/types\/post"}],"author":[{"embeddable":true,"href":"https:\/\/radiorevelacionfm.cl\/index.php?rest_route=\/wp\/v2\/users\/1"}],"replies":[{"embeddable":true,"href":"https:\/\/radiorevelacionfm.cl\/index.php?rest_route=%2Fwp%2Fv2%2Fcomments&post=38367"}],"version-history":[{"count":2,"href":"https:\/\/radiorevelacionfm.cl\/index.php?rest_route=\/wp\/v2\/posts\/38367\/revisions"}],"predecessor-version":[{"id":38371,"href":"https:\/\/radiorevelacionfm.cl\/index.php?rest_route=\/wp\/v2\/posts\/38367\/revisions\/38371"}],"wp:featuredmedia":[{"embeddable":true,"href":"https:\/\/radiorevelacionfm.cl\/index.php?rest_route=\/wp\/v2\/media\/38370"}],"wp:attachment":[{"href":"https:\/\/radiorevelacionfm.cl\/index.php?rest_route=%2Fwp%2Fv2%2Fmedia&parent=38367"}],"wp:term":[{"taxonomy":"category","embeddable":true,"href":"https:\/\/radiorevelacionfm.cl\/index.php?rest_route=%2Fwp%2Fv2%2Fcategories&post=38367"},{"taxonomy":"post_tag","embeddable":true,"href":"https:\/\/radiorevelacionfm.cl\/index.php?rest_route=%2Fwp%2Fv2%2Ftags&post=38367"}],"curies":[{"name":"wp","href":"https:\/\/api.w.org\/{rel}","templated":true}]}}