{"id":38361,"date":"2023-12-27T18:13:07","date_gmt":"2023-12-27T21:13:07","guid":{"rendered":"https:\/\/radiorevelacionfm.cl\/?p=38361"},"modified":"2023-12-27T18:13:07","modified_gmt":"2023-12-27T21:13:07","slug":"en-puerto-aysen-reconocen-como-ciudadana-ilustre-a-la-religiosa-josefina-del-collado","status":"publish","type":"post","link":"https:\/\/radiorevelacionfm.cl\/?p=38361","title":{"rendered":"En Puerto Ays\u00e9n reconocen como \u201cciudadana ilustre\u201d a la religiosa Josefina del Collado"},"content":{"rendered":"<div class=\"flex_column av_one_full  flex_column_div av-zero-column-padding first  avia-builder-el-0  el_before_av_one_full  avia-builder-el-first  \" style='border-radius:0px; '><div  class='avia-image-container  av-styling-    avia-builder-el-1  avia-builder-el-no-sibling  avia-align-center '  itemprop=\"image\" itemscope=\"itemscope\" itemtype=\"https:\/\/schema.org\/ImageObject\"  ><div class='avia-image-container-inner'><div class='avia-image-overlay-wrap'><img decoding=\"async\" class='wp-image-38362 avia-img-lazy-loading-not-38362 avia_image' src=\"https:\/\/radiorevelacionfm.cl\/wp-content\/uploads\/2023\/12\/JOSEFINA-4-1-1.jpg\" alt='' title='JOSEFINA 4 (1) (1)' height=\"600\" width=\"1067\"  itemprop=\"thumbnailUrl\" srcset=\"https:\/\/radiorevelacionfm.cl\/wp-content\/uploads\/2023\/12\/JOSEFINA-4-1-1.jpg 1067w, https:\/\/radiorevelacionfm.cl\/wp-content\/uploads\/2023\/12\/JOSEFINA-4-1-1-300x169.jpg 300w, https:\/\/radiorevelacionfm.cl\/wp-content\/uploads\/2023\/12\/JOSEFINA-4-1-1-1030x579.jpg 1030w, https:\/\/radiorevelacionfm.cl\/wp-content\/uploads\/2023\/12\/JOSEFINA-4-1-1-768x432.jpg 768w, https:\/\/radiorevelacionfm.cl\/wp-content\/uploads\/2023\/12\/JOSEFINA-4-1-1-705x396.jpg 705w, https:\/\/radiorevelacionfm.cl\/wp-content\/uploads\/2023\/12\/JOSEFINA-4-1-1-450x253.jpg 450w, https:\/\/radiorevelacionfm.cl\/wp-content\/uploads\/2023\/12\/JOSEFINA-4-1-1-600x337.jpg 600w\" sizes=\"(max-width: 1067px) 100vw, 1067px\" \/><\/div><\/div><\/div><\/div><div class=\"flex_column av_one_full  flex_column_div av-zero-column-padding first  avia-builder-el-2  el_after_av_one_full  el_before_av_one_full  column-top-margin\" style='border-radius:0px; '><section class=\"av_textblock_section \"  itemscope=\"itemscope\" itemtype=\"https:\/\/schema.org\/BlogPosting\" itemprop=\"blogPost\" ><div class='avia_textblock  '   itemprop=\"text\" ><p style=\"text-align: center;\"><strong><span style=\"font-size: 18pt;\">En Puerto Ays\u00e9n reconocen como \u201cciudadana ilustre\u201d a la religiosa Josefina del Collado<\/span><\/strong><\/p>\n<div id=\"gtx-trans\" style=\"position: absolute; left: -50px; top: 4.31534px;\">\n<div class=\"gtx-trans-icon\"><\/div>\n<\/div>\n<\/div><\/section><\/div><div class=\"flex_column av_one_full  flex_column_div av-zero-column-padding first  avia-builder-el-4  el_after_av_one_full  el_before_av_hr  column-top-margin\" style='border-radius:0px; '><section class=\"av_textblock_section \"  itemscope=\"itemscope\" itemtype=\"https:\/\/schema.org\/BlogPosting\" itemprop=\"blogPost\" ><div class='avia_textblock  '   itemprop=\"text\" ><p style=\"text-align: justify;\"><em>En los pr\u00f3ximos meses la querida \u201cMadre Josefina\u201d regresar\u00e1 a su tierra de origen, Espa\u00f1a y es por ello que se origin\u00f3 este reconocimiento, instancia que validaron muchos vecinos, dirigentes, sobre todo del sector Pedro Aguirre Cerda de Puerto Ays\u00e9n.<\/em><\/p>\n<p style=\"text-align: justify;\">En una emotiva ceremonia, este mi\u00e9rcoles el Concejo Municipal de Ays\u00e9n, liderado por el Alcalde Julio Uribe Alvarado, reconoci\u00f3 a la religiosa, Sierva de San Jos\u00e9, Josefina del Collado, quien lleg\u00f3 muy joven a evangelizar el territorio, realizar un trabajo centrado en la fe a Dios, pero con un amplio esp\u00edritu solidario y de ayuda a muchas familias de la regi\u00f3n.<\/p>\n<p style=\"text-align: justify;\">En la actividad, la religiosa estuvo acompa\u00f1ada de otras integrantes de las Siervas de San Jos\u00e9, vecinos, vecinas, dirigentes, quienes validaron el reconocimiento a quien ha entregado d\u00e9cadas en bien del pr\u00f3jimo, colaborando con mujeres, entregando capacitaciones, cursos, talleres, espacios para crecer e iniciar emprendimientos.<\/p>\n<p style=\"text-align: justify;\">Tambi\u00e9n los testimonios destacan el gran coraz\u00f3n de Josefina del Collado, quien cre\u00f3 comedores solidarios en el sector de la Capilla Sagrado Coraz\u00f3n de Jes\u00fas, donde los fines de semana se entregaban desayunos, almuerzos, se realizaban actividades, se crearon grupos juveniles y hubo un amplio trabajo en bien de ni\u00f1os, ni\u00f1as y adolescentes.<\/p>\n<p style=\"text-align: justify;\">Todo esto y mucho, sirvi\u00f3 de sustento para decretar que, Josefina del Collado, se merec\u00eda el reconcomiendo de ciudadana ilustre de la comuna de Ays\u00e9n. \u201cEstamos muy orgullosos de haber realizado este homenaje, creo que Madre Josefina del Collado, dej\u00f3 una huella muy grande para los ayseninos, sobre todo para el sector Pedro Aguirre Cerda y el Concejo Municipal ha querido reconocerla como ciudadana ilustre y eso es muy importante. Felicitar el gran trabajo que han hecho las Siervas de San Jos\u00e9 en nuestra comunidad, algo que hoy hemos estado reconociendo a trav\u00e9s de la religiosa Josefina del Collado\u201d.<\/p>\n<p style=\"text-align: justify;\">Por su parte, Josefina del Collado, agradeci\u00f3 el reconocimiento, recordando de paso parte de su trabajo realizado con la comunidad.<\/p>\n<p style=\"text-align: justify;\">\u201cMe siento muy agradecida por este homenaje que me ha hecho la comunidad. Uno de las primeras actividades fueron los encuentros que ten\u00edamos en el hogar con los ni\u00f1os que ven\u00edan desde Puerto Cisnes, Puerto Aguirre. Se entreg\u00f3 tambi\u00e9n mucha formaci\u00f3n en la parte t\u00e9cnica en la escuela y aqu\u00ed en la catedral, ten\u00edamos el hogar con ni\u00f1as y tambi\u00e9n cuando sal\u00edamos a los pueblos, porque eran muy variadas las actividades que ten\u00edamos aqu\u00ed en el colegio\u201d.<\/p>\n<p style=\"text-align: justify;\">Recuerda igualmente la Madre Josefina, como se reun\u00edan los alimentos para entregar desayunos y almuerzos los fines de semana a los ni\u00f1os del sector Pedro Aguirre Cerda.<\/p>\n<p style=\"text-align: justify;\">\u201cEso fue muy valioso y yo tengo gratos recuerdos, donde varias abuelitas que ya se me fueron, sal\u00edan los d\u00edas viernes a los negocios para que les dieron huesitos, una papita, ajos, para sentar la olla y luego ven\u00edan cientos de ni\u00f1os los s\u00e1bados y domingos, era algo muy gratificante. Tambi\u00e9n los ni\u00f1os de esa \u00e9poca, cuando me ven por ah\u00ed, me dicen, era muy rica su comida y como gozaban ellos de ir a la iglesia, porque despu\u00e9s jugaban, hac\u00edamos fiestas para el Sagrado Coraz\u00f3n, era algo muy bonito y todas las familias que participaban\u201d.<\/p>\n<p style=\"text-align: justify;\">Josefina del Collado, quiso dejar un mensaje con mucho cari\u00f1o a todos y todas quienes la conocen, como as\u00ed tambi\u00e9n, a toda la comunidad. \u201cQue prime la unidad, la armon\u00eda, la paz, eso ser\u00eda para m\u00ed lo m\u00e1s grande que puede tener una persona, tambi\u00e9n, amarnos, perdonarnos, querernos y ser una comunidad unidad, eso es lo que yo m\u00e1s a\u00f1oro siempre\u201d.<\/p>\n<p style=\"text-align: justify;\">En la ceremonia se exhibi\u00f3 un video, donde fueron muchos los testimonios que dieron cuenta de la hermosa persona que ha sido Josefina del Collado, religiosa, educadora, quien luch\u00f3 por dar espacio a las mujeres, que tengan las herramientas para independizarse y contar con los conocimientos para levantar sus emprendimientos. Sumado a esto, la entrega de su tiempo a trabajar con ni\u00f1os y j\u00f3venes, sembrando en algunos de ellos el amor a Dios, el ejemplo es el p\u00e1rroco de Puerto Ays\u00e9n, Jos\u00e9 Vera, quien en emotivas palabras agradeci\u00f3 el cari\u00f1o entregado por Josefina, se\u00f1alando que fue su \u201cmadre\u201d, quien la acompa\u00f1\u00f3 y encamino por un camino de fe y solidaridad.<\/p>\n<\/div><\/section><\/div><div  style='height:50px' class='hr hr-invisible   avia-builder-el-6  el_after_av_one_full  el_before_av_social_share '><span class='hr-inner ' ><span class='hr-inner-style'><\/span><\/span><\/div><\/p>\n<div  class='av-social-sharing-box  avia-builder-el-7  el_after_av_hr  el_before_av_hr  '><div class='av-share-box'><h5 class='av-share-link-description av-no-toc '>Compartir esta noticia<\/h5><ul class='av-share-box-list noLightbox'><li class='av-share-link av-social-link-facebook' ><a target=\"_blank\" aria-label=\"Compartir en Facebook\" href='https:\/\/www.facebook.com\/sharer.php?u=https:\/\/radiorevelacionfm.cl\/?p=38361&#038;t=En%20Puerto%20Ays%C3%A9n%20reconocen%20como%20%E2%80%9Cciudadana%20ilustre%E2%80%9D%20a%20la%20religiosa%20Josefina%20del%20Collado' aria-hidden='false' data-av_icon='\ue8f3' data-av_iconfont='entypo-fontello' title='' data-avia-related-tooltip='Compartir en Facebook' rel=\"noopener\"><span class='avia_hidden_link_text'>Compartir en Facebook<\/span><\/a><\/li><li class='av-share-link av-social-link-twitter' ><a target=\"_blank\" aria-label=\"Compartir en Twitter\" href='https:\/\/twitter.com\/share?text=En%20Puerto%20Ays%C3%A9n%20reconocen%20como%20%E2%80%9Cciudadana%20ilustre%E2%80%9D%20a%20la%20religiosa%20Josefina%20del%20Collado&#038;url=https:\/\/radiorevelacionfm.cl\/?p=38361' aria-hidden='false' data-av_icon='\ue8f1' data-av_iconfont='entypo-fontello' title='' data-avia-related-tooltip='Compartir en Twitter' rel=\"noopener\"><span class='avia_hidden_link_text'>Compartir en Twitter<\/span><\/a><\/li><li class='av-share-link av-social-link-whatsapp' ><a target=\"_blank\" aria-label=\"Compartir en Whatsapp\" href='https:\/\/api.whatsapp.com\/send?text=https:\/\/radiorevelacionfm.cl\/?p=38361' aria-hidden='false' data-av_icon='\uf232' data-av_iconfont='entypo-fontello' title='' data-avia-related-tooltip='Compartir en Whatsapp' rel=\"noopener\"><span class='avia_hidden_link_text'>Compartir en Whatsapp<\/span><\/a><\/li><li class='av-share-link av-social-link-linkedin' ><a target=\"_blank\" aria-label=\"Compartir en LinkedIn\" href='https:\/\/linkedin.com\/shareArticle?mini=true&#038;title=En%20Puerto%20Ays%C3%A9n%20reconocen%20como%20%E2%80%9Cciudadana%20ilustre%E2%80%9D%20a%20la%20religiosa%20Josefina%20del%20Collado&#038;url=https:\/\/radiorevelacionfm.cl\/?p=38361' aria-hidden='false' data-av_icon='\ue8fc' data-av_iconfont='entypo-fontello' title='' data-avia-related-tooltip='Compartir en LinkedIn' rel=\"noopener\"><span class='avia_hidden_link_text'>Compartir en LinkedIn<\/span><\/a><\/li><li class='av-share-link av-social-link-mail' ><a  aria-label=\"Compartir por correo\" href='mailto:?subject=En%20Puerto%20Ays%C3%A9n%20reconocen%20como%20%E2%80%9Cciudadana%20ilustre%E2%80%9D%20a%20la%20religiosa%20Josefina%20del%20Collado&#038;body=https:\/\/radiorevelacionfm.cl\/?p=38361' aria-hidden='false' data-av_icon='\ue805' data-av_iconfont='entypo-fontello' title='' data-avia-related-tooltip='Compartir por correo'><span class='avia_hidden_link_text'>Compartir por correo<\/span><\/a><\/li><\/ul><\/div><\/div>\n<div  style='height:50px' class='hr hr-invisible   avia-builder-el-8  el_after_av_social_share  el_before_av_comments_list '><span class='hr-inner ' ><span class='hr-inner-style'><\/span><\/span><\/div>\n<div  class='av-buildercomment  av-blog-meta-html-info-disabled av-blog-meta-tag-disabled  '><\/div>\n","protected":false},"excerpt":{"rendered":"","protected":false},"author":1,"featured_media":38362,"comment_status":"open","ping_status":"open","sticky":false,"template":"","format":"standard","meta":{"footnotes":""},"categories":[38],"tags":[],"class_list":["post-38361","post","type-post","status-publish","format-standard","has-post-thumbnail","hentry","category-regional"],"jetpack_featured_media_url":"https:\/\/radiorevelacionfm.cl\/wp-content\/uploads\/2023\/12\/JOSEFINA-4-1-1.jpg","_links":{"self":[{"href":"https:\/\/radiorevelacionfm.cl\/index.php?rest_route=\/wp\/v2\/posts\/38361","targetHints":{"allow":["GET"]}}],"collection":[{"href":"https:\/\/radiorevelacionfm.cl\/index.php?rest_route=\/wp\/v2\/posts"}],"about":[{"href":"https:\/\/radiorevelacionfm.cl\/index.php?rest_route=\/wp\/v2\/types\/post"}],"author":[{"embeddable":true,"href":"https:\/\/radiorevelacionfm.cl\/index.php?rest_route=\/wp\/v2\/users\/1"}],"replies":[{"embeddable":true,"href":"https:\/\/radiorevelacionfm.cl\/index.php?rest_route=%2Fwp%2Fv2%2Fcomments&post=38361"}],"version-history":[{"count":1,"href":"https:\/\/radiorevelacionfm.cl\/index.php?rest_route=\/wp\/v2\/posts\/38361\/revisions"}],"predecessor-version":[{"id":38363,"href":"https:\/\/radiorevelacionfm.cl\/index.php?rest_route=\/wp\/v2\/posts\/38361\/revisions\/38363"}],"wp:featuredmedia":[{"embeddable":true,"href":"https:\/\/radiorevelacionfm.cl\/index.php?rest_route=\/wp\/v2\/media\/38362"}],"wp:attachment":[{"href":"https:\/\/radiorevelacionfm.cl\/index.php?rest_route=%2Fwp%2Fv2%2Fmedia&parent=38361"}],"wp:term":[{"taxonomy":"category","embeddable":true,"href":"https:\/\/radiorevelacionfm.cl\/index.php?rest_route=%2Fwp%2Fv2%2Fcategories&post=38361"},{"taxonomy":"post_tag","embeddable":true,"href":"https:\/\/radiorevelacionfm.cl\/index.php?rest_route=%2Fwp%2Fv2%2Ftags&post=38361"}],"curies":[{"name":"wp","href":"https:\/\/api.w.org\/{rel}","templated":true}]}}