{"id":38356,"date":"2023-12-27T16:56:32","date_gmt":"2023-12-27T19:56:32","guid":{"rendered":"https:\/\/radiorevelacionfm.cl\/?p=38356"},"modified":"2023-12-27T17:09:51","modified_gmt":"2023-12-27T20:09:51","slug":"en-aysen-conaf-reitera-llamado-a-la-prevencion-de-incendios-forestales","status":"publish","type":"post","link":"https:\/\/radiorevelacionfm.cl\/?p=38356","title":{"rendered":"En Ays\u00e9n: Conaf reitera llamado a la prevenci\u00f3n de incendios forestales"},"content":{"rendered":"<div class=\"flex_column av_one_full  flex_column_div av-zero-column-padding first  avia-builder-el-0  el_before_av_one_full  avia-builder-el-first  \" style='border-radius:0px; '><div  class='avia-image-container  av-styling-    avia-builder-el-1  avia-builder-el-no-sibling  avia-align-center '  itemprop=\"image\" itemscope=\"itemscope\" itemtype=\"https:\/\/schema.org\/ImageObject\"  ><div class='avia-image-container-inner'><div class='avia-image-overlay-wrap'><img decoding=\"async\" class='wp-image-38357 avia-img-lazy-loading-not-38357 avia_image' src=\"https:\/\/radiorevelacionfm.cl\/wp-content\/uploads\/2023\/12\/8-27-2-1.jpg\" alt='' title='8 (27) (2) (1)' height=\"600\" width=\"798\"  itemprop=\"thumbnailUrl\" srcset=\"https:\/\/radiorevelacionfm.cl\/wp-content\/uploads\/2023\/12\/8-27-2-1.jpg 798w, https:\/\/radiorevelacionfm.cl\/wp-content\/uploads\/2023\/12\/8-27-2-1-300x226.jpg 300w, https:\/\/radiorevelacionfm.cl\/wp-content\/uploads\/2023\/12\/8-27-2-1-768x577.jpg 768w, https:\/\/radiorevelacionfm.cl\/wp-content\/uploads\/2023\/12\/8-27-2-1-705x530.jpg 705w, https:\/\/radiorevelacionfm.cl\/wp-content\/uploads\/2023\/12\/8-27-2-1-450x338.jpg 450w, https:\/\/radiorevelacionfm.cl\/wp-content\/uploads\/2023\/12\/8-27-2-1-600x451.jpg 600w\" sizes=\"(max-width: 798px) 100vw, 798px\" \/><\/div><\/div><\/div><\/div>\n<div class=\"flex_column av_one_full  flex_column_div av-zero-column-padding first  avia-builder-el-2  el_after_av_one_full  el_before_av_one_full  column-top-margin\" style='border-radius:0px; '><section class=\"av_textblock_section \"  itemscope=\"itemscope\" itemtype=\"https:\/\/schema.org\/BlogPosting\" itemprop=\"blogPost\" ><div class='avia_textblock  '   itemprop=\"text\" ><p style=\"text-align: center;\"><strong><span style=\"font-size: 18pt;\">En Ays\u00e9n: Conaf reitera llamado a la prevenci\u00f3n de incendios forestales<\/span><\/strong><\/p>\n<div id=\"gtx-trans\" style=\"position: absolute; left: -50px; top: 4.31534px;\">\n<div class=\"gtx-trans-icon\"><\/div>\n<\/div>\n<\/div><\/section><\/div>\n<div class=\"flex_column av_one_full  flex_column_div av-zero-column-padding first  avia-builder-el-4  el_after_av_one_full  el_before_av_hr  column-top-margin\" style='border-radius:0px; '><section class=\"av_textblock_section \"  itemscope=\"itemscope\" itemtype=\"https:\/\/schema.org\/BlogPosting\" itemprop=\"blogPost\" ><div class='avia_textblock  '   itemprop=\"text\" ><p style=\"text-align: justify;\">Desde que comenz\u00f3 el periodo de mayor riesgo de ocurrencia de incendios forestales ya se han registrado 7 siniestros en la regi\u00f3n de Ays\u00e9n. Y si bien esto \u00a0representa un 36% menos respecto de igual fecha del a\u00f1o pasado, hay que considerar que las condiciones atmosf\u00e9ricas del verano 2023-2024 ser\u00e1n cada d\u00eda son m\u00e1s favorables para este tipo de emergencias.<\/p>\n<p style=\"text-align: justify;\">En este sentido, la direcci\u00f3n regional de CONAF ha instruido un despliegue especial de sus brigadistas y equipos con la finalidad de promover y reforzar la prevenci\u00f3n de eventuales emergencias producidas por el fuego.<\/p>\n<p style=\"text-align: justify;\">Es as\u00ed como este mi\u00e9rcoles se llev\u00f3 a cabo una intervenci\u00f3n regional con despliegue de todas las brigadas y personal t\u00e9cnico de CONAF en puntos estrat\u00e9gicos desde la Junta, por el norte, hasta Cochrane, por el sur.<\/p>\n<p style=\"text-align: justify;\">Al respecto, el director regional (i) de CONAF, Ronald Valenzuela, indic\u00f3 que: \u201cHemos hecho todo lo necesario para estar preparados y enfrentar las emergencias que se pudieran producir esta temporada estival. Todas nuestras unidades terrestres tradicionales est\u00e1n 100% operativas e incluso hemos agregado una modalidad de cobertura nocturna que no ten\u00edamos para dar protecci\u00f3n a la interfaz de Coyhaique. Pero adem\u00e1s, por primera vez nuestra regi\u00f3n cuenta con dos helic\u00f3pteros para complementar el trabajo de nuestras brigadas institucionales, de las brigadas del Ej\u00e9rcito, de Carabineros y Bomberos de Chile.\u201d<\/p>\n<p style=\"text-align: justify;\">En este mismo sentido, Ronald Valenzuela relev\u00f3 las mejoras incorporadas gracias al aporte presupuestario extraordinario del Gobierno de un 47%, respecto del periodo anterior.<\/p>\n<p style=\"text-align: justify;\">\u201cComo Estado hemos aportado con financiamiento y equipos;\u00a0 sin embargo, creemos que se \u00a0requiere de un complemento m\u00e1s importante para evitar incendios forestales, y ese es el compromiso y responsabilidad de todos los habitantes de la regi\u00f3n de Ays\u00e9n y de quienes nos visitan. Es muy importante en todo momento tener presente medidas de prevenci\u00f3n para evitar incendios, como no lanzar f\u00f3sforos o colillas de cigarros encendidas, no encender fuego al aire libre en lugares no habilitados, y tener siempre presente que si ven humo en zonas con vegetaci\u00f3n deben llamar inmediatamente al #130\u201d, indic\u00f3 el director regional (i) de CONAF.<\/p>\n<p style=\"text-align: justify;\">Cabe se\u00f1alar que la Corporaci\u00f3n Nacional Forestal mantiene un permanente y s\u00f3lido programa de prevenci\u00f3n de incendios forestales, expresado a trav\u00e9s de una serie de acciones sistem\u00e1ticas entre las que se encuentran la intervenci\u00f3n regional de este mi\u00e9rcoles.<\/p>\n<p style=\"text-align: justify;\">\u201cComo CONAF, queremos saludar fraternalmente a nuestra comunidad en estas Fiestas de Fin de A\u00f1o, poniendo el \u00e9nfasis en disfrutar el verano pero con responsabilidad y sin olvidar que el 99% de los incendios son responsabilidad humana, por lo que nuestras conductas definir\u00e1n lo que ocurra durante este periodo en nuestra regi\u00f3n. Prevenir un incendio forestal es m\u00e1s f\u00e1cil que combatirlo, y de todos nosotros depende que nuestra regi\u00f3n est\u00e9 libre de ellos\u201d, concluy\u00f3 el director.<\/p>\n<\/div><\/section><\/div><div  style='height:50px' class='hr hr-invisible   avia-builder-el-6  el_after_av_one_full  el_before_av_social_share '><span class='hr-inner ' ><span class='hr-inner-style'><\/span><\/span><\/div><\/p>\n<div  class='av-social-sharing-box  avia-builder-el-7  el_after_av_hr  el_before_av_hr  '><div class='av-share-box'><h5 class='av-share-link-description av-no-toc '>Compartir esta noticia<\/h5><ul class='av-share-box-list noLightbox'><li class='av-share-link av-social-link-facebook' ><a target=\"_blank\" aria-label=\"Compartir en Facebook\" href='https:\/\/www.facebook.com\/sharer.php?u=https:\/\/radiorevelacionfm.cl\/?p=38356&#038;t=En%20Ays%C3%A9n%3A%20Conaf%20reitera%20llamado%20a%20la%20prevenci%C3%B3n%20de%20incendios%20forestales' aria-hidden='false' data-av_icon='\ue8f3' data-av_iconfont='entypo-fontello' title='' data-avia-related-tooltip='Compartir en Facebook' rel=\"noopener\"><span class='avia_hidden_link_text'>Compartir en Facebook<\/span><\/a><\/li><li class='av-share-link av-social-link-twitter' ><a target=\"_blank\" aria-label=\"Compartir en Twitter\" href='https:\/\/twitter.com\/share?text=En%20Ays%C3%A9n%3A%20Conaf%20reitera%20llamado%20a%20la%20prevenci%C3%B3n%20de%20incendios%20forestales&#038;url=https:\/\/radiorevelacionfm.cl\/?p=38356' aria-hidden='false' data-av_icon='\ue8f1' data-av_iconfont='entypo-fontello' title='' data-avia-related-tooltip='Compartir en Twitter' rel=\"noopener\"><span class='avia_hidden_link_text'>Compartir en Twitter<\/span><\/a><\/li><li class='av-share-link av-social-link-whatsapp' ><a target=\"_blank\" aria-label=\"Compartir en Whatsapp\" href='https:\/\/api.whatsapp.com\/send?text=https:\/\/radiorevelacionfm.cl\/?p=38356' aria-hidden='false' data-av_icon='\uf232' data-av_iconfont='entypo-fontello' title='' data-avia-related-tooltip='Compartir en Whatsapp' rel=\"noopener\"><span class='avia_hidden_link_text'>Compartir en Whatsapp<\/span><\/a><\/li><li class='av-share-link av-social-link-linkedin' ><a target=\"_blank\" aria-label=\"Compartir en LinkedIn\" href='https:\/\/linkedin.com\/shareArticle?mini=true&#038;title=En%20Ays%C3%A9n%3A%20Conaf%20reitera%20llamado%20a%20la%20prevenci%C3%B3n%20de%20incendios%20forestales&#038;url=https:\/\/radiorevelacionfm.cl\/?p=38356' aria-hidden='false' data-av_icon='\ue8fc' data-av_iconfont='entypo-fontello' title='' data-avia-related-tooltip='Compartir en LinkedIn' rel=\"noopener\"><span class='avia_hidden_link_text'>Compartir en LinkedIn<\/span><\/a><\/li><li class='av-share-link av-social-link-mail' ><a  aria-label=\"Compartir por correo\" href='mailto:?subject=En%20Ays%C3%A9n%3A%20Conaf%20reitera%20llamado%20a%20la%20prevenci%C3%B3n%20de%20incendios%20forestales&#038;body=https:\/\/radiorevelacionfm.cl\/?p=38356' aria-hidden='false' data-av_icon='\ue805' data-av_iconfont='entypo-fontello' title='' data-avia-related-tooltip='Compartir por correo'><span class='avia_hidden_link_text'>Compartir por correo<\/span><\/a><\/li><\/ul><\/div><\/div>\n<div  style='height:50px' class='hr hr-invisible   avia-builder-el-8  el_after_av_social_share  el_before_av_comments_list '><span class='hr-inner ' ><span class='hr-inner-style'><\/span><\/span><\/div>\n<div  class='av-buildercomment  av-blog-meta-html-info-disabled av-blog-meta-tag-disabled  '><\/div>\n","protected":false},"excerpt":{"rendered":"","protected":false},"author":1,"featured_media":38357,"comment_status":"open","ping_status":"open","sticky":false,"template":"","format":"standard","meta":{"footnotes":""},"categories":[38],"tags":[],"class_list":["post-38356","post","type-post","status-publish","format-standard","has-post-thumbnail","hentry","category-regional"],"jetpack_featured_media_url":"https:\/\/radiorevelacionfm.cl\/wp-content\/uploads\/2023\/12\/8-27-2-1.jpg","_links":{"self":[{"href":"https:\/\/radiorevelacionfm.cl\/index.php?rest_route=\/wp\/v2\/posts\/38356","targetHints":{"allow":["GET"]}}],"collection":[{"href":"https:\/\/radiorevelacionfm.cl\/index.php?rest_route=\/wp\/v2\/posts"}],"about":[{"href":"https:\/\/radiorevelacionfm.cl\/index.php?rest_route=\/wp\/v2\/types\/post"}],"author":[{"embeddable":true,"href":"https:\/\/radiorevelacionfm.cl\/index.php?rest_route=\/wp\/v2\/users\/1"}],"replies":[{"embeddable":true,"href":"https:\/\/radiorevelacionfm.cl\/index.php?rest_route=%2Fwp%2Fv2%2Fcomments&post=38356"}],"version-history":[{"count":3,"href":"https:\/\/radiorevelacionfm.cl\/index.php?rest_route=\/wp\/v2\/posts\/38356\/revisions"}],"predecessor-version":[{"id":38360,"href":"https:\/\/radiorevelacionfm.cl\/index.php?rest_route=\/wp\/v2\/posts\/38356\/revisions\/38360"}],"wp:featuredmedia":[{"embeddable":true,"href":"https:\/\/radiorevelacionfm.cl\/index.php?rest_route=\/wp\/v2\/media\/38357"}],"wp:attachment":[{"href":"https:\/\/radiorevelacionfm.cl\/index.php?rest_route=%2Fwp%2Fv2%2Fmedia&parent=38356"}],"wp:term":[{"taxonomy":"category","embeddable":true,"href":"https:\/\/radiorevelacionfm.cl\/index.php?rest_route=%2Fwp%2Fv2%2Fcategories&post=38356"},{"taxonomy":"post_tag","embeddable":true,"href":"https:\/\/radiorevelacionfm.cl\/index.php?rest_route=%2Fwp%2Fv2%2Ftags&post=38356"}],"curies":[{"name":"wp","href":"https:\/\/api.w.org\/{rel}","templated":true}]}}