{"id":38353,"date":"2023-12-27T16:06:01","date_gmt":"2023-12-27T19:06:01","guid":{"rendered":"https:\/\/radiorevelacionfm.cl\/?p=38353"},"modified":"2023-12-27T16:06:01","modified_gmt":"2023-12-27T19:06:01","slug":"mas-de-11-mil-personas-seran-beneficiadas-en-aysen-con-ley-de-conciliacion-de-vida-personal-familiar-y-laboral","status":"publish","type":"post","link":"https:\/\/radiorevelacionfm.cl\/?p=38353","title":{"rendered":"M\u00e1s de 11 mil personas ser\u00e1n beneficiadas en Ays\u00e9n con Ley de Conciliaci\u00f3n de Vida Personal, Familiar y Laboral"},"content":{"rendered":"<div class=\"flex_column av_one_full  flex_column_div av-zero-column-padding first  avia-builder-el-0  el_before_av_one_full  avia-builder-el-first  \" style='border-radius:0px; '><div  class='avia-image-container  av-styling-    avia-builder-el-1  avia-builder-el-no-sibling  avia-align-center '  itemprop=\"image\" itemscope=\"itemscope\" itemtype=\"https:\/\/schema.org\/ImageObject\"  ><div class='avia-image-container-inner'><div class='avia-image-overlay-wrap'><img decoding=\"async\" class='wp-image-38354 avia-img-lazy-loading-not-38354 avia_image' src=\"https:\/\/radiorevelacionfm.cl\/wp-content\/uploads\/2023\/12\/img_8347-1_optimized.jpg\" alt='' title='img_8347-(1)_optimized' height=\"600\" width=\"906\"  itemprop=\"thumbnailUrl\" srcset=\"https:\/\/radiorevelacionfm.cl\/wp-content\/uploads\/2023\/12\/img_8347-1_optimized.jpg 906w, https:\/\/radiorevelacionfm.cl\/wp-content\/uploads\/2023\/12\/img_8347-1_optimized-300x199.jpg 300w, https:\/\/radiorevelacionfm.cl\/wp-content\/uploads\/2023\/12\/img_8347-1_optimized-768x509.jpg 768w, https:\/\/radiorevelacionfm.cl\/wp-content\/uploads\/2023\/12\/img_8347-1_optimized-705x467.jpg 705w, https:\/\/radiorevelacionfm.cl\/wp-content\/uploads\/2023\/12\/img_8347-1_optimized-450x298.jpg 450w, https:\/\/radiorevelacionfm.cl\/wp-content\/uploads\/2023\/12\/img_8347-1_optimized-600x397.jpg 600w\" sizes=\"(max-width: 906px) 100vw, 906px\" \/><\/div><\/div><\/div><\/div><div class=\"flex_column av_one_full  flex_column_div av-zero-column-padding first  avia-builder-el-2  el_after_av_one_full  el_before_av_one_full  column-top-margin\" style='border-radius:0px; '><section class=\"av_textblock_section \"  itemscope=\"itemscope\" itemtype=\"https:\/\/schema.org\/BlogPosting\" itemprop=\"blogPost\" ><div class='avia_textblock  '   itemprop=\"text\" ><p style=\"font-weight: 400; text-align: center;\"><span style=\"font-size: 18pt;\"><strong>M\u00e1s de 11 mil personas ser\u00e1n beneficiadas en Ays\u00e9n con <\/strong><strong>Ley de Conciliaci\u00f3n de Vida Personal, Familiar y Laboral<\/strong><\/span><\/p>\n<div id=\"gtx-trans\" style=\"position: absolute; left: -50px; top: 4.31534px;\">\n<div class=\"gtx-trans-icon\"><\/div>\n<\/div>\n<\/div><\/section><\/div><div class=\"flex_column av_one_full  flex_column_div av-zero-column-padding first  avia-builder-el-4  el_after_av_one_full  el_before_av_hr  column-top-margin\" style='border-radius:0px; '><section class=\"av_textblock_section \"  itemscope=\"itemscope\" itemtype=\"https:\/\/schema.org\/BlogPosting\" itemprop=\"blogPost\" ><div class='avia_textblock  '   itemprop=\"text\" ><p style=\"font-weight: 400; text-align: justify;\">M\u00e1s de once mil personas se ver\u00e1n beneficiadas en la Regi\u00f3n de Ays\u00e9n con la nueva Ley de Conciliaci\u00f3n de la Vida Personal, Familiar y Laboral.<\/p>\n<p style=\"font-weight: 400; text-align: justify;\">As\u00ed lo informaron este mi\u00e9rcoles el Delegado Presidencial Regional, Rodrigo Araya, junto a los seremis del Trabajo y Previsi\u00f3n Social, Rodrigo D\u00edaz, de la Mujer y Equidad de G\u00e9nero, Andrea M\u00e9ndez, y de Gobierno (s), Samuel Navarro, junto a dirigentes y representantes de organizaciones sociales.<\/p>\n<p style=\"font-weight: 400; text-align: justify;\">Rodrigo Araya indic\u00f3 que la ley entrar\u00e1 en vigencia 30 d\u00edas despu\u00e9s de su publicaci\u00f3n en el Diario Oficial y contempla, entre otras cosas, otorgar a las y los trabajadores a cargo de un ni\u00f1o o ni\u00f1a menor de 14 a\u00f1os o adolescente menor de 18 a\u00f1os con discapacidad o en situaci\u00f3n de dependencia el derecho y regulaci\u00f3n del teletrabajo, y prioridad al momento de solicitar el feriado legal.<\/p>\n<p style=\"font-weight: 400; text-align: justify;\">\u201cDispone las herramientas para que las personas puedan -en acuerdo con sus empleadores-, disponer de m\u00e1s tiempo para desarrollar las labores de cuidado, tanto en la \u00e9poca de vacaciones escolares, en particular, madres y padres que tienen a su cuidado menores de 14 a\u00f1os, menores de 18 a\u00f1os con alguna discapacidad y personas de toda edad que tengan alguna discapacidad moderada o severa y requieran cuidado\u201d, se\u00f1al\u00f3.<\/p>\n<p style=\"font-weight: 400; text-align: justify;\">Viviana Andrade, de la Agrupaci\u00f3n TEAcompa\u00f1amos, valor\u00f3 la normativa. \u201cSoy mam\u00e1 de un joven TEA y me parece un gran avance que se haya promulgado esta ley para las personas, mam\u00e1s o pap\u00e1s, puedan ejercer su derecho de cuidadores ante esta condici\u00f3n, que se requiere de harta empat\u00eda, voluntad de los empleadores, para ejercer el derecho a estar con nuestros ni\u00f1os cuando ellos se desregulan<\/p>\n<p style=\"font-weight: 400; text-align: justify;\">El seremi Rodrigo D\u00edaz coincidi\u00f3 en que \u201cConciliar el tiempo del trabajo remunerado con las labores de cuidado, siempre ha sido complejo y hoy d\u00eda avanzamos \u00a0en esto. Se modifica el art\u00edculo segundo del C\u00f3digo del Trabajo y con ello se reconoce que las labores de cuidado para nuestro Gobierno y para nuestro pa\u00eds son fundamentales. Se trata de labores que generalmente se invisibilizan y recaen sobre las mujeres. Hoy buscamos que esto se equilibre, partiendo por el sector privado\u201d.<\/p>\n<p style=\"font-weight: 400; text-align: justify;\">La seremi de la Mujer y Equidad de G\u00e9nero destac\u00f3 que \u201clos mecanismos de conciliaci\u00f3n tambi\u00e9n pueden ser utilizados por los varones, es decir, es un avance significativo en otorgar responsabilidades de cuidado a los padres y es un elemento que consagra nuestra ley, hablando de responsabilidades maternales y paternales\u201d.<\/p>\n<p style=\"font-weight: 400; text-align: justify;\">Tambi\u00e9n entre los asistentes estuvieron Ana Mar\u00eda Tapia, Valeska Saldivia y Jos\u00e9 Acu\u00f1a Sobarzo todos quienes consideraron positiva la nueva ley.<\/p>\n<p style=\"font-weight: 400; text-align: justify;\">\u201cUna muy buena noticia tenemos hoy, de que se aprob\u00f3 esta nueva ley que favorece mucho a las personas que son cuidadoras de ni\u00f1os que tienen alg\u00fan tipo de discapacidad y que esto tambi\u00e9n pase al servicio p\u00fablico\u201d<\/p>\n<p style=\"font-weight: 400; text-align: justify;\"><strong>Algunos aspectos sobre la Ley<\/strong><\/p>\n<p style=\"font-weight: 400; text-align: justify;\"><strong>Feriado\u00a0\u00a0\u00a0\u00a0\u00a0\u00a0<\/strong><\/p>\n<ul style=\"text-align: justify;\">\n<li style=\"font-weight: 400;\">Un ni\u00f1o o ni\u00f1a menor de catorce a\u00f1os<\/li>\n<li style=\"font-weight: 400;\">Un adolescente menor de 18 a\u00f1os con discapacidad<\/li>\n<li style=\"font-weight: 400;\">Quienes tienen el cuidado de una persona con dependencia severa o moderada<\/li>\n<\/ul>\n<p style=\"font-weight: 400; text-align: justify;\"><strong>Distribuci\u00f3n de la jornada<\/strong><\/p>\n<ul style=\"text-align: justify;\">\n<li style=\"font-weight: 400;\">Durante el per\u00edodo de vacaciones definidas por el Ministerio de Educaci\u00f3n, cuando la naturaleza de sus funciones lo permita y la empresa funcione en un horario que sea compatible, las y los trabajadores se\u00f1alados, tendr\u00e1n derecho a que se modifiquen transitoriamente los turnos o la distribuci\u00f3n de jornada diaria y mensual.<\/li>\n<\/ul>\n<p style=\"font-weight: 400; text-align: justify;\"><strong>Jornada h\u00edbrida<\/strong><\/p>\n<ul style=\"text-align: justify;\">\n<li style=\"font-weight: 400;\">Derecho al trabajo a distancia o teletrabajo de las personas trabajadoras que desempe\u00f1an labores de cuidado no remunerado.<\/li>\n<li style=\"font-weight: 400;\">El empleador deber\u00e1 ofrecer a la persona trabajadora, seg\u00fan los criterios se\u00f1alados, que toda o parte de su jornada diaria\/semanal pueda ser desarrollada bajo la modalidad de trabajo a distancia o teletrabajo, en la medida que la naturaleza de sus funciones lo permita.<\/li>\n<li style=\"font-weight: 400;\">La persona trabajadora debe acreditar condici\u00f3n de cuidadora y proponer f\u00f3rmula de teletrabajo<\/li>\n<li style=\"font-weight: 400;\">El empleador debe responder la propuesta en 15 d\u00edas<\/li>\n<li style=\"font-weight: 400;\">Causal de oposici\u00f3n del empleador: cuando la naturaleza de las funciones no permite ejercicio de teletrabajo<\/li>\n<li style=\"font-weight: 400;\">Causal de oposici\u00f3n del empleador: inexistencia de condiciones de conectividad y de condiciones de seguridad y salud en el trabajo.<\/li>\n<li style=\"font-weight: 400;\">El derecho no supone cambios en las condiciones contractuales o una carga para el empleador de reemplazar con otros trabajadores.<\/li>\n<li style=\"font-weight: 400;\">Existe posibilidad de retracto para el empleador, en base a condiciones de oposici\u00f3n sobrevinientes.<\/li>\n<li style=\"font-weight: 400;\">El empleador tiene obligaci\u00f3n de dejar constancia de la f\u00f3rmula de teletrabajo que se implementar\u00e1.<\/li>\n<li style=\"font-weight: 400;\">Se aplican supletoriamente normas generales sobre teletrabajo.<\/li>\n<\/ul>\n<p style=\"font-weight: 400; text-align: justify;\"><strong>T\u00edtulo II del Libro II del C\u00f3digo del Trabajo<\/strong><\/p>\n<ul style=\"text-align: justify;\">\n<li style=\"font-weight: 400;\">Dice: \u201cDe la protecci\u00f3n a la maternidad y la paternidad y la conciliaci\u00f3n de la vida personal, familiar y laboral\u201d.<\/li>\n<li style=\"font-weight: 400;\">Se incluye la conciliaci\u00f3n.<\/li>\n<\/ul>\n<p style=\"font-weight: 400; text-align: justify;\"><strong>Principios y facultades de administraci\u00f3n del empleador\u00a0\u00a0\u00a0\u00a0\u00a0<\/strong><\/p>\n<ul style=\"text-align: justify;\">\n<li style=\"font-weight: 400;\">El t\u00edtulo se regir\u00e1 por los principios de parentalidad positiva, corresponsabilidad social y protecci\u00f3n a la maternidad y paternidad. Estos deber\u00e1n aplicarse, en concordancia con las responsabilidades y facultades de administraci\u00f3n que se reconoce al empleador, en el pleno ejercicio de las facultades de administraci\u00f3n y de organizaci\u00f3n de la actividad productiva del empleador.<\/li>\n<\/ul>\n<p style=\"font-weight: 400; text-align: justify;\"><strong>Pactos organizaciones sindicales\u00a0\u00a0\u00a0\u00a0\u00a0\u00a0\u00a0\u00a0\u00a0\u00a0\u00a0<\/strong><\/p>\n<ul>\n<li style=\"font-weight: 400; text-align: justify;\">Las organizaciones sindicales podr\u00e1n acordar con su empleador que, durante el per\u00edodo de vacaciones definido por el Ministerio de Educaci\u00f3n conforme al calendario del a\u00f1o escolar respectivo, las personas trabajadoras con los criterios se\u00f1alados, puedan solicitar la reducci\u00f3n transitoria de su jornada laboral durante todo o parte de dicho periodo, volviendo a las condiciones originalmente pactadas una vez finalizado.<\/li>\n<\/ul>\n<\/div><\/section><\/div><div  style='height:50px' class='hr hr-invisible   avia-builder-el-6  el_after_av_one_full  el_before_av_social_share '><span class='hr-inner ' ><span class='hr-inner-style'><\/span><\/span><\/div><\/p>\n<div  class='av-social-sharing-box  avia-builder-el-7  el_after_av_hr  el_before_av_hr  '><div class='av-share-box'><h5 class='av-share-link-description av-no-toc '>Compartir esta noticia<\/h5><ul class='av-share-box-list noLightbox'><li class='av-share-link av-social-link-facebook' ><a target=\"_blank\" aria-label=\"Compartir en Facebook\" href='https:\/\/www.facebook.com\/sharer.php?u=https:\/\/radiorevelacionfm.cl\/?p=38353&#038;t=M%C3%A1s%20de%2011%20mil%20personas%20ser%C3%A1n%20beneficiadas%20en%20Ays%C3%A9n%20con%20Ley%20de%20Conciliaci%C3%B3n%20de%20Vida%20Personal%2C%20Familiar%20y%20Laboral' aria-hidden='false' data-av_icon='\ue8f3' data-av_iconfont='entypo-fontello' title='' data-avia-related-tooltip='Compartir en Facebook' rel=\"noopener\"><span class='avia_hidden_link_text'>Compartir en Facebook<\/span><\/a><\/li><li class='av-share-link av-social-link-twitter' ><a target=\"_blank\" aria-label=\"Compartir en Twitter\" href='https:\/\/twitter.com\/share?text=M%C3%A1s%20de%2011%20mil%20personas%20ser%C3%A1n%20beneficiadas%20en%20Ays%C3%A9n%20con%20Ley%20de%20Conciliaci%C3%B3n%20de%20Vida%20Personal%2C%20Familiar%20y%20Laboral&#038;url=https:\/\/radiorevelacionfm.cl\/?p=38353' aria-hidden='false' data-av_icon='\ue8f1' data-av_iconfont='entypo-fontello' title='' data-avia-related-tooltip='Compartir en Twitter' rel=\"noopener\"><span class='avia_hidden_link_text'>Compartir en Twitter<\/span><\/a><\/li><li class='av-share-link av-social-link-whatsapp' ><a target=\"_blank\" aria-label=\"Compartir en Whatsapp\" href='https:\/\/api.whatsapp.com\/send?text=https:\/\/radiorevelacionfm.cl\/?p=38353' aria-hidden='false' data-av_icon='\uf232' data-av_iconfont='entypo-fontello' title='' data-avia-related-tooltip='Compartir en Whatsapp' rel=\"noopener\"><span class='avia_hidden_link_text'>Compartir en Whatsapp<\/span><\/a><\/li><li class='av-share-link av-social-link-linkedin' ><a target=\"_blank\" aria-label=\"Compartir en LinkedIn\" href='https:\/\/linkedin.com\/shareArticle?mini=true&#038;title=M%C3%A1s%20de%2011%20mil%20personas%20ser%C3%A1n%20beneficiadas%20en%20Ays%C3%A9n%20con%20Ley%20de%20Conciliaci%C3%B3n%20de%20Vida%20Personal%2C%20Familiar%20y%20Laboral&#038;url=https:\/\/radiorevelacionfm.cl\/?p=38353' aria-hidden='false' data-av_icon='\ue8fc' data-av_iconfont='entypo-fontello' title='' data-avia-related-tooltip='Compartir en LinkedIn' rel=\"noopener\"><span class='avia_hidden_link_text'>Compartir en LinkedIn<\/span><\/a><\/li><li class='av-share-link av-social-link-mail' ><a  aria-label=\"Compartir por correo\" href='mailto:?subject=M%C3%A1s%20de%2011%20mil%20personas%20ser%C3%A1n%20beneficiadas%20en%20Ays%C3%A9n%20con%20Ley%20de%20Conciliaci%C3%B3n%20de%20Vida%20Personal%2C%20Familiar%20y%20Laboral&#038;body=https:\/\/radiorevelacionfm.cl\/?p=38353' aria-hidden='false' data-av_icon='\ue805' data-av_iconfont='entypo-fontello' title='' data-avia-related-tooltip='Compartir por correo'><span class='avia_hidden_link_text'>Compartir por correo<\/span><\/a><\/li><\/ul><\/div><\/div>\n<div  style='height:50px' class='hr hr-invisible   avia-builder-el-8  el_after_av_social_share  el_before_av_comments_list '><span class='hr-inner ' ><span class='hr-inner-style'><\/span><\/span><\/div>\n<div  class='av-buildercomment  av-blog-meta-html-info-disabled av-blog-meta-tag-disabled  '><\/div>\n","protected":false},"excerpt":{"rendered":"","protected":false},"author":1,"featured_media":38354,"comment_status":"open","ping_status":"open","sticky":false,"template":"","format":"standard","meta":{"footnotes":""},"categories":[38],"tags":[],"class_list":["post-38353","post","type-post","status-publish","format-standard","has-post-thumbnail","hentry","category-regional"],"jetpack_featured_media_url":"https:\/\/radiorevelacionfm.cl\/wp-content\/uploads\/2023\/12\/img_8347-1_optimized.jpg","_links":{"self":[{"href":"https:\/\/radiorevelacionfm.cl\/index.php?rest_route=\/wp\/v2\/posts\/38353","targetHints":{"allow":["GET"]}}],"collection":[{"href":"https:\/\/radiorevelacionfm.cl\/index.php?rest_route=\/wp\/v2\/posts"}],"about":[{"href":"https:\/\/radiorevelacionfm.cl\/index.php?rest_route=\/wp\/v2\/types\/post"}],"author":[{"embeddable":true,"href":"https:\/\/radiorevelacionfm.cl\/index.php?rest_route=\/wp\/v2\/users\/1"}],"replies":[{"embeddable":true,"href":"https:\/\/radiorevelacionfm.cl\/index.php?rest_route=%2Fwp%2Fv2%2Fcomments&post=38353"}],"version-history":[{"count":1,"href":"https:\/\/radiorevelacionfm.cl\/index.php?rest_route=\/wp\/v2\/posts\/38353\/revisions"}],"predecessor-version":[{"id":38355,"href":"https:\/\/radiorevelacionfm.cl\/index.php?rest_route=\/wp\/v2\/posts\/38353\/revisions\/38355"}],"wp:featuredmedia":[{"embeddable":true,"href":"https:\/\/radiorevelacionfm.cl\/index.php?rest_route=\/wp\/v2\/media\/38354"}],"wp:attachment":[{"href":"https:\/\/radiorevelacionfm.cl\/index.php?rest_route=%2Fwp%2Fv2%2Fmedia&parent=38353"}],"wp:term":[{"taxonomy":"category","embeddable":true,"href":"https:\/\/radiorevelacionfm.cl\/index.php?rest_route=%2Fwp%2Fv2%2Fcategories&post=38353"},{"taxonomy":"post_tag","embeddable":true,"href":"https:\/\/radiorevelacionfm.cl\/index.php?rest_route=%2Fwp%2Fv2%2Ftags&post=38353"}],"curies":[{"name":"wp","href":"https:\/\/api.w.org\/{rel}","templated":true}]}}