{"id":38350,"date":"2023-12-27T20:03:25","date_gmt":"2023-12-27T23:03:25","guid":{"rendered":"https:\/\/radiorevelacionfm.cl\/?p=38350"},"modified":"2023-12-27T20:03:25","modified_gmt":"2023-12-27T23:03:25","slug":"autoridades-llaman-a-celebrar-este-ano-nuevo-con-precaucion","status":"publish","type":"post","link":"https:\/\/radiorevelacionfm.cl\/?p=38350","title":{"rendered":"Autoridades llaman a celebrar este A\u00f1o Nuevo con precauci\u00f3n"},"content":{"rendered":"<div class=\"flex_column av_one_full  flex_column_div av-zero-column-padding first  avia-builder-el-0  el_before_av_one_full  avia-builder-el-first  \" style='border-radius:0px; '><div  class='avia-image-container  av-styling-    avia-builder-el-1  avia-builder-el-no-sibling  avia-align-center '  itemprop=\"image\" itemscope=\"itemscope\" itemtype=\"https:\/\/schema.org\/ImageObject\"  ><div class='avia-image-container-inner'><div class='avia-image-overlay-wrap'><img decoding=\"async\" class='wp-image-38351 avia-img-lazy-loading-not-38351 avia_image' src=\"https:\/\/radiorevelacionfm.cl\/wp-content\/uploads\/2023\/12\/R-1-1-1.jpg\" alt='' title='R 1 (1) (1)' height=\"600\" width=\"800\"  itemprop=\"thumbnailUrl\" srcset=\"https:\/\/radiorevelacionfm.cl\/wp-content\/uploads\/2023\/12\/R-1-1-1.jpg 800w, https:\/\/radiorevelacionfm.cl\/wp-content\/uploads\/2023\/12\/R-1-1-1-300x225.jpg 300w, https:\/\/radiorevelacionfm.cl\/wp-content\/uploads\/2023\/12\/R-1-1-1-768x576.jpg 768w, https:\/\/radiorevelacionfm.cl\/wp-content\/uploads\/2023\/12\/R-1-1-1-705x529.jpg 705w, https:\/\/radiorevelacionfm.cl\/wp-content\/uploads\/2023\/12\/R-1-1-1-450x338.jpg 450w, https:\/\/radiorevelacionfm.cl\/wp-content\/uploads\/2023\/12\/R-1-1-1-600x450.jpg 600w\" sizes=\"(max-width: 800px) 100vw, 800px\" \/><\/div><\/div><\/div><\/div><div class=\"flex_column av_one_full  flex_column_div av-zero-column-padding first  avia-builder-el-2  el_after_av_one_full  el_before_av_one_full  column-top-margin\" style='border-radius:0px; '><section class=\"av_textblock_section \"  itemscope=\"itemscope\" itemtype=\"https:\/\/schema.org\/BlogPosting\" itemprop=\"blogPost\" ><div class='avia_textblock  '   itemprop=\"text\" ><p style=\"text-align: center;\"><span style=\"font-size: 18pt;\"><b>Autoridades llaman a celebrar este A\u00f1o Nuevo con precauci\u00f3n\u00a0<\/b><\/span><\/p>\n<div id=\"gtx-trans\" style=\"position: absolute; left: -50px; top: 4.31534px;\">\n<div class=\"gtx-trans-icon\"><\/div>\n<\/div>\n<\/div><\/section><\/div><div class=\"flex_column av_one_full  flex_column_div av-zero-column-padding first  avia-builder-el-4  el_after_av_one_full  el_before_av_hr  column-top-margin\" style='border-radius:0px; '><section class=\"av_textblock_section \"  itemscope=\"itemscope\" itemtype=\"https:\/\/schema.org\/BlogPosting\" itemprop=\"blogPost\" ><div class='avia_textblock  '   itemprop=\"text\" ><p style=\"font-weight: 400; text-align: justify;\">Este mi\u00e9rcoles, las autoridades regionales formularon un llamado a celebrar el pr\u00f3ximo A\u00f1o Nuevo con precauci\u00f3n, no olvidando las medidas de autocuidado y respeto a la comunidad. Las autoridades destacaron que durante la Navidad reci\u00e9n pasada, las medidas de prevenci\u00f3n adoptadas por el Gobierno y las polic\u00edas, dieron un buen resultado, por lo que el objetivo es repetir este logro.<\/p>\n<p style=\"font-weight: 400; text-align: justify;\">El delegado regional, Rodrigo Araya, agradeci\u00f3 a las instituciones que desplegaron sus medios durante la Navidad, con el objetivo de reforzar la seguridad p\u00fablica.<\/p>\n<p style=\"font-weight: 400; text-align: justify;\">La autoridad de gobierno destac\u00f3 igualmente el comportamiento ciudadano, que permiti\u00f3 a la regi\u00f3n disfrutar del fin de semana sin mayores sobresaltos.<\/p>\n<p style=\"font-weight: 400; text-align: justify;\">Respecto de las pr\u00f3ximas fiestas de fin de a\u00f1o, el delegado presidencial llam\u00f3 a mantener el esp\u00edritu de comunidad, respetando las normativas y la sana convivencia. \u201cHay que tener una actitud preventiva, evitar situaciones de riesgo. Asimismo, ante cualquier delito recordar que se puede denunciar al n\u00famero telef\u00f3nico *4242 y mantener la actitud de alerta ante las ofertas y grandes oportunidades que pueden llegarnos a trav\u00e9s de Internet o mensajer\u00eda, porque pueden volvernos en v\u00edctimas de estafas, a trav\u00e9s de estas tentaciones que nos llegan a trav\u00e9s de la redes sociales\u201d, indic\u00f3.<\/p>\n<p style=\"font-weight: 400; text-align: justify;\">Por su parte, la Polic\u00eda de Investigaciones mencion\u00f3 que pocos d\u00edas antes de la Navidad se logr\u00f3 detener a una estructura criminal dedicada al tr\u00e1fico de drogas, lo que report\u00f3 la detenci\u00f3n de cuatro ciudadanos chilenos y sobre todo, permiti\u00f3 evitar que estas drogas estuvieran en circulaci\u00f3n durante las \u00faltimas fiestas.<\/p>\n<p style=\"font-weight: 400; text-align: justify;\">Carolina Namor, prefecta de la PDI, inform\u00f3 asimismo que para el per\u00edodo de A\u00f1o Nuevo se mantendr\u00e1 el esfuerzo en la designaci\u00f3n de personal para cubrir los pasos fronterizos de Huemules, Coyhaique Alto y Jeinimeni, pero que dicha tarea debe ser complementada con la responsabilidad de quienes viajan, obteniendo con anticipaci\u00f3n la documentaci\u00f3n que debe ser presentada para salir del pa\u00eds.<\/p>\n<p style=\"font-weight: 400; text-align: justify;\">\u201cInsisto a la comunidad que en la p\u00e1gina\u00a0<a href=\"http:\/\/www.pdi.cl\/\" data-saferedirecturl=\"https:\/\/www.google.com\/url?q=http:\/\/www.pdi.cl&amp;source=gmail&amp;ust=1703789021936000&amp;usg=AOvVaw1QNbMQVXyrk2CLkcKr3kis\">www.pdi.cl<\/a>\u00a0est\u00e1 indicada la documentaci\u00f3n que las personas deben tener al momento de entrar o salir del territorio nacional. Existe una ley que obliga a la PDI a exigir determinada documentaci\u00f3n. Por tanto es importante que la comunidad se informe de los documentos que se requieren cuando se viaja con un menor de edad, por ejemplo. Todo eso est\u00e1 en nuestra p\u00e1gina y tambi\u00e9n se pueden poner en contacto con nosotros y los podemos tambi\u00e9n orientar\u201d, inform\u00f3 la m\u00e1xima representante de la polic\u00eda civil en la regi\u00f3n.<\/p>\n<p style=\"font-weight: 400; text-align: justify;\">Asimismo, el jefe de zona de Carabineros, general Jos\u00e9 Santos, record\u00f3 que durante Navidad la instituci\u00f3n uniformada despleg\u00f3 120 funcionarios para reforzar los servicios regulares, lo que permiti\u00f3 realizar 2.100 controles en puntos de inter\u00e9s, sin registrarse p\u00e9rdidas de vidas humanas por consumo de alcohol.<\/p>\n<p style=\"font-weight: 400; text-align: justify;\">El general de la polic\u00eda uniformada inform\u00f3 que este refuerzo de los servicios se replicar\u00e1 para el pr\u00f3ximo fin de semana largo. \u201cEl llamado es a transitar a velocidades moderadas porque las condiciones de las v\u00edas hacen potencialmente mayor el riesgo de sufrir accidentes. Por la tanto, la variable velocidad, la conducci\u00f3n a la defensiva y sin ingesta de alcohol, es fundamental para no lamentar p\u00e9rdidas de vidas de personas\u201d, indic\u00f3 el jefe de zona de Carabineros.<\/p>\n<p style=\"font-weight: 400; text-align: justify;\">Finalmente, las autoridades manifestaron que junto al trabajo de las instituciones correspondientes, la actitud de la comunidad es fundamental para que las fiestas de A\u00f1o Nuevo se desarrollen con tranquilidad. Por ello reiteraron que est\u00e1n disponibles los tel\u00e9fonos a los que se puede recurrir ante distintos tipos de necesidades, adem\u00e1s del fono *4242, para denuncias an\u00f3nimas de hechos delictuales, adem\u00e1s del cual se cuenta con el n\u00famero *4141, de prevenci\u00f3n del suicidio y el tel\u00e9fono 1455, de orientaci\u00f3n sobre violencia contra las mujeres.<\/p>\n<\/div><\/section><\/div><div  style='height:50px' class='hr hr-invisible   avia-builder-el-6  el_after_av_one_full  el_before_av_social_share '><span class='hr-inner ' ><span class='hr-inner-style'><\/span><\/span><\/div><\/p>\n<div  class='av-social-sharing-box  avia-builder-el-7  el_after_av_hr  el_before_av_hr  '><div class='av-share-box'><h5 class='av-share-link-description av-no-toc '>Compartir esta noticia<\/h5><ul class='av-share-box-list noLightbox'><li class='av-share-link av-social-link-facebook' ><a target=\"_blank\" aria-label=\"Compartir en Facebook\" href='https:\/\/www.facebook.com\/sharer.php?u=https:\/\/radiorevelacionfm.cl\/?p=38350&#038;t=Autoridades%20llaman%20a%20celebrar%20este%20A%C3%B1o%20Nuevo%20con%20precauci%C3%B3n' aria-hidden='false' data-av_icon='\ue8f3' data-av_iconfont='entypo-fontello' title='' data-avia-related-tooltip='Compartir en Facebook' rel=\"noopener\"><span class='avia_hidden_link_text'>Compartir en Facebook<\/span><\/a><\/li><li class='av-share-link av-social-link-twitter' ><a target=\"_blank\" aria-label=\"Compartir en Twitter\" href='https:\/\/twitter.com\/share?text=Autoridades%20llaman%20a%20celebrar%20este%20A%C3%B1o%20Nuevo%20con%20precauci%C3%B3n&#038;url=https:\/\/radiorevelacionfm.cl\/?p=38350' aria-hidden='false' data-av_icon='\ue8f1' data-av_iconfont='entypo-fontello' title='' data-avia-related-tooltip='Compartir en Twitter' rel=\"noopener\"><span class='avia_hidden_link_text'>Compartir en Twitter<\/span><\/a><\/li><li class='av-share-link av-social-link-whatsapp' ><a target=\"_blank\" aria-label=\"Compartir en Whatsapp\" href='https:\/\/api.whatsapp.com\/send?text=https:\/\/radiorevelacionfm.cl\/?p=38350' aria-hidden='false' data-av_icon='\uf232' data-av_iconfont='entypo-fontello' title='' data-avia-related-tooltip='Compartir en Whatsapp' rel=\"noopener\"><span class='avia_hidden_link_text'>Compartir en Whatsapp<\/span><\/a><\/li><li class='av-share-link av-social-link-linkedin' ><a target=\"_blank\" aria-label=\"Compartir en LinkedIn\" href='https:\/\/linkedin.com\/shareArticle?mini=true&#038;title=Autoridades%20llaman%20a%20celebrar%20este%20A%C3%B1o%20Nuevo%20con%20precauci%C3%B3n&#038;url=https:\/\/radiorevelacionfm.cl\/?p=38350' aria-hidden='false' data-av_icon='\ue8fc' data-av_iconfont='entypo-fontello' title='' data-avia-related-tooltip='Compartir en LinkedIn' rel=\"noopener\"><span class='avia_hidden_link_text'>Compartir en LinkedIn<\/span><\/a><\/li><li class='av-share-link av-social-link-mail' ><a  aria-label=\"Compartir por correo\" href='mailto:?subject=Autoridades%20llaman%20a%20celebrar%20este%20A%C3%B1o%20Nuevo%20con%20precauci%C3%B3n&#038;body=https:\/\/radiorevelacionfm.cl\/?p=38350' aria-hidden='false' data-av_icon='\ue805' data-av_iconfont='entypo-fontello' title='' data-avia-related-tooltip='Compartir por correo'><span class='avia_hidden_link_text'>Compartir por correo<\/span><\/a><\/li><\/ul><\/div><\/div>\n<div  style='height:50px' class='hr hr-invisible   avia-builder-el-8  el_after_av_social_share  el_before_av_comments_list '><span class='hr-inner ' ><span class='hr-inner-style'><\/span><\/span><\/div>\n<div  class='av-buildercomment  av-blog-meta-html-info-disabled av-blog-meta-tag-disabled  '><\/div>\n","protected":false},"excerpt":{"rendered":"","protected":false},"author":1,"featured_media":38351,"comment_status":"open","ping_status":"open","sticky":false,"template":"","format":"standard","meta":{"footnotes":""},"categories":[38],"tags":[],"class_list":["post-38350","post","type-post","status-publish","format-standard","has-post-thumbnail","hentry","category-regional"],"jetpack_featured_media_url":"https:\/\/radiorevelacionfm.cl\/wp-content\/uploads\/2023\/12\/R-1-1-1.jpg","_links":{"self":[{"href":"https:\/\/radiorevelacionfm.cl\/index.php?rest_route=\/wp\/v2\/posts\/38350","targetHints":{"allow":["GET"]}}],"collection":[{"href":"https:\/\/radiorevelacionfm.cl\/index.php?rest_route=\/wp\/v2\/posts"}],"about":[{"href":"https:\/\/radiorevelacionfm.cl\/index.php?rest_route=\/wp\/v2\/types\/post"}],"author":[{"embeddable":true,"href":"https:\/\/radiorevelacionfm.cl\/index.php?rest_route=\/wp\/v2\/users\/1"}],"replies":[{"embeddable":true,"href":"https:\/\/radiorevelacionfm.cl\/index.php?rest_route=%2Fwp%2Fv2%2Fcomments&post=38350"}],"version-history":[{"count":1,"href":"https:\/\/radiorevelacionfm.cl\/index.php?rest_route=\/wp\/v2\/posts\/38350\/revisions"}],"predecessor-version":[{"id":38352,"href":"https:\/\/radiorevelacionfm.cl\/index.php?rest_route=\/wp\/v2\/posts\/38350\/revisions\/38352"}],"wp:featuredmedia":[{"embeddable":true,"href":"https:\/\/radiorevelacionfm.cl\/index.php?rest_route=\/wp\/v2\/media\/38351"}],"wp:attachment":[{"href":"https:\/\/radiorevelacionfm.cl\/index.php?rest_route=%2Fwp%2Fv2%2Fmedia&parent=38350"}],"wp:term":[{"taxonomy":"category","embeddable":true,"href":"https:\/\/radiorevelacionfm.cl\/index.php?rest_route=%2Fwp%2Fv2%2Fcategories&post=38350"},{"taxonomy":"post_tag","embeddable":true,"href":"https:\/\/radiorevelacionfm.cl\/index.php?rest_route=%2Fwp%2Fv2%2Ftags&post=38350"}],"curies":[{"name":"wp","href":"https:\/\/api.w.org\/{rel}","templated":true}]}}