{"id":38347,"date":"2023-12-27T15:29:13","date_gmt":"2023-12-27T18:29:13","guid":{"rendered":"https:\/\/radiorevelacionfm.cl\/?p=38347"},"modified":"2023-12-27T15:29:13","modified_gmt":"2023-12-27T18:29:13","slug":"naturaleza-patagona-herramienta-de-terapia-y-sanacion-en-lago-la-paloma-lanzan-taller-de-buceo-para-jovenes","status":"publish","type":"post","link":"https:\/\/radiorevelacionfm.cl\/?p=38347","title":{"rendered":"Naturaleza Patagona, herramienta de terapia y sanaci\u00f3n: En Lago La Paloma lanzan Taller de Buceo para j\u00f3venes"},"content":{"rendered":"<div class=\"flex_column av_one_full  flex_column_div av-zero-column-padding first  avia-builder-el-0  el_before_av_one_full  avia-builder-el-first  \" style='border-radius:0px; '><div  class='avia-image-container  av-styling-    avia-builder-el-1  avia-builder-el-no-sibling  avia-align-center '  itemprop=\"image\" itemscope=\"itemscope\" itemtype=\"https:\/\/schema.org\/ImageObject\"  ><div class='avia-image-container-inner'><div class='avia-image-overlay-wrap'><img decoding=\"async\" class='wp-image-38348 avia-img-lazy-loading-not-38348 avia_image' src=\"https:\/\/radiorevelacionfm.cl\/wp-content\/uploads\/2023\/12\/foto-buceo-1_optimized.jpg\" alt='' title='foto-buceo-(1)_optimized' height=\"600\" width=\"800\"  itemprop=\"thumbnailUrl\" srcset=\"https:\/\/radiorevelacionfm.cl\/wp-content\/uploads\/2023\/12\/foto-buceo-1_optimized.jpg 800w, https:\/\/radiorevelacionfm.cl\/wp-content\/uploads\/2023\/12\/foto-buceo-1_optimized-300x225.jpg 300w, https:\/\/radiorevelacionfm.cl\/wp-content\/uploads\/2023\/12\/foto-buceo-1_optimized-768x576.jpg 768w, https:\/\/radiorevelacionfm.cl\/wp-content\/uploads\/2023\/12\/foto-buceo-1_optimized-705x529.jpg 705w, https:\/\/radiorevelacionfm.cl\/wp-content\/uploads\/2023\/12\/foto-buceo-1_optimized-450x338.jpg 450w, https:\/\/radiorevelacionfm.cl\/wp-content\/uploads\/2023\/12\/foto-buceo-1_optimized-600x450.jpg 600w\" sizes=\"(max-width: 800px) 100vw, 800px\" \/><\/div><\/div><\/div><\/div><div class=\"flex_column av_one_full  flex_column_div av-zero-column-padding first  avia-builder-el-2  el_after_av_one_full  el_before_av_one_full  column-top-margin\" style='border-radius:0px; '><section class=\"av_textblock_section \"  itemscope=\"itemscope\" itemtype=\"https:\/\/schema.org\/BlogPosting\" itemprop=\"blogPost\" ><div class='avia_textblock  '   itemprop=\"text\" ><p style=\"text-align: center;\"><strong><span style=\"font-size: 18pt;\">Naturaleza Patagona, herramienta de terapia y sanaci\u00f3n: En Lago La Paloma lanzan Taller de Buceo para j\u00f3venes<\/span><\/strong><\/p>\n<div id=\"gtx-trans\" style=\"position: absolute; left: -50px; top: 4.31534px;\">\n<div class=\"gtx-trans-icon\"><\/div>\n<\/div>\n<\/div><\/section><\/div><div class=\"flex_column av_one_full  flex_column_div av-zero-column-padding first  avia-builder-el-4  el_after_av_one_full  el_before_av_hr  column-top-margin\" style='border-radius:0px; '><section class=\"av_textblock_section \"  itemscope=\"itemscope\" itemtype=\"https:\/\/schema.org\/BlogPosting\" itemprop=\"blogPost\" ><div class='avia_textblock  '   itemprop=\"text\" ><p style=\"font-weight: 400; text-align: justify;\"><em>En Lago La Paloma COSAM Coyhaique lanza Taller de Buceo para j\u00f3venes.<\/em><\/p>\n<p style=\"font-weight: 400; text-align: justify;\">Un peto, m\u00e1scara, guantes, aletas, tanque de ox\u00edgeno, lentes y chaleco hicieron parte de la experiencia de buceo que vivieron una decena de adolescentes y j\u00f3venes que se encuentran en tratamiento en la comuna de Coyhaique.<\/p>\n<p style=\"font-weight: 400; text-align: justify;\">Los hermosos parajes de Lago La Paloma fueron el escenario para lanzar el Proyecto \u201cEntre todos cuidamos nuestra salud mental\u201d, una iniciativa del Consejo Consultivo del Centro de Salud Mental Comunitario (COSAM), financiada por el Gobierno Regional, a trav\u00e9s del Fondo Nacional de Desarrollo Regional (FNDR).<\/p>\n<p style=\"font-weight: 400; text-align: justify;\">\u201cEs mi primera vez practicando buceo y encuentro que es una instancia muy provechosa para aprender rodeado de la naturaleza y complementar lo que hacemos y este es un lugar propicio para aprender, disfrutar y compartir con las dem\u00e1s personas\u201d, manifest\u00f3 Nicol\u00e1s Castillo, uno de los participantes.<\/p>\n<p style=\"font-weight: 400; text-align: justify;\">Salir de los espacios cl\u00ednicos cerrados y volver a la naturaleza es una medida terap\u00e9utica\u00a0<em>per se<\/em>, as\u00ed lo precisa Andrea Fuentes Villalobos, jefa del subdepartamento de Salud Mental del Servicio de Salud. \u201cSe nota el desarrollo de un v\u00ednculo a medida que se van haciendo estos talleres, ya que esta es la tercera iniciativa de este tipo que se est\u00e1 desarrollando en el Centro de Salud Mental Comunitario y va dirigida a personas con problem\u00e1ticas de salud mental. Esto no excluye aquello que nos pueda hacer bien de manera m\u00e1s natural\u201d.<\/p>\n<p style=\"font-weight: 400; text-align: justify;\">Gracias a este proyecto dos de los participantes cuentan con certificaciones como buzos, logro que les permite ampliar sus oportunidades de empleo.<\/p>\n<p style=\"font-weight: 400; text-align: justify;\">\u201cEs la sociedad civil la que aporta con su mirada y recursos. De alguna manera tambi\u00e9n cuenta con una visi\u00f3n regional en el sentido de aprovechar esta particularidad que tenemos como regi\u00f3n para poder fortalecer los procesos terap\u00e9uticos que nosotros hacemos y el buceo tiene relaci\u00f3n e incluso una posibilidad de proyecci\u00f3n laboral para algunos j\u00f3venes que se ha dado, que algunos se han certificado como buzos y pueden optar a una alternativa profesional\u201d, precis\u00f3 Pedro Godoy Cisternas, director del COSAM Coyhaique.<\/p>\n<p style=\"font-weight: 400; text-align: justify;\">La tercera jornada de este proyecto se realiz\u00f3 a 42 kil\u00f3metros de Coyhaique, en pleno circuito de los lagos.<\/p>\n<p style=\"font-weight: 400; text-align: justify;\">\u201cLa idea es poder entregar las herramientas necesarias para desarrollar el buceo utilizando las profundidades de este lago, para que los chicos vayan adquiriendo las distintas habilidades en transportar el cilindro de ox\u00edgeno, m\u00e1scaras, aletas, traje de buceo y a medida del tiempo algunos han tenido continuidad entregar certificaciones\u201d, finaliz\u00f3 Ivonne Y\u00e9venes, presidenta del Consejo Consultivo del COSAM.<\/p>\n<p style=\"font-weight: 400; text-align: justify;\">\u201cEntre todos cuidamos nuestra salud mental\u201d, est\u00e1 dirigido a adolescentes desde los 15 a\u00f1os y personas adultas usuarias del COSAM Coyhaique.<\/p>\n<\/div><\/section><\/div><div  style='height:50px' class='hr hr-invisible   avia-builder-el-6  el_after_av_one_full  el_before_av_social_share '><span class='hr-inner ' ><span class='hr-inner-style'><\/span><\/span><\/div><\/p>\n<div  class='av-social-sharing-box  avia-builder-el-7  el_after_av_hr  el_before_av_hr  '><div class='av-share-box'><h5 class='av-share-link-description av-no-toc '>Compartir esta noticia<\/h5><ul class='av-share-box-list noLightbox'><li class='av-share-link av-social-link-facebook' ><a target=\"_blank\" aria-label=\"Compartir en Facebook\" href='https:\/\/www.facebook.com\/sharer.php?u=https:\/\/radiorevelacionfm.cl\/?p=38347&#038;t=Naturaleza%20Patagona%2C%20herramienta%20de%20terapia%20y%20sanaci%C3%B3n%3A%20En%20Lago%20La%20Paloma%20lanzan%20Taller%20de%20Buceo%20para%20j%C3%B3venes' aria-hidden='false' data-av_icon='\ue8f3' data-av_iconfont='entypo-fontello' title='' data-avia-related-tooltip='Compartir en Facebook' rel=\"noopener\"><span class='avia_hidden_link_text'>Compartir en Facebook<\/span><\/a><\/li><li class='av-share-link av-social-link-twitter' ><a target=\"_blank\" aria-label=\"Compartir en Twitter\" href='https:\/\/twitter.com\/share?text=Naturaleza%20Patagona%2C%20herramienta%20de%20terapia%20y%20sanaci%C3%B3n%3A%20En%20Lago%20La%20Paloma%20lanzan%20Taller%20de%20Buceo%20para%20j%C3%B3venes&#038;url=https:\/\/radiorevelacionfm.cl\/?p=38347' aria-hidden='false' data-av_icon='\ue8f1' data-av_iconfont='entypo-fontello' title='' data-avia-related-tooltip='Compartir en Twitter' rel=\"noopener\"><span class='avia_hidden_link_text'>Compartir en Twitter<\/span><\/a><\/li><li class='av-share-link av-social-link-whatsapp' ><a target=\"_blank\" aria-label=\"Compartir en Whatsapp\" href='https:\/\/api.whatsapp.com\/send?text=https:\/\/radiorevelacionfm.cl\/?p=38347' aria-hidden='false' data-av_icon='\uf232' data-av_iconfont='entypo-fontello' title='' data-avia-related-tooltip='Compartir en Whatsapp' rel=\"noopener\"><span class='avia_hidden_link_text'>Compartir en Whatsapp<\/span><\/a><\/li><li class='av-share-link av-social-link-linkedin' ><a target=\"_blank\" aria-label=\"Compartir en LinkedIn\" href='https:\/\/linkedin.com\/shareArticle?mini=true&#038;title=Naturaleza%20Patagona%2C%20herramienta%20de%20terapia%20y%20sanaci%C3%B3n%3A%20En%20Lago%20La%20Paloma%20lanzan%20Taller%20de%20Buceo%20para%20j%C3%B3venes&#038;url=https:\/\/radiorevelacionfm.cl\/?p=38347' aria-hidden='false' data-av_icon='\ue8fc' data-av_iconfont='entypo-fontello' title='' data-avia-related-tooltip='Compartir en LinkedIn' rel=\"noopener\"><span class='avia_hidden_link_text'>Compartir en LinkedIn<\/span><\/a><\/li><li class='av-share-link av-social-link-mail' ><a  aria-label=\"Compartir por correo\" href='mailto:?subject=Naturaleza%20Patagona%2C%20herramienta%20de%20terapia%20y%20sanaci%C3%B3n%3A%20En%20Lago%20La%20Paloma%20lanzan%20Taller%20de%20Buceo%20para%20j%C3%B3venes&#038;body=https:\/\/radiorevelacionfm.cl\/?p=38347' aria-hidden='false' data-av_icon='\ue805' data-av_iconfont='entypo-fontello' title='' data-avia-related-tooltip='Compartir por correo'><span class='avia_hidden_link_text'>Compartir por correo<\/span><\/a><\/li><\/ul><\/div><\/div>\n<div  style='height:50px' class='hr hr-invisible   avia-builder-el-8  el_after_av_social_share  el_before_av_comments_list '><span class='hr-inner ' ><span class='hr-inner-style'><\/span><\/span><\/div>\n<div  class='av-buildercomment  av-blog-meta-html-info-disabled av-blog-meta-tag-disabled  '><\/div>\n","protected":false},"excerpt":{"rendered":"","protected":false},"author":1,"featured_media":38348,"comment_status":"open","ping_status":"open","sticky":false,"template":"","format":"standard","meta":{"footnotes":""},"categories":[46],"tags":[],"class_list":["post-38347","post","type-post","status-publish","format-standard","has-post-thumbnail","hentry","category-salud"],"jetpack_featured_media_url":"https:\/\/radiorevelacionfm.cl\/wp-content\/uploads\/2023\/12\/foto-buceo-1_optimized.jpg","_links":{"self":[{"href":"https:\/\/radiorevelacionfm.cl\/index.php?rest_route=\/wp\/v2\/posts\/38347","targetHints":{"allow":["GET"]}}],"collection":[{"href":"https:\/\/radiorevelacionfm.cl\/index.php?rest_route=\/wp\/v2\/posts"}],"about":[{"href":"https:\/\/radiorevelacionfm.cl\/index.php?rest_route=\/wp\/v2\/types\/post"}],"author":[{"embeddable":true,"href":"https:\/\/radiorevelacionfm.cl\/index.php?rest_route=\/wp\/v2\/users\/1"}],"replies":[{"embeddable":true,"href":"https:\/\/radiorevelacionfm.cl\/index.php?rest_route=%2Fwp%2Fv2%2Fcomments&post=38347"}],"version-history":[{"count":1,"href":"https:\/\/radiorevelacionfm.cl\/index.php?rest_route=\/wp\/v2\/posts\/38347\/revisions"}],"predecessor-version":[{"id":38349,"href":"https:\/\/radiorevelacionfm.cl\/index.php?rest_route=\/wp\/v2\/posts\/38347\/revisions\/38349"}],"wp:featuredmedia":[{"embeddable":true,"href":"https:\/\/radiorevelacionfm.cl\/index.php?rest_route=\/wp\/v2\/media\/38348"}],"wp:attachment":[{"href":"https:\/\/radiorevelacionfm.cl\/index.php?rest_route=%2Fwp%2Fv2%2Fmedia&parent=38347"}],"wp:term":[{"taxonomy":"category","embeddable":true,"href":"https:\/\/radiorevelacionfm.cl\/index.php?rest_route=%2Fwp%2Fv2%2Fcategories&post=38347"},{"taxonomy":"post_tag","embeddable":true,"href":"https:\/\/radiorevelacionfm.cl\/index.php?rest_route=%2Fwp%2Fv2%2Ftags&post=38347"}],"curies":[{"name":"wp","href":"https:\/\/api.w.org\/{rel}","templated":true}]}}