{"id":38344,"date":"2023-12-27T12:48:38","date_gmt":"2023-12-27T15:48:38","guid":{"rendered":"https:\/\/radiorevelacionfm.cl\/?p=38344"},"modified":"2023-12-27T12:55:14","modified_gmt":"2023-12-27T15:55:14","slug":"municipio-de-cochrane-certifica-y-avanza-en-su-compromiso-medioambiental","status":"publish","type":"post","link":"https:\/\/radiorevelacionfm.cl\/?p=38344","title":{"rendered":"Municipio de Cochrane certifica y avanza en su compromiso medioambiental"},"content":{"rendered":"<div class=\"flex_column av_one_full  flex_column_div av-zero-column-padding first  avia-builder-el-0  el_before_av_one_full  avia-builder-el-first  \" style='border-radius:0px; '><div  class='avia-image-container  av-styling-    avia-builder-el-1  avia-builder-el-no-sibling  avia-align-center '  itemprop=\"image\" itemscope=\"itemscope\" itemtype=\"https:\/\/schema.org\/ImageObject\"  ><div class='avia-image-container-inner'><div class='avia-image-overlay-wrap'><img decoding=\"async\" class='wp-image-38345 avia-img-lazy-loading-not-38345 avia_image' src=\"https:\/\/radiorevelacionfm.cl\/wp-content\/uploads\/2023\/12\/img_1621-1-1_optimized-1.jpg\" alt='' title='img_1621-(1)-(1)_optimized (1)' height=\"600\" width=\"1067\"  itemprop=\"thumbnailUrl\" srcset=\"https:\/\/radiorevelacionfm.cl\/wp-content\/uploads\/2023\/12\/img_1621-1-1_optimized-1.jpg 1067w, https:\/\/radiorevelacionfm.cl\/wp-content\/uploads\/2023\/12\/img_1621-1-1_optimized-1-300x169.jpg 300w, https:\/\/radiorevelacionfm.cl\/wp-content\/uploads\/2023\/12\/img_1621-1-1_optimized-1-1030x579.jpg 1030w, https:\/\/radiorevelacionfm.cl\/wp-content\/uploads\/2023\/12\/img_1621-1-1_optimized-1-768x432.jpg 768w, https:\/\/radiorevelacionfm.cl\/wp-content\/uploads\/2023\/12\/img_1621-1-1_optimized-1-705x396.jpg 705w, https:\/\/radiorevelacionfm.cl\/wp-content\/uploads\/2023\/12\/img_1621-1-1_optimized-1-450x253.jpg 450w, https:\/\/radiorevelacionfm.cl\/wp-content\/uploads\/2023\/12\/img_1621-1-1_optimized-1-600x337.jpg 600w\" sizes=\"(max-width: 1067px) 100vw, 1067px\" \/><\/div><\/div><\/div><\/div><div class=\"flex_column av_one_full  flex_column_div av-zero-column-padding first  avia-builder-el-2  el_after_av_one_full  el_before_av_one_full  column-top-margin\" style='border-radius:0px; '><section class=\"av_textblock_section \"  itemscope=\"itemscope\" itemtype=\"https:\/\/schema.org\/BlogPosting\" itemprop=\"blogPost\" ><div class='avia_textblock  '   itemprop=\"text\" ><p style=\"text-align: center;\"><span style=\"font-size: 18pt;\"><strong>Municipio de Cochrane certifica y avanza en su compromiso medioambiental<\/strong><\/span><\/p>\n<div id=\"gtx-trans\" style=\"position: absolute; left: -50px; top: 4.31534px;\">\n<div class=\"gtx-trans-icon\"><\/div>\n<\/div>\n<\/div><\/section><\/div><div class=\"flex_column av_one_full  flex_column_div av-zero-column-padding first  avia-builder-el-4  el_after_av_one_full  el_before_av_hr  column-top-margin\" style='border-radius:0px; '><section class=\"av_textblock_section \"  itemscope=\"itemscope\" itemtype=\"https:\/\/schema.org\/BlogPosting\" itemprop=\"blogPost\" ><div class='avia_textblock  '   itemprop=\"text\" ><p style=\"text-align: justify;\">En una visita a la comuna de Cochrane, el Seremi del Medio Ambiente, Yoal D\u00edaz, entreg\u00f3 al Alcalde de Cochrane, Jorge Calder\u00f3n el diploma que acredita su Certificaci\u00f3n Ambiental Municipal SCAM en el nivel intermedio, herramienta del Ministerio del Medio Ambiente que da cuenta de la gesti\u00f3n que el municipio realiza en torno a la implementaci\u00f3n y promoci\u00f3n de buenas pr\u00e1cticas ambientales.<\/p>\n<p style=\"text-align: justify;\">\u201cEste es el trabajo del equipo de nuestro municipio, asumimos con mucha responsabilidad el lugar donde habitamos, que es \u00fanico en nuestra Patagonia y entendemos entonces que c\u00f3mo municipio tenemos que tener un compromiso con nuestro medio ambiente, y adem\u00e1s tambi\u00e9n con nuestra comunidad organizada, a trav\u00e9s del Comit\u00e9 Ambiental Comunal, necesita un municipio pendiente, activo y nuestro compromiso es seguir avanzando\u201d, asegur\u00f3 el Alcalde de Cochrane. Por su parte el Seremi del Medio Ambiente al hacer entrega del certificado de nivel intermedio manifest\u00f3 \u201cestamos muy contentos del trabajo que se realiza ac\u00e1, queremos seguir acompa\u00f1ando y fortaleciendo para seguir avanzando, sabemos el compromiso que tienen, as\u00ed que much\u00edsimas gracias por todo su trabajo\u201d.<\/p>\n<p style=\"text-align: justify;\">El Sistema de Certificaci\u00f3n Ambiental Municipal SCAM se cre\u00f3 el a\u00f1o 2009, como un sistema integral de car\u00e1cter voluntario, que permite a los municipios instalarse en el territorio como un modelo de gesti\u00f3n ambiental.<\/p>\n<p style=\"text-align: justify;\">El sistema cuenta con diversos niveles de certificaci\u00f3n que dan cuenta de c\u00f3mo la sistematizaci\u00f3n, planificaci\u00f3n y gestiones se concretan como parte del plan de trabajo municipal, durante el Nivel III del proceso SCAM, el Municipio debe de generar una l\u00ednea de acci\u00f3n en la Estrategia Ambiental Comunal en la tem\u00e1tica de Cambio Clim\u00e1tico, considerando la ejecuci\u00f3n en todo el municipio de los planes o proyectos creados en el nivel; funcionamiento del Comit\u00e9 Ambiental Comunales y Municipal (CAC y CAM); implementaci\u00f3n Estrategia Ambiental Comunal; programas de sustentabilidad interna (sistemas de reciclaje, ahorro energ\u00e9tico, ahorro h\u00eddrico); sistemas de participaci\u00f3n ambiental; gesti\u00f3n Integral de residuos domiciliarios; y educaci\u00f3n ambiental comunal entre otras.<\/p>\n<p style=\"text-align: justify;\">El Comit\u00e9 Ambiental Comunal de Cochrane ha tenido una partici\u00f3n activa en la generaci\u00f3n de actividades y participaci\u00f3n en el proceso de la Certificaci\u00f3n, lo que fue clave en la elaboraci\u00f3n de la propuesta y talleres de composteras comunitarias, proyecto que se financi\u00f3 con el subsidio del Ministerio del Medio Ambiente a trav\u00e9s del SCAM.<\/p>\n<p style=\"text-align: justify;\">Ley Marco de Cambio Clim\u00e1tico<\/p>\n<p style=\"text-align: justify;\">Tambi\u00e9n durante la visita, y en raz\u00f3n de la nueva Ley Marco de Cambio Clim\u00e1tico, que institucionaliza las acciones del Estado ante la crisis clim\u00e1tica, y mandata planes de acci\u00f3n regionales y comunales, entre otras acciones. En Ays\u00e9n, ya se est\u00e1 trabajando en el Plan de Acci\u00f3n Regional de Cambio Clim\u00e1tico al amparo del Comit\u00e9 Regional de Cambio Clim\u00e1tico CORECC, presidido por el Gobierno Regional. En el caso de los municipios, esto cuentan con tres a\u00f1os de plazo (desde la entrada en vigencia de la Ley) para elaborar sus respectivos Planes Comunales y Cochrane es el primero que desarrollar\u00e1 dicho plan. Es por esto que el Seremi Yoal D\u00edaz, hizo entrega al municipio de Cochrane de los recursos asociados a la normativa, para que la Municipalidad de Cochrane avance en el dise\u00f1o e implementaci\u00f3n del Plan de Acci\u00f3n Comunal de Cambio Clim\u00e1tico PACCC \u201cEntregamos cinco millones de pesos para que la comuna de Cochrane pueda realizar su Plan de Acci\u00f3n Comunal, estamos muy contentos, sabemos que aqu\u00ed hay un compromiso de equipo, y eso nos esperanza para visualizar c\u00f3mo abordar esta problem\u00e1tica evidente sobre la que debemos actuar pronto\u201d.<\/p>\n<p style=\"text-align: justify;\">As\u00ed tambi\u00e9n el Alcalde, Jorge Calder\u00f3n, destac\u00f3 el trabajo colaborativo y las alianzas estrat\u00e9gicas que el municipio desarrolla con las diversas entidades del Estado y especialmente con la Seremi del Medio Ambiente para fortalecer el trabajo y generar beneficios para las familias de la comuna de Cochrane \u201choy recibimos estos aportes que nos permiten abordar el cambio clim\u00e1tico, tambi\u00e9n hemos estado viendo temas relacionados a los sistemas de calefacci\u00f3n, tanto de las instituciones como de la comunidad, entendiendo tambi\u00e9n la saturaci\u00f3n del aire en algunos periodos, que es algo que tambi\u00e9n vamos abordando y trabajando; y al mismo tiempo nuestro compromiso es fortalecer el trabajo con la comunidad organizada\u201d, concluy\u00f3.<\/p>\n<\/div><\/section><\/div><div  style='height:50px' class='hr hr-invisible   avia-builder-el-6  el_after_av_one_full  el_before_av_social_share '><span class='hr-inner ' ><span class='hr-inner-style'><\/span><\/span><\/div><\/p>\n<div  class='av-social-sharing-box  avia-builder-el-7  el_after_av_hr  el_before_av_hr  '><div class='av-share-box'><h5 class='av-share-link-description av-no-toc '>Compartir esta noticia<\/h5><ul class='av-share-box-list noLightbox'><li class='av-share-link av-social-link-facebook' ><a target=\"_blank\" aria-label=\"Compartir en Facebook\" href='https:\/\/www.facebook.com\/sharer.php?u=https:\/\/radiorevelacionfm.cl\/?p=38344&#038;t=Municipio%20de%20Cochrane%20certifica%20y%20avanza%20en%20su%20compromiso%20medioambiental' aria-hidden='false' data-av_icon='\ue8f3' data-av_iconfont='entypo-fontello' title='' data-avia-related-tooltip='Compartir en Facebook' rel=\"noopener\"><span class='avia_hidden_link_text'>Compartir en Facebook<\/span><\/a><\/li><li class='av-share-link av-social-link-twitter' ><a target=\"_blank\" aria-label=\"Compartir en Twitter\" href='https:\/\/twitter.com\/share?text=Municipio%20de%20Cochrane%20certifica%20y%20avanza%20en%20su%20compromiso%20medioambiental&#038;url=https:\/\/radiorevelacionfm.cl\/?p=38344' aria-hidden='false' data-av_icon='\ue8f1' data-av_iconfont='entypo-fontello' title='' data-avia-related-tooltip='Compartir en Twitter' rel=\"noopener\"><span class='avia_hidden_link_text'>Compartir en Twitter<\/span><\/a><\/li><li class='av-share-link av-social-link-whatsapp' ><a target=\"_blank\" aria-label=\"Compartir en Whatsapp\" href='https:\/\/api.whatsapp.com\/send?text=https:\/\/radiorevelacionfm.cl\/?p=38344' aria-hidden='false' data-av_icon='\uf232' data-av_iconfont='entypo-fontello' title='' data-avia-related-tooltip='Compartir en Whatsapp' rel=\"noopener\"><span class='avia_hidden_link_text'>Compartir en Whatsapp<\/span><\/a><\/li><li class='av-share-link av-social-link-linkedin' ><a target=\"_blank\" aria-label=\"Compartir en LinkedIn\" href='https:\/\/linkedin.com\/shareArticle?mini=true&#038;title=Municipio%20de%20Cochrane%20certifica%20y%20avanza%20en%20su%20compromiso%20medioambiental&#038;url=https:\/\/radiorevelacionfm.cl\/?p=38344' aria-hidden='false' data-av_icon='\ue8fc' data-av_iconfont='entypo-fontello' title='' data-avia-related-tooltip='Compartir en LinkedIn' rel=\"noopener\"><span class='avia_hidden_link_text'>Compartir en LinkedIn<\/span><\/a><\/li><li class='av-share-link av-social-link-mail' ><a  aria-label=\"Compartir por correo\" href='mailto:?subject=Municipio%20de%20Cochrane%20certifica%20y%20avanza%20en%20su%20compromiso%20medioambiental&#038;body=https:\/\/radiorevelacionfm.cl\/?p=38344' aria-hidden='false' data-av_icon='\ue805' data-av_iconfont='entypo-fontello' title='' data-avia-related-tooltip='Compartir por correo'><span class='avia_hidden_link_text'>Compartir por correo<\/span><\/a><\/li><\/ul><\/div><\/div>\n<div  style='height:50px' class='hr hr-invisible   avia-builder-el-8  el_after_av_social_share  el_before_av_comments_list '><span class='hr-inner ' ><span class='hr-inner-style'><\/span><\/span><\/div>\n<div  class='av-buildercomment  av-blog-meta-html-info-disabled av-blog-meta-tag-disabled  '><\/div>\n","protected":false},"excerpt":{"rendered":"","protected":false},"author":1,"featured_media":38345,"comment_status":"open","ping_status":"open","sticky":false,"template":"","format":"standard","meta":{"footnotes":""},"categories":[39],"tags":[],"class_list":["post-38344","post","type-post","status-publish","format-standard","has-post-thumbnail","hentry","category-medio-ambiente"],"jetpack_featured_media_url":"https:\/\/radiorevelacionfm.cl\/wp-content\/uploads\/2023\/12\/img_1621-1-1_optimized-1.jpg","_links":{"self":[{"href":"https:\/\/radiorevelacionfm.cl\/index.php?rest_route=\/wp\/v2\/posts\/38344","targetHints":{"allow":["GET"]}}],"collection":[{"href":"https:\/\/radiorevelacionfm.cl\/index.php?rest_route=\/wp\/v2\/posts"}],"about":[{"href":"https:\/\/radiorevelacionfm.cl\/index.php?rest_route=\/wp\/v2\/types\/post"}],"author":[{"embeddable":true,"href":"https:\/\/radiorevelacionfm.cl\/index.php?rest_route=\/wp\/v2\/users\/1"}],"replies":[{"embeddable":true,"href":"https:\/\/radiorevelacionfm.cl\/index.php?rest_route=%2Fwp%2Fv2%2Fcomments&post=38344"}],"version-history":[{"count":1,"href":"https:\/\/radiorevelacionfm.cl\/index.php?rest_route=\/wp\/v2\/posts\/38344\/revisions"}],"predecessor-version":[{"id":38346,"href":"https:\/\/radiorevelacionfm.cl\/index.php?rest_route=\/wp\/v2\/posts\/38344\/revisions\/38346"}],"wp:featuredmedia":[{"embeddable":true,"href":"https:\/\/radiorevelacionfm.cl\/index.php?rest_route=\/wp\/v2\/media\/38345"}],"wp:attachment":[{"href":"https:\/\/radiorevelacionfm.cl\/index.php?rest_route=%2Fwp%2Fv2%2Fmedia&parent=38344"}],"wp:term":[{"taxonomy":"category","embeddable":true,"href":"https:\/\/radiorevelacionfm.cl\/index.php?rest_route=%2Fwp%2Fv2%2Fcategories&post=38344"},{"taxonomy":"post_tag","embeddable":true,"href":"https:\/\/radiorevelacionfm.cl\/index.php?rest_route=%2Fwp%2Fv2%2Ftags&post=38344"}],"curies":[{"name":"wp","href":"https:\/\/api.w.org\/{rel}","templated":true}]}}