{"id":38341,"date":"2023-12-27T11:28:38","date_gmt":"2023-12-27T14:28:38","guid":{"rendered":"https:\/\/radiorevelacionfm.cl\/?p=38341"},"modified":"2023-12-27T11:28:38","modified_gmt":"2023-12-27T14:28:38","slug":"entregan-concesiones-para-remodelar-y-construir-nueva-oficina-del-registro-civil-en-puerto-aysen-y-coyhaique","status":"publish","type":"post","link":"https:\/\/radiorevelacionfm.cl\/?p=38341","title":{"rendered":"Entregan concesiones para remodelar y construir nueva oficina del Registro Civil en Puerto Ays\u00e9n y Coyhaique"},"content":{"rendered":"<div class=\"flex_column av_one_full  flex_column_div av-zero-column-padding first  avia-builder-el-0  el_before_av_one_full  avia-builder-el-first  \" style='border-radius:0px; '><div  class='avia-image-container  av-styling-    avia-builder-el-1  avia-builder-el-no-sibling  avia-align-center '  itemprop=\"image\" itemscope=\"itemscope\" itemtype=\"https:\/\/schema.org\/ImageObject\"  ><div class='avia-image-container-inner'><div class='avia-image-overlay-wrap'><img decoding=\"async\" class='wp-image-38342 avia-img-lazy-loading-not-38342 avia_image' src=\"https:\/\/radiorevelacionfm.cl\/wp-content\/uploads\/2023\/12\/concesiones-1-1.jpg\" alt='' title='concesiones (1) (1)' height=\"600\" width=\"800\"  itemprop=\"thumbnailUrl\" srcset=\"https:\/\/radiorevelacionfm.cl\/wp-content\/uploads\/2023\/12\/concesiones-1-1.jpg 800w, https:\/\/radiorevelacionfm.cl\/wp-content\/uploads\/2023\/12\/concesiones-1-1-300x225.jpg 300w, https:\/\/radiorevelacionfm.cl\/wp-content\/uploads\/2023\/12\/concesiones-1-1-768x576.jpg 768w, https:\/\/radiorevelacionfm.cl\/wp-content\/uploads\/2023\/12\/concesiones-1-1-705x529.jpg 705w, https:\/\/radiorevelacionfm.cl\/wp-content\/uploads\/2023\/12\/concesiones-1-1-450x338.jpg 450w, https:\/\/radiorevelacionfm.cl\/wp-content\/uploads\/2023\/12\/concesiones-1-1-600x450.jpg 600w\" sizes=\"(max-width: 800px) 100vw, 800px\" \/><\/div><\/div><\/div><\/div><div class=\"flex_column av_one_full  flex_column_div av-zero-column-padding first  avia-builder-el-2  el_after_av_one_full  el_before_av_one_full  column-top-margin\" style='border-radius:0px; '><section class=\"av_textblock_section \"  itemscope=\"itemscope\" itemtype=\"https:\/\/schema.org\/BlogPosting\" itemprop=\"blogPost\" ><div class='avia_textblock  '   itemprop=\"text\" ><p style=\"text-align: center;\"><strong><span style=\"font-size: 18pt;\">Entregan concesiones para remodelar y construir nueva oficina del Registro Civil en Puerto Ays\u00e9n y Coyhaique <\/span><\/strong><\/p>\n<div id=\"gtx-trans\" style=\"position: absolute; left: -50px; top: 4.31534px;\">\n<div class=\"gtx-trans-icon\"><\/div>\n<\/div>\n<\/div><\/section><\/div><div class=\"flex_column av_one_full  flex_column_div av-zero-column-padding first  avia-builder-el-4  el_after_av_one_full  el_before_av_hr  column-top-margin\" style='border-radius:0px; '><section class=\"av_textblock_section \"  itemscope=\"itemscope\" itemtype=\"https:\/\/schema.org\/BlogPosting\" itemprop=\"blogPost\" ><div class='avia_textblock  '   itemprop=\"text\" ><p style=\"text-align: justify;\">Recientemente se llev\u00f3 a cabo la entrega de dos concesiones por parte de la Seremi de Bienes Nacionales al Servicio de Registro Civil e Identificaci\u00f3n, instancia que permitir\u00e1 por un lado el mejoramiento de la actual oficina en Puerto Ays\u00e9n, y por otro contar con una nueva oficina del servicio en el sector alto de Coyhaique, lo que beneficiar\u00e1 en gran medida a quienes residen en este sector de la capital regional.<\/p>\n<p style=\"text-align: justify;\">Respecto a estas dos concesiones, la Seremi de Bienes Nacionales Irina Morend Valdebenito explic\u00f3 que \u201cestamos haciendo entrega de dos concesiones al Registro Civil, una en Puerto Ays\u00e9n para un proyecto de reposici\u00f3n y as\u00ed consolidar este servicio en la ciudad porte\u00f1a y ac\u00e1 en la comuna de Coyhaique que es para un nuevo proyecto del Registro Civil en el sector alto, m\u00e1s cercano a la ciudadan\u00eda, estamos muy contentos como Ministerio de Bienes Nacionales, porque estamos cumpliendo con nuestro compromiso de Gobierno y como Ministerio de disponer el patrimonio fiscal para fines p\u00fablicos y que permita acercar los servicios a la ciudadan\u00eda\u201d.<\/p>\n<p style=\"text-align: justify;\">Respecto a los proyectos que se esperan concretar en el marco de estas dos concesiones, el director regional del Servicio de Registro Civil e Identificaci\u00f3n Rodrigo Aguilera se\u00f1al\u00f3 que \u201cestamos muy contentos el d\u00eda de hoy y muy agradecidos por las gestiones de nuestro seremi y por las gestiones de la seremi de Bienes Nacionales que nos ha permitido el d\u00eda de hoy poder renovar esta concesi\u00f3n en Puerto Ays\u00e9n, que como bien dec\u00edamos nos va a servir para efectuar el proceso de reposici\u00f3n de esta oficina que ya se nos qued\u00f3 chica en cierta medida y que nos permitir\u00e1 dar cumplimiento de normativas de accesibilidad que hoy no existen, y que estamos trabajando en ello, ahora este proyecto ya est\u00e1 ingresado a MIDESO y est\u00e1 siendo evaluado para su dise\u00f1o, en el caso del sector alto de Coyhaique efectivamente es una oficina que ha funcionado en un recinto prestado y en esto tenemos que agradecer al municipio, pero se nos qued\u00f3 peque\u00f1o, la cantidad que va a esa oficina ha aumentado en 5 veces en los \u00faltimos 10 a\u00f1os, y por lo tanto ya tenemos que pensar en una nueva oficina para el sector alto, que permita que la gente de ese sector pueda acceder de mejor manera a nuestros servicios y que no tengan que necesariamente ir al centro de la ciudad a efectuar sus tr\u00e1mites, adem\u00e1s nos va permitir aumentar la dotaci\u00f3n del sector alto para mejorar los tiempos de atenci\u00f3n\u201d.<\/p>\n<p style=\"text-align: justify;\">Finalmente, el Seremi de Justicia y Derechos Humanos, Samuel Navarro Castro destac\u00f3 la importancia de acercar los servicios del sector a todos y todas, indicando que\u201c sin duda un eje estrat\u00e9gico del Ministerio de Justicia y Derechos Humanos es acercar los servicios de Justicia a la gente, con esto cumplimos este compromiso, esta responsabilidad que asumimos como Gobierno del Presidente Gabriel Boric, y en este caso del Servicio de Registro Civil e Identificaci\u00f3n que cruza la vida de una persona desde que nace hasta que fallece, es un servicio muy importante, por eso fortalecerlo y mejorar su infraestructura va permitir acercarlo a la gente, evitando los tiempos de desplazamiento y ahorro en dinero, un objetivo muy apreciado, por lo tanto estamos muy contentos de estar en esta firma y esperamos concretar en el m\u00e1s breve plazo los proyectos que tenemos para ambas concesiones\u201d.<\/p>\n<\/div><\/section><\/div><div  style='height:50px' class='hr hr-invisible   avia-builder-el-6  el_after_av_one_full  el_before_av_social_share '><span class='hr-inner ' ><span class='hr-inner-style'><\/span><\/span><\/div><\/p>\n<div  class='av-social-sharing-box  avia-builder-el-7  el_after_av_hr  el_before_av_hr  '><div class='av-share-box'><h5 class='av-share-link-description av-no-toc '>Compartir esta noticia<\/h5><ul class='av-share-box-list noLightbox'><li class='av-share-link av-social-link-facebook' ><a target=\"_blank\" aria-label=\"Compartir en Facebook\" href='https:\/\/www.facebook.com\/sharer.php?u=https:\/\/radiorevelacionfm.cl\/?p=38341&#038;t=Entregan%20concesiones%20para%20remodelar%20y%20construir%20nueva%20oficina%20del%20Registro%20Civil%20en%20Puerto%20Ays%C3%A9n%20y%20Coyhaique' aria-hidden='false' data-av_icon='\ue8f3' data-av_iconfont='entypo-fontello' title='' data-avia-related-tooltip='Compartir en Facebook' rel=\"noopener\"><span class='avia_hidden_link_text'>Compartir en Facebook<\/span><\/a><\/li><li class='av-share-link av-social-link-twitter' ><a target=\"_blank\" aria-label=\"Compartir en Twitter\" href='https:\/\/twitter.com\/share?text=Entregan%20concesiones%20para%20remodelar%20y%20construir%20nueva%20oficina%20del%20Registro%20Civil%20en%20Puerto%20Ays%C3%A9n%20y%20Coyhaique&#038;url=https:\/\/radiorevelacionfm.cl\/?p=38341' aria-hidden='false' data-av_icon='\ue8f1' data-av_iconfont='entypo-fontello' title='' data-avia-related-tooltip='Compartir en Twitter' rel=\"noopener\"><span class='avia_hidden_link_text'>Compartir en Twitter<\/span><\/a><\/li><li class='av-share-link av-social-link-whatsapp' ><a target=\"_blank\" aria-label=\"Compartir en Whatsapp\" href='https:\/\/api.whatsapp.com\/send?text=https:\/\/radiorevelacionfm.cl\/?p=38341' aria-hidden='false' data-av_icon='\uf232' data-av_iconfont='entypo-fontello' title='' data-avia-related-tooltip='Compartir en Whatsapp' rel=\"noopener\"><span class='avia_hidden_link_text'>Compartir en Whatsapp<\/span><\/a><\/li><li class='av-share-link av-social-link-linkedin' ><a target=\"_blank\" aria-label=\"Compartir en LinkedIn\" href='https:\/\/linkedin.com\/shareArticle?mini=true&#038;title=Entregan%20concesiones%20para%20remodelar%20y%20construir%20nueva%20oficina%20del%20Registro%20Civil%20en%20Puerto%20Ays%C3%A9n%20y%20Coyhaique&#038;url=https:\/\/radiorevelacionfm.cl\/?p=38341' aria-hidden='false' data-av_icon='\ue8fc' data-av_iconfont='entypo-fontello' title='' data-avia-related-tooltip='Compartir en LinkedIn' rel=\"noopener\"><span class='avia_hidden_link_text'>Compartir en LinkedIn<\/span><\/a><\/li><li class='av-share-link av-social-link-mail' ><a  aria-label=\"Compartir por correo\" href='mailto:?subject=Entregan%20concesiones%20para%20remodelar%20y%20construir%20nueva%20oficina%20del%20Registro%20Civil%20en%20Puerto%20Ays%C3%A9n%20y%20Coyhaique&#038;body=https:\/\/radiorevelacionfm.cl\/?p=38341' aria-hidden='false' data-av_icon='\ue805' data-av_iconfont='entypo-fontello' title='' data-avia-related-tooltip='Compartir por correo'><span class='avia_hidden_link_text'>Compartir por correo<\/span><\/a><\/li><\/ul><\/div><\/div>\n<div  style='height:50px' class='hr hr-invisible   avia-builder-el-8  el_after_av_social_share  el_before_av_comments_list '><span class='hr-inner ' ><span class='hr-inner-style'><\/span><\/span><\/div>\n<div  class='av-buildercomment  av-blog-meta-html-info-disabled av-blog-meta-tag-disabled  '><\/div>\n","protected":false},"excerpt":{"rendered":"","protected":false},"author":1,"featured_media":38342,"comment_status":"open","ping_status":"open","sticky":false,"template":"","format":"standard","meta":{"footnotes":""},"categories":[38],"tags":[],"class_list":["post-38341","post","type-post","status-publish","format-standard","has-post-thumbnail","hentry","category-regional"],"jetpack_featured_media_url":"https:\/\/radiorevelacionfm.cl\/wp-content\/uploads\/2023\/12\/concesiones-1-1.jpg","_links":{"self":[{"href":"https:\/\/radiorevelacionfm.cl\/index.php?rest_route=\/wp\/v2\/posts\/38341","targetHints":{"allow":["GET"]}}],"collection":[{"href":"https:\/\/radiorevelacionfm.cl\/index.php?rest_route=\/wp\/v2\/posts"}],"about":[{"href":"https:\/\/radiorevelacionfm.cl\/index.php?rest_route=\/wp\/v2\/types\/post"}],"author":[{"embeddable":true,"href":"https:\/\/radiorevelacionfm.cl\/index.php?rest_route=\/wp\/v2\/users\/1"}],"replies":[{"embeddable":true,"href":"https:\/\/radiorevelacionfm.cl\/index.php?rest_route=%2Fwp%2Fv2%2Fcomments&post=38341"}],"version-history":[{"count":1,"href":"https:\/\/radiorevelacionfm.cl\/index.php?rest_route=\/wp\/v2\/posts\/38341\/revisions"}],"predecessor-version":[{"id":38343,"href":"https:\/\/radiorevelacionfm.cl\/index.php?rest_route=\/wp\/v2\/posts\/38341\/revisions\/38343"}],"wp:featuredmedia":[{"embeddable":true,"href":"https:\/\/radiorevelacionfm.cl\/index.php?rest_route=\/wp\/v2\/media\/38342"}],"wp:attachment":[{"href":"https:\/\/radiorevelacionfm.cl\/index.php?rest_route=%2Fwp%2Fv2%2Fmedia&parent=38341"}],"wp:term":[{"taxonomy":"category","embeddable":true,"href":"https:\/\/radiorevelacionfm.cl\/index.php?rest_route=%2Fwp%2Fv2%2Fcategories&post=38341"},{"taxonomy":"post_tag","embeddable":true,"href":"https:\/\/radiorevelacionfm.cl\/index.php?rest_route=%2Fwp%2Fv2%2Ftags&post=38341"}],"curies":[{"name":"wp","href":"https:\/\/api.w.org\/{rel}","templated":true}]}}