{"id":3834,"date":"2021-05-05T19:28:38","date_gmt":"2021-05-05T22:28:38","guid":{"rendered":"https:\/\/radiorevelacionfm.cl\/?p=3834"},"modified":"2021-05-05T19:28:38","modified_gmt":"2021-05-05T22:28:38","slug":"67-emprendedores-de-la-region-ofrecen-productos-y-servicios-en-nueva-vitrina-digital-expo-fosis-aysen","status":"publish","type":"post","link":"https:\/\/radiorevelacionfm.cl\/?p=3834","title":{"rendered":"67 emprendedores de la regi\u00f3n ofrecen productos y servicios en nueva vitrina digital Expo FOSIS Ays\u00e9n"},"content":{"rendered":"<div class=\"flex_column av_one_full  flex_column_div av-zero-column-padding first  avia-builder-el-0  el_before_av_one_full  avia-builder-el-first  \" style='border-radius:0px; '><div  class='avia-image-container  av-styling-    avia-builder-el-1  avia-builder-el-no-sibling  avia-align-center '  itemprop=\"image\" itemscope=\"itemscope\" itemtype=\"https:\/\/schema.org\/ImageObject\"  ><div class='avia-image-container-inner'><div class='avia-image-overlay-wrap'><img decoding=\"async\" class='wp-image-0 avia-img-lazy-loading-not-0 avia_image' src=\"https:\/\/radiorevelacionfm.cl\/wp-content\/uploads\/2021\/05\/telares_0758-1_optimized.jpg\" alt='' title=''   itemprop=\"thumbnailUrl\"  \/><\/div><\/div><\/div><\/div><div class=\"flex_column av_one_full  flex_column_div av-zero-column-padding first  avia-builder-el-2  el_after_av_one_full  el_before_av_one_full  column-top-margin\" style='border-radius:0px; '><section class=\"av_textblock_section \"  itemscope=\"itemscope\" itemtype=\"https:\/\/schema.org\/BlogPosting\" itemprop=\"blogPost\" ><div class='avia_textblock  '   itemprop=\"text\" ><p style=\"text-align: center;\"><strong><span style=\"font-size: 18pt;\">67 emprendedores de la regi\u00f3n ofrecen productos y servicios en nueva vitrina digital Expo FOSIS Ays\u00e9n<\/span><\/strong><\/p>\n<div id=\"gtx-trans\" style=\"position: absolute; left: -50px; top: 4.31534px;\">\n<div class=\"gtx-trans-icon\"><\/div>\n<\/div>\n<\/div><\/section><\/div><div class=\"flex_column av_one_full  flex_column_div av-zero-column-padding first  avia-builder-el-4  el_after_av_one_full  el_before_av_hr  column-top-margin\" style='border-radius:0px; '><section class=\"av_textblock_section \"  itemscope=\"itemscope\" itemtype=\"https:\/\/schema.org\/BlogPosting\" itemprop=\"blogPost\" ><div class='avia_textblock  '   itemprop=\"text\" ><p style=\"text-align: justify;\">Desde el 3 y hasta el 20 de mayo estar\u00e1 habilitada la plataforma de la Expo FOSIS Ays\u00e9n, donde podemos encontrar productos y servicios de 67 emprendedores de la regi\u00f3n de Ays\u00e9n, quienes participan en esta importante vitrina digital, financiada gracias recursos del Fondo Nacional de Desarrollo Regional (FNDR), aprobados por el Gobierno Regional de Ays\u00e9n y su Consejo y que cuenta con la ejecuci\u00f3n del FOSIS con apoyo de Emprediem.<\/p>\n<p style=\"text-align: justify;\">La Expo FOSIS Ays\u00e9n est\u00e1 enmarcada en el programa \u201cYo Emprendo Ferias\u201d, que se comenz\u00f3 a ejecutar en 2019, siendo \u00e9sta la cuarta versi\u00f3n de un total de 7 eventos que finalizar\u00e1n dentro del a\u00f1o en curso. Este programa tiene 3 componentes esenciales: Capacitaciones, asesor\u00eda y financiamiento. Dentro de las capacitaciones y asesor\u00edas se ha marcado un importante \u00e9nfasis en temas como el marketing digital, uso de redes sociales, despacho de productos y mejora de fotograf\u00edas.<\/p>\n<p style=\"text-align: justify;\">En el evento remoto de lanzamiento de la feria se realiz\u00f3 un panel de conversaci\u00f3n en el cual se abordaron distintas experiencias relativas al emprendimiento con la participaci\u00f3n de la emprendedora Sandra Huenum\u00e1n, el subgerente de Desarrollo Comercial de Mercado Libre y la emprendedora Marfa \u00c1guila de Puerto Ib\u00e1\u00f1ez, quien trabaja la artesan\u00eda en greda y ha participado en este programa de ferias desde el comienzo.<\/p>\n<p style=\"text-align: justify;\">La reconocida artesana de la comuna de R\u00edo Ib\u00e1\u00f1ez, quien est\u00e1 presente en esta nueva versi\u00f3n de la Expo FOSIS Ays\u00e9n, asegur\u00f3 que \u201cpara m\u00ed ha sido una nueva forma de ofrecer y vender nuestros productos, porque est\u00e1bamos acostumbrados a venderlos de forma presencial en ferias, pero el virus nos cambi\u00f3 todo el sistema as\u00ed que estamos a trav\u00e9s de la feria digital del FOSIS. Cuando comenzamos no ten\u00edamos idea de lo digital, tuvimos que capacitarnos y aprendimos a ofrecer nuestros productos. Ha sido muy lindo participar de las ferias virtuales que se han realizado\u201d.<\/p>\n<p style=\"text-align: justify;\">Dominique Br\u00e4utigam, Directora Regional del FOSIS en Ays\u00e9n, convoc\u00f3 a la comunidad a conocer la plataforma y preferir a nuestros emprendedores locales. \u201cQueremos invitarlos a conocer y a visitar la EXPO FOSIS de la regi\u00f3n de Ays\u00e9n, pueden ingresar a trav\u00e9s de la p\u00e1gina web del FOSIS (<a href=\"http:\/\/www.fosis.gob.cl\">www.fosis.gob.cl<\/a>), pinchar el banner que dice Expo FOSIS y seleccionar la regi\u00f3n de Ays\u00e9n y ac\u00e1 van a poder conocer a los 67 emprendedores locales con sus datos de contacto, con los productos que ofrecen y acceso directo a sus redes sociales para encontrar el mejor regalo para el D\u00eda de la Madre con un sentido local. Esta vitrina digital es una instancia importante con la cual esperamos colaborar a reactivar la econom\u00eda regional y sobre todo activar redes de contacto tanto dentro como fuera de la regi\u00f3n\u201d.<\/p>\n<p style=\"text-align: justify;\">El Consejero Regional de Ays\u00e9n y Presidente de la Comisi\u00f3n de Fomento Productivo de este organismo, Rocco Martiniello, manifest\u00f3 que \u201cpensando en un poeta gal\u00e9s del siglo XVI que dice que <em>dios provee a cada p\u00e1jaro con un alimento, pero no se lo echa en el nido<\/em>, sino que sencillamente hay que con inteligencia, esfuerzo y trabajo salir a buscarlo. La pandemia cambi\u00f3 nuestra forma de vivir\u00a0y por eso con esta vitrina nuestros emprendedores salen a mundo a vender sus productos. Ya se ha entregado capacitaci\u00f3n a estos cerca de 70 emprendedores, quienes reciben financiamiento y asesor\u00eda para llevar el alimento a su nido. En nombre del Consejo Regional de Ays\u00e9n les deseamos en esta y en las otras 3 ferias que restan \u00e9xito rotundo y felicitaciones por esta nueva iniciativa\u201d.<\/p>\n<p style=\"text-align: justify;\">El Seremi de Desarrollo Social y Familia, Marcelo J\u00e9lvez, recalc\u00f3 que \u201cFOSIS siempre ha destacado por sus ferias y abrir estos espacios de comercializaci\u00f3n para nuestros emprendedores locales. Por motivos de la pandemia, estos eventos se han tenido que reinventar y adaptar a la nueva realidad, fortaleciendo aspectos como ventas online, marketing digital, fortalecimiento de redes sociales y en definitiva, potenciando nuevos canales de ventas v\u00eda remota, para reactivar estos negocios y seguir generando ingresos que permitan mejorar la calidad de vida de nuestros emprendedores regionales\u201d.<\/p>\n<p style=\"text-align: justify;\">En esta versi\u00f3n de la Expo FOSIS Ays\u00e9n tendremos la presencia de emprendedores de las 10 comunas de la regi\u00f3n, quienes ofertaran sus productos en distintas categor\u00edas como: Artesan\u00eda y Manualidades, Accesorios y Regalos, Mundo Infantil, Belleza y Salud, Vestuario y Calzado, Comida, Hogar y Servicios.<\/p>\n<\/div><\/section><\/div><div  style='height:50px' class='hr hr-invisible   avia-builder-el-6  el_after_av_one_full  el_before_av_social_share '><span class='hr-inner ' ><span class='hr-inner-style'><\/span><\/span><\/div><\/p>\n<div  class='av-social-sharing-box  avia-builder-el-7  el_after_av_hr  el_before_av_hr  '><div class='av-share-box'><h5 class='av-share-link-description av-no-toc '>Compartir esta noticia<\/h5><ul class='av-share-box-list noLightbox'><li class='av-share-link av-social-link-facebook' ><a target=\"_blank\" aria-label=\"Compartir en Facebook\" href='https:\/\/www.facebook.com\/sharer.php?u=https:\/\/radiorevelacionfm.cl\/?p=3834&#038;t=67%20emprendedores%20de%20la%20regi%C3%B3n%20ofrecen%20productos%20y%20servicios%20en%20nueva%20vitrina%20digital%20Expo%20FOSIS%20Ays%C3%A9n' aria-hidden='false' data-av_icon='\ue8f3' data-av_iconfont='entypo-fontello' title='' data-avia-related-tooltip='Compartir en Facebook' rel=\"noopener\"><span class='avia_hidden_link_text'>Compartir en Facebook<\/span><\/a><\/li><li class='av-share-link av-social-link-twitter' ><a target=\"_blank\" aria-label=\"Compartir en Twitter\" href='https:\/\/twitter.com\/share?text=67%20emprendedores%20de%20la%20regi%C3%B3n%20ofrecen%20productos%20y%20servicios%20en%20nueva%20vitrina%20digital%20Expo%20FOSIS%20Ays%C3%A9n&#038;url=https:\/\/radiorevelacionfm.cl\/?p=3834' aria-hidden='false' data-av_icon='\ue8f1' data-av_iconfont='entypo-fontello' title='' data-avia-related-tooltip='Compartir en Twitter' rel=\"noopener\"><span class='avia_hidden_link_text'>Compartir en Twitter<\/span><\/a><\/li><li class='av-share-link av-social-link-whatsapp' ><a target=\"_blank\" aria-label=\"Compartir en Whatsapp\" href='https:\/\/api.whatsapp.com\/send?text=https:\/\/radiorevelacionfm.cl\/?p=3834' aria-hidden='false' data-av_icon='\uf232' data-av_iconfont='entypo-fontello' title='' data-avia-related-tooltip='Compartir en Whatsapp' rel=\"noopener\"><span class='avia_hidden_link_text'>Compartir en Whatsapp<\/span><\/a><\/li><li class='av-share-link av-social-link-linkedin' ><a target=\"_blank\" aria-label=\"Compartir en LinkedIn\" href='https:\/\/linkedin.com\/shareArticle?mini=true&#038;title=67%20emprendedores%20de%20la%20regi%C3%B3n%20ofrecen%20productos%20y%20servicios%20en%20nueva%20vitrina%20digital%20Expo%20FOSIS%20Ays%C3%A9n&#038;url=https:\/\/radiorevelacionfm.cl\/?p=3834' aria-hidden='false' data-av_icon='\ue8fc' data-av_iconfont='entypo-fontello' title='' data-avia-related-tooltip='Compartir en LinkedIn' rel=\"noopener\"><span class='avia_hidden_link_text'>Compartir en LinkedIn<\/span><\/a><\/li><li class='av-share-link av-social-link-mail' ><a  aria-label=\"Compartir por correo\" href='mailto:?subject=67%20emprendedores%20de%20la%20regi%C3%B3n%20ofrecen%20productos%20y%20servicios%20en%20nueva%20vitrina%20digital%20Expo%20FOSIS%20Ays%C3%A9n&#038;body=https:\/\/radiorevelacionfm.cl\/?p=3834' aria-hidden='false' data-av_icon='\ue805' data-av_iconfont='entypo-fontello' title='' data-avia-related-tooltip='Compartir por correo'><span class='avia_hidden_link_text'>Compartir por correo<\/span><\/a><\/li><\/ul><\/div><\/div>\n<div  style='height:50px' class='hr hr-invisible   avia-builder-el-8  el_after_av_social_share  el_before_av_comments_list '><span class='hr-inner ' ><span class='hr-inner-style'><\/span><\/span><\/div>\n<div  class='av-buildercomment  av-blog-meta-html-info-disabled av-blog-meta-tag-disabled  '><\/div>\n","protected":false},"excerpt":{"rendered":"","protected":false},"author":1,"featured_media":0,"comment_status":"open","ping_status":"open","sticky":false,"template":"","format":"standard","meta":{"footnotes":""},"categories":[45],"tags":[],"class_list":["post-3834","post","type-post","status-publish","format-standard","hentry","category-comercio"],"jetpack_featured_media_url":"","_links":{"self":[{"href":"https:\/\/radiorevelacionfm.cl\/index.php?rest_route=\/wp\/v2\/posts\/3834","targetHints":{"allow":["GET"]}}],"collection":[{"href":"https:\/\/radiorevelacionfm.cl\/index.php?rest_route=\/wp\/v2\/posts"}],"about":[{"href":"https:\/\/radiorevelacionfm.cl\/index.php?rest_route=\/wp\/v2\/types\/post"}],"author":[{"embeddable":true,"href":"https:\/\/radiorevelacionfm.cl\/index.php?rest_route=\/wp\/v2\/users\/1"}],"replies":[{"embeddable":true,"href":"https:\/\/radiorevelacionfm.cl\/index.php?rest_route=%2Fwp%2Fv2%2Fcomments&post=3834"}],"version-history":[{"count":1,"href":"https:\/\/radiorevelacionfm.cl\/index.php?rest_route=\/wp\/v2\/posts\/3834\/revisions"}],"predecessor-version":[{"id":3837,"href":"https:\/\/radiorevelacionfm.cl\/index.php?rest_route=\/wp\/v2\/posts\/3834\/revisions\/3837"}],"wp:attachment":[{"href":"https:\/\/radiorevelacionfm.cl\/index.php?rest_route=%2Fwp%2Fv2%2Fmedia&parent=3834"}],"wp:term":[{"taxonomy":"category","embeddable":true,"href":"https:\/\/radiorevelacionfm.cl\/index.php?rest_route=%2Fwp%2Fv2%2Fcategories&post=3834"},{"taxonomy":"post_tag","embeddable":true,"href":"https:\/\/radiorevelacionfm.cl\/index.php?rest_route=%2Fwp%2Fv2%2Ftags&post=3834"}],"curies":[{"name":"wp","href":"https:\/\/api.w.org\/{rel}","templated":true}]}}