{"id":38338,"date":"2023-12-27T10:06:00","date_gmt":"2023-12-27T13:06:00","guid":{"rendered":"https:\/\/radiorevelacionfm.cl\/?p=38338"},"modified":"2023-12-27T10:06:00","modified_gmt":"2023-12-27T13:06:00","slug":"emporcha-celebro-la-navidad-junto-a-los-hijos-e-hijas-de-estibadores-ayseninos","status":"publish","type":"post","link":"https:\/\/radiorevelacionfm.cl\/?p=38338","title":{"rendered":"Emporcha celebr\u00f3 la Navidad junto a los hijos e hijas de estibadores ayseninos"},"content":{"rendered":"<div class=\"flex_column av_one_full  flex_column_div av-zero-column-padding first  avia-builder-el-0  el_before_av_one_full  avia-builder-el-first  \" style='border-radius:0px; '><div  class='avia-image-container  av-styling-    avia-builder-el-1  avia-builder-el-no-sibling  avia-align-center '  itemprop=\"image\" itemscope=\"itemscope\" itemtype=\"https:\/\/schema.org\/ImageObject\"  ><div class='avia-image-container-inner'><div class='avia-image-overlay-wrap'><img decoding=\"async\" class='wp-image-38339 avia-img-lazy-loading-not-38339 avia_image' src=\"https:\/\/radiorevelacionfm.cl\/wp-content\/uploads\/2023\/12\/navidad-emporcha-2-1_optimized.jpeg\" alt='' title='navidad-emporcha-2-(1)_optimized' height=\"630\" width=\"802\"  itemprop=\"thumbnailUrl\" srcset=\"https:\/\/radiorevelacionfm.cl\/wp-content\/uploads\/2023\/12\/navidad-emporcha-2-1_optimized.jpeg 802w, https:\/\/radiorevelacionfm.cl\/wp-content\/uploads\/2023\/12\/navidad-emporcha-2-1_optimized-300x236.jpeg 300w, https:\/\/radiorevelacionfm.cl\/wp-content\/uploads\/2023\/12\/navidad-emporcha-2-1_optimized-768x603.jpeg 768w, https:\/\/radiorevelacionfm.cl\/wp-content\/uploads\/2023\/12\/navidad-emporcha-2-1_optimized-705x554.jpeg 705w, https:\/\/radiorevelacionfm.cl\/wp-content\/uploads\/2023\/12\/navidad-emporcha-2-1_optimized-450x353.jpeg 450w, https:\/\/radiorevelacionfm.cl\/wp-content\/uploads\/2023\/12\/navidad-emporcha-2-1_optimized-600x471.jpeg 600w\" sizes=\"(max-width: 802px) 100vw, 802px\" \/><\/div><\/div><\/div><\/div><div class=\"flex_column av_one_full  flex_column_div av-zero-column-padding first  avia-builder-el-2  el_after_av_one_full  el_before_av_one_full  column-top-margin\" style='border-radius:0px; '><section class=\"av_textblock_section \"  itemscope=\"itemscope\" itemtype=\"https:\/\/schema.org\/BlogPosting\" itemprop=\"blogPost\" ><div class='avia_textblock  '   itemprop=\"text\" ><p style=\"text-align: center;\"><span style=\"font-size: 18pt;\"><b>Emporcha celebr\u00f3 la Navidad junto a los hijos e hijas de estibadores ayseninos<\/b><\/span><\/p>\n<div id=\"gtx-trans\" style=\"position: absolute; left: -50px; top: 4.31534px;\">\n<div class=\"gtx-trans-icon\"><\/div>\n<\/div>\n<\/div><\/section><\/div><div class=\"flex_column av_one_full  flex_column_div av-zero-column-padding first  avia-builder-el-4  el_after_av_one_full  el_before_av_hr  column-top-margin\" style='border-radius:0px; '><section class=\"av_textblock_section \"  itemscope=\"itemscope\" itemtype=\"https:\/\/schema.org\/BlogPosting\" itemprop=\"blogPost\" ><div class='avia_textblock  '   itemprop=\"text\" ><p class=\"v1Marcelo\" style=\"text-align: justify;\">Una emotiva y significativa actividad, que reuni\u00f3 a familias de trabajadores portuarios, se llev\u00f3 a cabo en el Terminal de Pasajeros de la Empresa Portuaria Chacabuco, en el marco de la celebraci\u00f3n de Navidad.<\/p>\n<p class=\"v1Marcelo\" style=\"text-align: justify;\">Con el apoyo de Emporcha, y con el presidente de su directorio, Enrique Runin, acompa\u00f1ando los distintos momentos, m\u00e1s de una cincuentena de ni\u00f1os, ni\u00f1as, madres y padres tuvieron una fiesta navide\u00f1a, en la que pasaron un rato agradable con juegos, personajes y regalos.<\/p>\n<p class=\"v1Marcelo\" style=\"text-align: justify;\">El hito fue organizado por el Sindicato de Estibadores Portuarios de Ays\u00e9n para sus distintos asociados, con el apoyo de la portuaria estatal, que adem\u00e1s del espacio, comprometi\u00f3 a miembros de su equipo acompa\u00f1ando el festejo y varias sorpresas para los menores participantes.<\/p>\n<p class=\"v1Marcelo\" style=\"text-align: justify;\">La presidenta del Sindicato, Georgette Rubilar Uribe, se\u00f1al\u00f3 que \u201cqueremos agradecer como sindicato a la Empresa Portuaria Chacabuco por el gran apoyo que han dado como trabajadores portuarios, poni\u00e9ndose d\u00eda a d\u00eda la camiseta con nosotros y por ser un gran aporte en esta hermosa actividad que quisimos realizar a los ni\u00f1os; por lo que esperamos seguir contando con ellos\u201d.<\/p>\n<p class=\"v1Marcelo\" style=\"text-align: justify;\">En tanto, el presidente del directorio de Emporcha, Enrique Runin, sostuvo que \u201cpara nosotros resulta de gran importancia poder trabajar conjuntamente y estar acompa\u00f1ando en forma permanente a los trabajadores estibadores del puerto de Chacabuco y tambi\u00e9n a sus familias, en una actividad tan simb\u00f3lica y de tanto sentido para los ni\u00f1os y ni\u00f1as como es Navidad\u201d.<\/p>\n<\/div><\/section><\/div><div  style='height:50px' class='hr hr-invisible   avia-builder-el-6  el_after_av_one_full  el_before_av_social_share '><span class='hr-inner ' ><span class='hr-inner-style'><\/span><\/span><\/div><\/p>\n<div  class='av-social-sharing-box  avia-builder-el-7  el_after_av_hr  el_before_av_hr  '><div class='av-share-box'><h5 class='av-share-link-description av-no-toc '>Compartir esta noticia<\/h5><ul class='av-share-box-list noLightbox'><li class='av-share-link av-social-link-facebook' ><a target=\"_blank\" aria-label=\"Compartir en Facebook\" href='https:\/\/www.facebook.com\/sharer.php?u=https:\/\/radiorevelacionfm.cl\/?p=38338&#038;t=Emporcha%20celebr%C3%B3%20la%20Navidad%20junto%20a%20los%20hijos%20e%20hijas%20de%20estibadores%20ayseninos' aria-hidden='false' data-av_icon='\ue8f3' data-av_iconfont='entypo-fontello' title='' data-avia-related-tooltip='Compartir en Facebook' rel=\"noopener\"><span class='avia_hidden_link_text'>Compartir en Facebook<\/span><\/a><\/li><li class='av-share-link av-social-link-twitter' ><a target=\"_blank\" aria-label=\"Compartir en Twitter\" href='https:\/\/twitter.com\/share?text=Emporcha%20celebr%C3%B3%20la%20Navidad%20junto%20a%20los%20hijos%20e%20hijas%20de%20estibadores%20ayseninos&#038;url=https:\/\/radiorevelacionfm.cl\/?p=38338' aria-hidden='false' data-av_icon='\ue8f1' data-av_iconfont='entypo-fontello' title='' data-avia-related-tooltip='Compartir en Twitter' rel=\"noopener\"><span class='avia_hidden_link_text'>Compartir en Twitter<\/span><\/a><\/li><li class='av-share-link av-social-link-whatsapp' ><a target=\"_blank\" aria-label=\"Compartir en Whatsapp\" href='https:\/\/api.whatsapp.com\/send?text=https:\/\/radiorevelacionfm.cl\/?p=38338' aria-hidden='false' data-av_icon='\uf232' data-av_iconfont='entypo-fontello' title='' data-avia-related-tooltip='Compartir en Whatsapp' rel=\"noopener\"><span class='avia_hidden_link_text'>Compartir en Whatsapp<\/span><\/a><\/li><li class='av-share-link av-social-link-linkedin' ><a target=\"_blank\" aria-label=\"Compartir en LinkedIn\" href='https:\/\/linkedin.com\/shareArticle?mini=true&#038;title=Emporcha%20celebr%C3%B3%20la%20Navidad%20junto%20a%20los%20hijos%20e%20hijas%20de%20estibadores%20ayseninos&#038;url=https:\/\/radiorevelacionfm.cl\/?p=38338' aria-hidden='false' data-av_icon='\ue8fc' data-av_iconfont='entypo-fontello' title='' data-avia-related-tooltip='Compartir en LinkedIn' rel=\"noopener\"><span class='avia_hidden_link_text'>Compartir en LinkedIn<\/span><\/a><\/li><li class='av-share-link av-social-link-mail' ><a  aria-label=\"Compartir por correo\" href='mailto:?subject=Emporcha%20celebr%C3%B3%20la%20Navidad%20junto%20a%20los%20hijos%20e%20hijas%20de%20estibadores%20ayseninos&#038;body=https:\/\/radiorevelacionfm.cl\/?p=38338' aria-hidden='false' data-av_icon='\ue805' data-av_iconfont='entypo-fontello' title='' data-avia-related-tooltip='Compartir por correo'><span class='avia_hidden_link_text'>Compartir por correo<\/span><\/a><\/li><\/ul><\/div><\/div>\n<div  style='height:50px' class='hr hr-invisible   avia-builder-el-8  el_after_av_social_share  el_before_av_comments_list '><span class='hr-inner ' ><span class='hr-inner-style'><\/span><\/span><\/div>\n<div  class='av-buildercomment  av-blog-meta-html-info-disabled av-blog-meta-tag-disabled  '><\/div>\n","protected":false},"excerpt":{"rendered":"","protected":false},"author":1,"featured_media":38339,"comment_status":"open","ping_status":"open","sticky":false,"template":"","format":"standard","meta":{"footnotes":""},"categories":[38],"tags":[],"class_list":["post-38338","post","type-post","status-publish","format-standard","has-post-thumbnail","hentry","category-regional"],"jetpack_featured_media_url":"https:\/\/radiorevelacionfm.cl\/wp-content\/uploads\/2023\/12\/navidad-emporcha-2-1_optimized.jpeg","_links":{"self":[{"href":"https:\/\/radiorevelacionfm.cl\/index.php?rest_route=\/wp\/v2\/posts\/38338","targetHints":{"allow":["GET"]}}],"collection":[{"href":"https:\/\/radiorevelacionfm.cl\/index.php?rest_route=\/wp\/v2\/posts"}],"about":[{"href":"https:\/\/radiorevelacionfm.cl\/index.php?rest_route=\/wp\/v2\/types\/post"}],"author":[{"embeddable":true,"href":"https:\/\/radiorevelacionfm.cl\/index.php?rest_route=\/wp\/v2\/users\/1"}],"replies":[{"embeddable":true,"href":"https:\/\/radiorevelacionfm.cl\/index.php?rest_route=%2Fwp%2Fv2%2Fcomments&post=38338"}],"version-history":[{"count":1,"href":"https:\/\/radiorevelacionfm.cl\/index.php?rest_route=\/wp\/v2\/posts\/38338\/revisions"}],"predecessor-version":[{"id":38340,"href":"https:\/\/radiorevelacionfm.cl\/index.php?rest_route=\/wp\/v2\/posts\/38338\/revisions\/38340"}],"wp:featuredmedia":[{"embeddable":true,"href":"https:\/\/radiorevelacionfm.cl\/index.php?rest_route=\/wp\/v2\/media\/38339"}],"wp:attachment":[{"href":"https:\/\/radiorevelacionfm.cl\/index.php?rest_route=%2Fwp%2Fv2%2Fmedia&parent=38338"}],"wp:term":[{"taxonomy":"category","embeddable":true,"href":"https:\/\/radiorevelacionfm.cl\/index.php?rest_route=%2Fwp%2Fv2%2Fcategories&post=38338"},{"taxonomy":"post_tag","embeddable":true,"href":"https:\/\/radiorevelacionfm.cl\/index.php?rest_route=%2Fwp%2Fv2%2Ftags&post=38338"}],"curies":[{"name":"wp","href":"https:\/\/api.w.org\/{rel}","templated":true}]}}