{"id":38335,"date":"2023-12-27T10:42:57","date_gmt":"2023-12-27T13:42:57","guid":{"rendered":"https:\/\/radiorevelacionfm.cl\/?p=38335"},"modified":"2023-12-27T10:42:57","modified_gmt":"2023-12-27T13:42:57","slug":"iluminando-y-conectando-a-la-comunidad-edelaysen-fortalece-vinculacion-con-miles-de-vecinos-del-sur","status":"publish","type":"post","link":"https:\/\/radiorevelacionfm.cl\/?p=38335","title":{"rendered":"Iluminando y conectando a la comunidad Edelaysen fortalece vinculaci\u00f3n con miles de vecinos del sur"},"content":{"rendered":"<div class=\"flex_column av_one_full  flex_column_div av-zero-column-padding first  avia-builder-el-0  el_before_av_one_full  avia-builder-el-first  \" style='border-radius:0px; '><div  class='avia-image-container  av-styling-    avia-builder-el-1  avia-builder-el-no-sibling  avia-align-center '  itemprop=\"image\" itemscope=\"itemscope\" itemtype=\"https:\/\/schema.org\/ImageObject\"  ><div class='avia-image-container-inner'><div class='avia-image-overlay-wrap'><img decoding=\"async\" class='wp-image-38336 avia-img-lazy-loading-not-38336 avia_image' src=\"https:\/\/radiorevelacionfm.cl\/wp-content\/uploads\/2023\/12\/sustentabilidad0-1_optimized-1.jpeg\" alt='' title='sustentabilidad0-(1)_optimized (1)' height=\"600\" width=\"901\"  itemprop=\"thumbnailUrl\" srcset=\"https:\/\/radiorevelacionfm.cl\/wp-content\/uploads\/2023\/12\/sustentabilidad0-1_optimized-1.jpeg 901w, https:\/\/radiorevelacionfm.cl\/wp-content\/uploads\/2023\/12\/sustentabilidad0-1_optimized-1-300x200.jpeg 300w, https:\/\/radiorevelacionfm.cl\/wp-content\/uploads\/2023\/12\/sustentabilidad0-1_optimized-1-768x511.jpeg 768w, https:\/\/radiorevelacionfm.cl\/wp-content\/uploads\/2023\/12\/sustentabilidad0-1_optimized-1-705x469.jpeg 705w, https:\/\/radiorevelacionfm.cl\/wp-content\/uploads\/2023\/12\/sustentabilidad0-1_optimized-1-450x300.jpeg 450w, https:\/\/radiorevelacionfm.cl\/wp-content\/uploads\/2023\/12\/sustentabilidad0-1_optimized-1-600x400.jpeg 600w\" sizes=\"(max-width: 901px) 100vw, 901px\" \/><\/div><\/div><\/div><\/div><div class=\"flex_column av_one_full  flex_column_div av-zero-column-padding first  avia-builder-el-2  el_after_av_one_full  el_before_av_one_full  column-top-margin\" style='border-radius:0px; '><section class=\"av_textblock_section \"  itemscope=\"itemscope\" itemtype=\"https:\/\/schema.org\/BlogPosting\" itemprop=\"blogPost\" ><div class='avia_textblock  '   itemprop=\"text\" ><p style=\"text-align: center;\"><strong><span style=\"font-size: 18pt;\">Iluminando y conectando a la comunidad Edelaysen fortalece vinculaci\u00f3n con miles de vecinos del sur<\/span><\/strong><\/p>\n<div id=\"gtx-trans\" style=\"position: absolute; left: -50px; top: 4.31534px;\">\n<div class=\"gtx-trans-icon\"><\/div>\n<\/div>\n<\/div><\/section><\/div><div class=\"flex_column av_one_full  flex_column_div av-zero-column-padding first  avia-builder-el-4  el_after_av_one_full  el_before_av_hr  column-top-margin\" style='border-radius:0px; '><section class=\"av_textblock_section \"  itemscope=\"itemscope\" itemtype=\"https:\/\/schema.org\/BlogPosting\" itemprop=\"blogPost\" ><div class='avia_textblock  '   itemprop=\"text\" ><p style=\"text-align: justify;\">Hace m\u00e1s de 20 a\u00f1os, la empresa el\u00e9ctrica apoya constantemente a sus vecinos con diversas iniciativas que aportan a su desarrollo, tales como capacitaciones, nuevas conexiones el\u00e9ctricas, educaci\u00f3n energ\u00e9tica y medio ambiente, deporte, entre otras.<\/p>\n<p style=\"text-align: justify;\">Grupo Saesa y sus filiales Saesa, Frontel, Luz Osorno y Edelaysen, cierran el a\u00f1o 2023 mucho m\u00e1s conectadas con las comunidades a las que impacta entre las regiones del \u00d1uble y Ays\u00e9n, centr\u00e1ndose en una relaci\u00f3n cada vez m\u00e1s directa y humana. Por un lado, ha fortalecido sus canales de comunicaci\u00f3n digitales, facilitando la relaci\u00f3n y entrega de informaci\u00f3n \u00fatil y relevante para m\u00e1s de 1 mill\u00f3n de clientes.<\/p>\n<p style=\"text-align: justify;\">Somos Vecinos<\/p>\n<p style=\"text-align: justify;\">La esencia de la vinculaci\u00f3n de la compa\u00f1\u00eda es el di\u00e1logo, escucha activa, transparencia y empat\u00eda por los intereses de la comunidad, siendo precisamente esos conceptos, los que sostienen y definen al resto de las iniciativas de relacionamiento comunitario de Grupo Saesa.<\/p>\n<p style=\"text-align: justify;\">As\u00ed lo detalla Alondra Leal, gerente de Asuntos Corporativos de Grupo Saesa, quien indica que \u00abbuscamos una conexi\u00f3n real con sus clientes y sus necesidades a trav\u00e9s de nuestros m\u00e1s de 10 programas de relacionamiento, logrando estrechar v\u00ednculos con m\u00e1s 55 mil vecinos y vecinas que resultaron beneficiados este a\u00f1o en el todo el territorio en que distribuimos energ\u00eda\u201d.<\/p>\n<p style=\"text-align: justify;\">Mujeres con Energ\u00eda<\/p>\n<p style=\"text-align: justify;\">Con gran impacto, desde su creaci\u00f3n en 2021, el exitoso programa de vinculaci\u00f3n \u201cMujeres con Energ\u00eda\u201d, busca reconocer y apoyar a centenares de micro emprendedoras que destaquen por su capacidad de adaptaci\u00f3n y riesgo para apostar por nuevos proyectos, ideas de negocios y emprendimientos. Desde su primera convocatoria, este programa ya ha capacitado a m\u00e1s de 550 mujeres a trav\u00e9s de la Academia de Empoderamiento Femenino, que se realiza en coordinaci\u00f3n con el Centro de Negocios Puerto Varas de Sercotec y el Instituto AIEP.<\/p>\n<p style=\"text-align: justify;\">Karen Zanzana quien tiene un emprendimiento de embutidos artesanales \u201cLindo Pial\u201d en Cochrane, destac\u00f3 \u201cestoy muy agradecida por esta academia ya que es s\u00faper buena y completa, independiente del premio monetario que uno se puede ganar es una instancia que te ayuda a generar alianzas con otras mujeres del resto del pa\u00eds, emprendedoras donde se pueden compartir conocimientos y tips siempre con el fin de mejorar tu negocio\u201d.<\/p>\n<p style=\"text-align: justify;\">Conecta tu Energ\u00eda<\/p>\n<p style=\"text-align: justify;\">Lograr una conexi\u00f3n real con la comunidad se extiende tambi\u00e9n a trav\u00e9s de la iniciativa \u201cConecta tu Energ\u00eda\u201d, programa a trav\u00e9s del cual, pacientes, familiares y trabajadores de centros de salud, hospitales, terminales de buses y bibliotecas, pueden cargar sus tel\u00e9fonos celulares de manera segura y gratuita, con m\u00e1s de 67 t\u00f3tems de carga instalados en distintas zonas e instituciones, beneficiando a m\u00e1s de 55.600 usuarios.<\/p>\n<p style=\"text-align: justify;\">Barrios con Energ\u00eda<\/p>\n<p style=\"text-align: justify;\">Es otra forma de escuchar y atender un problema ciudadano. \u201cBarrios con Energ\u00eda\u201d ilumina y mejora las instalaciones lum\u00ednicas de espacios de encuentro de los vecinos como plazas, canchas e incluso paraderos del transporte p\u00fablico, en casi 40 comunas del sur del pa\u00eds brind\u00e1ndoles m\u00e1s espacios de esparcimiento y mayor seguridad.<\/p>\n<p style=\"text-align: justify;\">Por su parte, la presidenta de la Junta de Vecinos General Bernales, Mireya Catal\u00e1n destac\u00f3 \u201cPara nosotros fue una ayuda fundamental de parte de la empresa Edelaysen porque nuestra iluminaria de la sede y los artefactos eran muy antiguos, entonces el costo tambi\u00e9n que significaba para la Junta de Vecinos poder mejorar las condiciones, tanto de luz como tambi\u00e9n de seguridad en los enchufes y los artefactos, fue fundamental\u201d.<\/p>\n<p style=\"text-align: justify;\">No m\u00e1s Pilas<\/p>\n<p style=\"text-align: justify;\">Asimismo, el cuidado al medio ambiente se ha convertido en uno de los pilares fundamentales al momento de la vinculaci\u00f3n, por eso el \u00e9xito del programa \u201cNo m\u00e1s pilas\u201d, que desde hace 12 a\u00f1os re\u00fane estos elementos en desuso gracias a convenios con municipios, establecimientos educacionales e instituciones p\u00fablicas y privadas. A trav\u00e9s de esta iniciativa, la empresa ha logrado reunir a la fecha m\u00e1s de 90 mil kilos de pilas, altamente contaminantes, y haci\u00e9ndose cargo del traslado para su disposici\u00f3n final.<\/p>\n<p style=\"text-align: justify;\">Reuniones transparentes y cercanas, capacitaci\u00f3n y reconocimiento, conexi\u00f3n, medio ambiente, educaci\u00f3n y deporte son las principales bases de vinculaci\u00f3n de Grupo Saesa con su entorno. Por medio de sus colaboradores y de otros programas como \u201cEscuelas con Energ\u00eda\u201d, \u201cLiceos El\u00e9ctricos\u201d, \u201cConecta tu Sede\u201d y \u201cLiga Saesa\u201d, la empresa el\u00e9ctrica logra un acercamiento real y valorado por sus clientes y las comunidades del sur de Chile.<\/p>\n<\/div><\/section><\/div><div  style='height:50px' class='hr hr-invisible   avia-builder-el-6  el_after_av_one_full  el_before_av_social_share '><span class='hr-inner ' ><span class='hr-inner-style'><\/span><\/span><\/div><\/p>\n<div  class='av-social-sharing-box  avia-builder-el-7  el_after_av_hr  el_before_av_hr  '><div class='av-share-box'><h5 class='av-share-link-description av-no-toc '>Compartir esta noticia<\/h5><ul class='av-share-box-list noLightbox'><li class='av-share-link av-social-link-facebook' ><a target=\"_blank\" aria-label=\"Compartir en Facebook\" href='https:\/\/www.facebook.com\/sharer.php?u=https:\/\/radiorevelacionfm.cl\/?p=38335&#038;t=Iluminando%20y%20conectando%20a%20la%20comunidad%20Edelaysen%20fortalece%20vinculaci%C3%B3n%20con%20miles%20de%20vecinos%20del%20sur' aria-hidden='false' data-av_icon='\ue8f3' data-av_iconfont='entypo-fontello' title='' data-avia-related-tooltip='Compartir en Facebook' rel=\"noopener\"><span class='avia_hidden_link_text'>Compartir en Facebook<\/span><\/a><\/li><li class='av-share-link av-social-link-twitter' ><a target=\"_blank\" aria-label=\"Compartir en Twitter\" href='https:\/\/twitter.com\/share?text=Iluminando%20y%20conectando%20a%20la%20comunidad%20Edelaysen%20fortalece%20vinculaci%C3%B3n%20con%20miles%20de%20vecinos%20del%20sur&#038;url=https:\/\/radiorevelacionfm.cl\/?p=38335' aria-hidden='false' data-av_icon='\ue8f1' data-av_iconfont='entypo-fontello' title='' data-avia-related-tooltip='Compartir en Twitter' rel=\"noopener\"><span class='avia_hidden_link_text'>Compartir en Twitter<\/span><\/a><\/li><li class='av-share-link av-social-link-whatsapp' ><a target=\"_blank\" aria-label=\"Compartir en Whatsapp\" href='https:\/\/api.whatsapp.com\/send?text=https:\/\/radiorevelacionfm.cl\/?p=38335' aria-hidden='false' data-av_icon='\uf232' data-av_iconfont='entypo-fontello' title='' data-avia-related-tooltip='Compartir en Whatsapp' rel=\"noopener\"><span class='avia_hidden_link_text'>Compartir en Whatsapp<\/span><\/a><\/li><li class='av-share-link av-social-link-linkedin' ><a target=\"_blank\" aria-label=\"Compartir en LinkedIn\" href='https:\/\/linkedin.com\/shareArticle?mini=true&#038;title=Iluminando%20y%20conectando%20a%20la%20comunidad%20Edelaysen%20fortalece%20vinculaci%C3%B3n%20con%20miles%20de%20vecinos%20del%20sur&#038;url=https:\/\/radiorevelacionfm.cl\/?p=38335' aria-hidden='false' data-av_icon='\ue8fc' data-av_iconfont='entypo-fontello' title='' data-avia-related-tooltip='Compartir en LinkedIn' rel=\"noopener\"><span class='avia_hidden_link_text'>Compartir en LinkedIn<\/span><\/a><\/li><li class='av-share-link av-social-link-mail' ><a  aria-label=\"Compartir por correo\" href='mailto:?subject=Iluminando%20y%20conectando%20a%20la%20comunidad%20Edelaysen%20fortalece%20vinculaci%C3%B3n%20con%20miles%20de%20vecinos%20del%20sur&#038;body=https:\/\/radiorevelacionfm.cl\/?p=38335' aria-hidden='false' data-av_icon='\ue805' data-av_iconfont='entypo-fontello' title='' data-avia-related-tooltip='Compartir por correo'><span class='avia_hidden_link_text'>Compartir por correo<\/span><\/a><\/li><\/ul><\/div><\/div>\n<div  style='height:50px' class='hr hr-invisible   avia-builder-el-8  el_after_av_social_share  el_before_av_comments_list '><span class='hr-inner ' ><span class='hr-inner-style'><\/span><\/span><\/div>\n<div  class='av-buildercomment  av-blog-meta-html-info-disabled av-blog-meta-tag-disabled  '><\/div>\n","protected":false},"excerpt":{"rendered":"","protected":false},"author":1,"featured_media":38336,"comment_status":"open","ping_status":"open","sticky":false,"template":"","format":"standard","meta":{"footnotes":""},"categories":[38],"tags":[],"class_list":["post-38335","post","type-post","status-publish","format-standard","has-post-thumbnail","hentry","category-regional"],"jetpack_featured_media_url":"https:\/\/radiorevelacionfm.cl\/wp-content\/uploads\/2023\/12\/sustentabilidad0-1_optimized-1.jpeg","_links":{"self":[{"href":"https:\/\/radiorevelacionfm.cl\/index.php?rest_route=\/wp\/v2\/posts\/38335","targetHints":{"allow":["GET"]}}],"collection":[{"href":"https:\/\/radiorevelacionfm.cl\/index.php?rest_route=\/wp\/v2\/posts"}],"about":[{"href":"https:\/\/radiorevelacionfm.cl\/index.php?rest_route=\/wp\/v2\/types\/post"}],"author":[{"embeddable":true,"href":"https:\/\/radiorevelacionfm.cl\/index.php?rest_route=\/wp\/v2\/users\/1"}],"replies":[{"embeddable":true,"href":"https:\/\/radiorevelacionfm.cl\/index.php?rest_route=%2Fwp%2Fv2%2Fcomments&post=38335"}],"version-history":[{"count":1,"href":"https:\/\/radiorevelacionfm.cl\/index.php?rest_route=\/wp\/v2\/posts\/38335\/revisions"}],"predecessor-version":[{"id":38337,"href":"https:\/\/radiorevelacionfm.cl\/index.php?rest_route=\/wp\/v2\/posts\/38335\/revisions\/38337"}],"wp:featuredmedia":[{"embeddable":true,"href":"https:\/\/radiorevelacionfm.cl\/index.php?rest_route=\/wp\/v2\/media\/38336"}],"wp:attachment":[{"href":"https:\/\/radiorevelacionfm.cl\/index.php?rest_route=%2Fwp%2Fv2%2Fmedia&parent=38335"}],"wp:term":[{"taxonomy":"category","embeddable":true,"href":"https:\/\/radiorevelacionfm.cl\/index.php?rest_route=%2Fwp%2Fv2%2Fcategories&post=38335"},{"taxonomy":"post_tag","embeddable":true,"href":"https:\/\/radiorevelacionfm.cl\/index.php?rest_route=%2Fwp%2Fv2%2Ftags&post=38335"}],"curies":[{"name":"wp","href":"https:\/\/api.w.org\/{rel}","templated":true}]}}