{"id":38333,"date":"2023-12-26T20:49:48","date_gmt":"2023-12-26T23:49:48","guid":{"rendered":"https:\/\/radiorevelacionfm.cl\/?p=38333"},"modified":"2023-12-26T20:49:48","modified_gmt":"2023-12-26T23:49:48","slug":"calisto-resalta-aprobacion-de-proyecto-que-crea-la-fiscalia-supraterritorial","status":"publish","type":"post","link":"https:\/\/radiorevelacionfm.cl\/?p=38333","title":{"rendered":"Calisto resalta aprobaci\u00f3n de proyecto que crea la fiscal\u00eda Supraterritorial"},"content":{"rendered":"<div class=\"flex_column av_one_full  flex_column_div av-zero-column-padding first  avia-builder-el-0  el_before_av_one_full  avia-builder-el-first  \" style='border-radius:0px; '><div  class='avia-image-container  av-styling-    avia-builder-el-1  avia-builder-el-no-sibling  avia-align-center '  itemprop=\"image\" itemscope=\"itemscope\" itemtype=\"https:\/\/schema.org\/ImageObject\"  ><div class='avia-image-container-inner'><div class='avia-image-overlay-wrap'><img decoding=\"async\" class='wp-image-37338 avia-img-lazy-loading-not-37338 avia_image' src=\"https:\/\/radiorevelacionfm.cl\/wp-content\/uploads\/2023\/11\/CALISTO-EN-LA-CAMARA-1-1.jpeg\" alt='' title='CALISTO EN LA C\u00c1MARA (1) (1)' height=\"600\" width=\"900\"  itemprop=\"thumbnailUrl\" srcset=\"https:\/\/radiorevelacionfm.cl\/wp-content\/uploads\/2023\/11\/CALISTO-EN-LA-CAMARA-1-1.jpeg 900w, https:\/\/radiorevelacionfm.cl\/wp-content\/uploads\/2023\/11\/CALISTO-EN-LA-CAMARA-1-1-300x200.jpeg 300w, https:\/\/radiorevelacionfm.cl\/wp-content\/uploads\/2023\/11\/CALISTO-EN-LA-CAMARA-1-1-768x512.jpeg 768w, https:\/\/radiorevelacionfm.cl\/wp-content\/uploads\/2023\/11\/CALISTO-EN-LA-CAMARA-1-1-705x470.jpeg 705w, https:\/\/radiorevelacionfm.cl\/wp-content\/uploads\/2023\/11\/CALISTO-EN-LA-CAMARA-1-1-450x300.jpeg 450w, https:\/\/radiorevelacionfm.cl\/wp-content\/uploads\/2023\/11\/CALISTO-EN-LA-CAMARA-1-1-600x400.jpeg 600w\" sizes=\"(max-width: 900px) 100vw, 900px\" \/><\/div><\/div><\/div><\/div><div class=\"flex_column av_one_full  flex_column_div av-zero-column-padding first  avia-builder-el-2  el_after_av_one_full  el_before_av_one_full  column-top-margin\" style='border-radius:0px; '><section class=\"av_textblock_section \"  itemscope=\"itemscope\" itemtype=\"https:\/\/schema.org\/BlogPosting\" itemprop=\"blogPost\" ><div class='avia_textblock  '   itemprop=\"text\" ><p style=\"text-align: center;\"><span style=\"font-size: 18pt;\"><b><span lang=\"ES\">Calisto resalta aprobaci\u00f3n de proyecto que crea la fiscal\u00eda Supraterritorial<\/span><\/b><\/span><\/p>\n<div id=\"gtx-trans\" style=\"position: absolute; left: -50px; top: 4.31534px;\">\n<div class=\"gtx-trans-icon\"><\/div>\n<\/div>\n<\/div><\/section><\/div><div class=\"flex_column av_one_full  flex_column_div av-zero-column-padding first  avia-builder-el-4  el_after_av_one_full  el_before_av_hr  column-top-margin\" style='border-radius:0px; '><section class=\"av_textblock_section \"  itemscope=\"itemscope\" itemtype=\"https:\/\/schema.org\/BlogPosting\" itemprop=\"blogPost\" ><div class='avia_textblock  '   itemprop=\"text\" ><p style=\"font-weight: 400; text-align: justify;\">Como un gran paso calific\u00f3 el diputado Miguel \u00c1ngel Calisto la aprobaci\u00f3n del proyecto que crea la fiscal\u00eda Supraterritorial, organismo que ser\u00e1 encargada de investigar los delitos de alta complejidad y el crimen organizado, y que qued\u00f3 lista para ser ley luego de su aprobaci\u00f3n en la Comisi\u00f3n de Constituci\u00f3n y en la sala de la C\u00e1mara.<\/p>\n<p style=\"font-weight: 400; text-align: justify;\">La instancia desempe\u00f1ar\u00e1 sus funciones respecto a il\u00edcitos en los cuales existan antecedentes de la intervenci\u00f3n de asociaciones delictivas o criminales, y cuando los hechos requieran una direcci\u00f3n supraterritorial o transnacional de la investigaci\u00f3n.<\/p>\n<p style=\"font-weight: 400; text-align: justify;\">Seg\u00fan el diputado Calisto, quien es miembro de la comisi\u00f3n de Constituci\u00f3n donde se revis\u00f3 en detalle el proyecto, \u201chemos tenido un aumento explosivo de la criminalidad y \u00a0del crimen organizado en Chile. Desde el a\u00f1o 2018 al 2022, hemos pasado del 23,7% al 41,6% de cr\u00edmenes vinculados con organizaciones criminales. Lamentablemente, el peak de homicidios fue el a\u00f1o 2022. Los asesinatos han aumentado de 845 a 1322 en los mismos a\u00f1os, y s\u00f3lo en el 58% se identifica al responsable\u201d.<\/p>\n<p style=\"font-weight: 400; text-align: justify;\">\u201cLamentablemente en Chile el homicidio se ha profesionalizado, los victimarios tienen m\u00e1s conocimiento y experiencia para ocultar sus cr\u00edmenes\u201d, enfatiz\u00f3.<\/p>\n<p style=\"font-weight: 400; text-align: justify;\">Calisto agreg\u00f3 que \u201cpor eso es tan importante la discusi\u00f3n que estamos dando hoy en d\u00eda respecto de la creaci\u00f3n de la Fiscal\u00eda Supraterritorial, especializada en crimen organizado y delitos de alta complejidad. Esto no tiene que ver con las disputas entre la izquierda y la derecha, esto es una urgencia del pa\u00eds\u201d.<\/p>\n<p style=\"font-weight: 400; text-align: justify;\">\u201cEn la Comisi\u00f3n de Constituci\u00f3n pudimos ver algunos videos respecto de c\u00f3mo est\u00e1 operando la criminalidad, c\u00f3mo los delitos han aumentado en el norte del pa\u00eds, homicidios a sangre fr\u00eda, nunca hab\u00edamos visto delitos tan horrendos, por lo que ahora se requiere compromiso y la voluntad de todo el Congreso para sacar adelante las iniciativas que puedan enfrentar la criminalidad\u201d, indic\u00f3.<\/p>\n<p style=\"font-weight: 400; text-align: justify;\">Finalmente, el diputado Calisto se\u00f1al\u00f3 que \u201cen este sentido, el fortalecimiento de las polic\u00edas, la Fiscal\u00eda Supraterritorial y otras, deben ser herramientas que permitan poner a estos delincuentes tras las rejas. Tambi\u00e9n tenemos que enfrentar la inmigraci\u00f3n irregular. No es el momento de sacar partido y peque\u00f1eces pol\u00edticas de izquierda o derecha, porque la situaci\u00f3n de seguridad se est\u00e1 desbordando en Chile\u201d.<\/p>\n<\/div><\/section><\/div><div  style='height:50px' class='hr hr-invisible   avia-builder-el-6  el_after_av_one_full  el_before_av_social_share '><span class='hr-inner ' ><span class='hr-inner-style'><\/span><\/span><\/div><\/p>\n<div  class='av-social-sharing-box  avia-builder-el-7  el_after_av_hr  el_before_av_hr  '><div class='av-share-box'><h5 class='av-share-link-description av-no-toc '>Compartir esta noticia<\/h5><ul class='av-share-box-list noLightbox'><li class='av-share-link av-social-link-facebook' ><a target=\"_blank\" aria-label=\"Compartir en Facebook\" href='https:\/\/www.facebook.com\/sharer.php?u=https:\/\/radiorevelacionfm.cl\/?p=38333&#038;t=Calisto%20resalta%20aprobaci%C3%B3n%20de%20proyecto%20que%20crea%20la%20fiscal%C3%ADa%20Supraterritorial' aria-hidden='false' data-av_icon='\ue8f3' data-av_iconfont='entypo-fontello' title='' data-avia-related-tooltip='Compartir en Facebook' rel=\"noopener\"><span class='avia_hidden_link_text'>Compartir en Facebook<\/span><\/a><\/li><li class='av-share-link av-social-link-twitter' ><a target=\"_blank\" aria-label=\"Compartir en Twitter\" href='https:\/\/twitter.com\/share?text=Calisto%20resalta%20aprobaci%C3%B3n%20de%20proyecto%20que%20crea%20la%20fiscal%C3%ADa%20Supraterritorial&#038;url=https:\/\/radiorevelacionfm.cl\/?p=38333' aria-hidden='false' data-av_icon='\ue8f1' data-av_iconfont='entypo-fontello' title='' data-avia-related-tooltip='Compartir en Twitter' rel=\"noopener\"><span class='avia_hidden_link_text'>Compartir en Twitter<\/span><\/a><\/li><li class='av-share-link av-social-link-whatsapp' ><a target=\"_blank\" aria-label=\"Compartir en Whatsapp\" href='https:\/\/api.whatsapp.com\/send?text=https:\/\/radiorevelacionfm.cl\/?p=38333' aria-hidden='false' data-av_icon='\uf232' data-av_iconfont='entypo-fontello' title='' data-avia-related-tooltip='Compartir en Whatsapp' rel=\"noopener\"><span class='avia_hidden_link_text'>Compartir en Whatsapp<\/span><\/a><\/li><li class='av-share-link av-social-link-linkedin' ><a target=\"_blank\" aria-label=\"Compartir en LinkedIn\" href='https:\/\/linkedin.com\/shareArticle?mini=true&#038;title=Calisto%20resalta%20aprobaci%C3%B3n%20de%20proyecto%20que%20crea%20la%20fiscal%C3%ADa%20Supraterritorial&#038;url=https:\/\/radiorevelacionfm.cl\/?p=38333' aria-hidden='false' data-av_icon='\ue8fc' data-av_iconfont='entypo-fontello' title='' data-avia-related-tooltip='Compartir en LinkedIn' rel=\"noopener\"><span class='avia_hidden_link_text'>Compartir en LinkedIn<\/span><\/a><\/li><li class='av-share-link av-social-link-mail' ><a  aria-label=\"Compartir por correo\" href='mailto:?subject=Calisto%20resalta%20aprobaci%C3%B3n%20de%20proyecto%20que%20crea%20la%20fiscal%C3%ADa%20Supraterritorial&#038;body=https:\/\/radiorevelacionfm.cl\/?p=38333' aria-hidden='false' data-av_icon='\ue805' data-av_iconfont='entypo-fontello' title='' data-avia-related-tooltip='Compartir por correo'><span class='avia_hidden_link_text'>Compartir por correo<\/span><\/a><\/li><\/ul><\/div><\/div>\n<div  style='height:50px' class='hr hr-invisible   avia-builder-el-8  el_after_av_social_share  el_before_av_comments_list '><span class='hr-inner ' ><span class='hr-inner-style'><\/span><\/span><\/div>\n<div  class='av-buildercomment  av-blog-meta-html-info-disabled av-blog-meta-tag-disabled  '><\/div>\n","protected":false},"excerpt":{"rendered":"","protected":false},"author":1,"featured_media":37338,"comment_status":"open","ping_status":"open","sticky":false,"template":"","format":"standard","meta":{"footnotes":""},"categories":[35],"tags":[],"class_list":["post-38333","post","type-post","status-publish","format-standard","has-post-thumbnail","hentry","category-politica"],"jetpack_featured_media_url":"https:\/\/radiorevelacionfm.cl\/wp-content\/uploads\/2023\/11\/CALISTO-EN-LA-CAMARA-1-1.jpeg","_links":{"self":[{"href":"https:\/\/radiorevelacionfm.cl\/index.php?rest_route=\/wp\/v2\/posts\/38333","targetHints":{"allow":["GET"]}}],"collection":[{"href":"https:\/\/radiorevelacionfm.cl\/index.php?rest_route=\/wp\/v2\/posts"}],"about":[{"href":"https:\/\/radiorevelacionfm.cl\/index.php?rest_route=\/wp\/v2\/types\/post"}],"author":[{"embeddable":true,"href":"https:\/\/radiorevelacionfm.cl\/index.php?rest_route=\/wp\/v2\/users\/1"}],"replies":[{"embeddable":true,"href":"https:\/\/radiorevelacionfm.cl\/index.php?rest_route=%2Fwp%2Fv2%2Fcomments&post=38333"}],"version-history":[{"count":1,"href":"https:\/\/radiorevelacionfm.cl\/index.php?rest_route=\/wp\/v2\/posts\/38333\/revisions"}],"predecessor-version":[{"id":38334,"href":"https:\/\/radiorevelacionfm.cl\/index.php?rest_route=\/wp\/v2\/posts\/38333\/revisions\/38334"}],"wp:featuredmedia":[{"embeddable":true,"href":"https:\/\/radiorevelacionfm.cl\/index.php?rest_route=\/wp\/v2\/media\/37338"}],"wp:attachment":[{"href":"https:\/\/radiorevelacionfm.cl\/index.php?rest_route=%2Fwp%2Fv2%2Fmedia&parent=38333"}],"wp:term":[{"taxonomy":"category","embeddable":true,"href":"https:\/\/radiorevelacionfm.cl\/index.php?rest_route=%2Fwp%2Fv2%2Fcategories&post=38333"},{"taxonomy":"post_tag","embeddable":true,"href":"https:\/\/radiorevelacionfm.cl\/index.php?rest_route=%2Fwp%2Fv2%2Ftags&post=38333"}],"curies":[{"name":"wp","href":"https:\/\/api.w.org\/{rel}","templated":true}]}}