{"id":38331,"date":"2023-12-26T19:09:54","date_gmt":"2023-12-26T22:09:54","guid":{"rendered":"https:\/\/radiorevelacionfm.cl\/?p=38331"},"modified":"2023-12-26T19:09:54","modified_gmt":"2023-12-26T22:09:54","slug":"a-15-anos-de-presidio-fue-sentenciado-imputado-que-hizo-estallar-un-cilindro-de-gas-para-intentar-dar-muerte-a-su-pareja","status":"publish","type":"post","link":"https:\/\/radiorevelacionfm.cl\/?p=38331","title":{"rendered":"A 15 a\u00f1os de presidio fue sentenciado imputado que hizo estallar un cilindro de gas para intentar dar muerte a su pareja"},"content":{"rendered":"<div class=\"flex_column av_one_full  flex_column_div av-zero-column-padding first  avia-builder-el-0  el_before_av_one_full  avia-builder-el-first  \" style='border-radius:0px; '><div  class='avia-image-container  av-styling-    avia-builder-el-1  avia-builder-el-no-sibling  avia-align-center '  itemprop=\"image\" itemscope=\"itemscope\" itemtype=\"https:\/\/schema.org\/ImageObject\"  ><div class='avia-image-container-inner'><div class='avia-image-overlay-wrap'><img decoding=\"async\" class='wp-image-31966 avia-img-lazy-loading-not-31966 avia_image' src=\"https:\/\/radiorevelacionfm.cl\/wp-content\/uploads\/2023\/06\/fiscalia_aysen1-2-1_optimized.jpg\" alt='' title='fiscalia_aysen1-(2)-(1)_optimized' height=\"600\" width=\"900\"  itemprop=\"thumbnailUrl\" srcset=\"https:\/\/radiorevelacionfm.cl\/wp-content\/uploads\/2023\/06\/fiscalia_aysen1-2-1_optimized.jpg 900w, https:\/\/radiorevelacionfm.cl\/wp-content\/uploads\/2023\/06\/fiscalia_aysen1-2-1_optimized-300x200.jpg 300w, https:\/\/radiorevelacionfm.cl\/wp-content\/uploads\/2023\/06\/fiscalia_aysen1-2-1_optimized-768x512.jpg 768w, https:\/\/radiorevelacionfm.cl\/wp-content\/uploads\/2023\/06\/fiscalia_aysen1-2-1_optimized-705x470.jpg 705w, https:\/\/radiorevelacionfm.cl\/wp-content\/uploads\/2023\/06\/fiscalia_aysen1-2-1_optimized-450x300.jpg 450w, https:\/\/radiorevelacionfm.cl\/wp-content\/uploads\/2023\/06\/fiscalia_aysen1-2-1_optimized-600x400.jpg 600w\" sizes=\"(max-width: 900px) 100vw, 900px\" \/><\/div><\/div><\/div><\/div><div class=\"flex_column av_one_full  flex_column_div av-zero-column-padding first  avia-builder-el-2  el_after_av_one_full  el_before_av_one_full  column-top-margin\" style='border-radius:0px; '><section class=\"av_textblock_section \"  itemscope=\"itemscope\" itemtype=\"https:\/\/schema.org\/BlogPosting\" itemprop=\"blogPost\" ><div class='avia_textblock  '   itemprop=\"text\" ><p style=\"text-align: center;\"><strong><span style=\"font-size: 18pt;\">A 15 a\u00f1os de presidio fue sentenciado imputado que hizo estallar un cilindro de gas para intentar dar muerte a su pareja<\/span><\/strong><\/p>\n<div id=\"gtx-trans\" style=\"position: absolute; left: -50px; top: 4.31534px;\">\n<div class=\"gtx-trans-icon\"><\/div>\n<\/div>\n<\/div><\/section><\/div><div class=\"flex_column av_one_full  flex_column_div av-zero-column-padding first  avia-builder-el-4  el_after_av_one_full  el_before_av_hr  column-top-margin\" style='border-radius:0px; '><section class=\"av_textblock_section \"  itemscope=\"itemscope\" itemtype=\"https:\/\/schema.org\/BlogPosting\" itemprop=\"blogPost\" ><div class='avia_textblock  '   itemprop=\"text\" ><p style=\"text-align: justify;\">Tras una acusaci\u00f3n presentada por la Fiscal\u00eda Local de Puerto Ays\u00e9n, fue condenado un imputado de 47 a\u00f1os como autor del delito de femicidio frustrado en contra de su pareja, para lo cual hizo estallar un cilindro de gas.<\/p>\n<p style=\"text-align: justify;\">El imputado fue sentenciado a la pena de 15 a\u00f1os de presidio mayor en su grado medio y a la prohibici\u00f3n de acercarse a la v\u00edctima, o a su domicilio, lugar de trabajo o estudio, as\u00ed como a cualquier otro lugar al que ella concurra, por el lapso de un a\u00f1o a contar que el sentenciado recupere su libertad.<\/p>\n<p style=\"text-align: justify;\">PRUEBAS<\/p>\n<p style=\"text-align: justify;\">En base a las pruebas presentadas en el juicio por el fiscal Alex Olivero N\u00fa\u00f1ez, el 17 de febrero del 2022 alrededor de las 06:00 horas, en un domicilio ubicado en Puerto Ays\u00e9n, la v\u00edctima se encontraba en compa\u00f1\u00eda de su conviviente, cuando este \u00faltimo con objeto de matarla, cort\u00f3 la manguera de un cilindro de gas de 5 kilos, al cual posteriormente prendi\u00f3 fuego, gener\u00e1ndose una explosi\u00f3n.<\/p>\n<p style=\"text-align: justify;\">Producto de la agresi\u00f3n, la v\u00edctima result\u00f3 con heridas de car\u00e1cter grave, quemaduras de tercer grado en un 45% de su cuerpo, sin que se produjera su muerte ya que recibi\u00f3 atenci\u00f3n m\u00e9dica oportuna.<\/p>\n<p style=\"text-align: justify;\">En este caso, la Fiscal\u00eda solicit\u00f3 diligencias a personal de Carabineros de la Segunda Comisar\u00eda y pericias a profesionales del Servicio M\u00e9dico Legal. Adem\u00e1s, en el juicio oral intervino como querellante el Servicio Nacional de la Mujer y Equidad de G\u00e9nero.<\/p>\n<\/div><\/section><\/div><div  style='height:50px' class='hr hr-invisible   avia-builder-el-6  el_after_av_one_full  el_before_av_social_share '><span class='hr-inner ' ><span class='hr-inner-style'><\/span><\/span><\/div><\/p>\n<div  class='av-social-sharing-box  avia-builder-el-7  el_after_av_hr  el_before_av_hr  '><div class='av-share-box'><h5 class='av-share-link-description av-no-toc '>Compartir esta noticia<\/h5><ul class='av-share-box-list noLightbox'><li class='av-share-link av-social-link-facebook' ><a target=\"_blank\" aria-label=\"Compartir en Facebook\" href='https:\/\/www.facebook.com\/sharer.php?u=https:\/\/radiorevelacionfm.cl\/?p=38331&#038;t=A%2015%20a%C3%B1os%20de%20presidio%20fue%20sentenciado%20imputado%20que%20hizo%20estallar%20un%20cilindro%20de%20gas%20para%20intentar%20dar%20muerte%20a%20su%20pareja' aria-hidden='false' data-av_icon='\ue8f3' data-av_iconfont='entypo-fontello' title='' data-avia-related-tooltip='Compartir en Facebook' rel=\"noopener\"><span class='avia_hidden_link_text'>Compartir en Facebook<\/span><\/a><\/li><li class='av-share-link av-social-link-twitter' ><a target=\"_blank\" aria-label=\"Compartir en Twitter\" href='https:\/\/twitter.com\/share?text=A%2015%20a%C3%B1os%20de%20presidio%20fue%20sentenciado%20imputado%20que%20hizo%20estallar%20un%20cilindro%20de%20gas%20para%20intentar%20dar%20muerte%20a%20su%20pareja&#038;url=https:\/\/radiorevelacionfm.cl\/?p=38331' aria-hidden='false' data-av_icon='\ue8f1' data-av_iconfont='entypo-fontello' title='' data-avia-related-tooltip='Compartir en Twitter' rel=\"noopener\"><span class='avia_hidden_link_text'>Compartir en Twitter<\/span><\/a><\/li><li class='av-share-link av-social-link-whatsapp' ><a target=\"_blank\" aria-label=\"Compartir en Whatsapp\" href='https:\/\/api.whatsapp.com\/send?text=https:\/\/radiorevelacionfm.cl\/?p=38331' aria-hidden='false' data-av_icon='\uf232' data-av_iconfont='entypo-fontello' title='' data-avia-related-tooltip='Compartir en Whatsapp' rel=\"noopener\"><span class='avia_hidden_link_text'>Compartir en Whatsapp<\/span><\/a><\/li><li class='av-share-link av-social-link-linkedin' ><a target=\"_blank\" aria-label=\"Compartir en LinkedIn\" href='https:\/\/linkedin.com\/shareArticle?mini=true&#038;title=A%2015%20a%C3%B1os%20de%20presidio%20fue%20sentenciado%20imputado%20que%20hizo%20estallar%20un%20cilindro%20de%20gas%20para%20intentar%20dar%20muerte%20a%20su%20pareja&#038;url=https:\/\/radiorevelacionfm.cl\/?p=38331' aria-hidden='false' data-av_icon='\ue8fc' data-av_iconfont='entypo-fontello' title='' data-avia-related-tooltip='Compartir en LinkedIn' rel=\"noopener\"><span class='avia_hidden_link_text'>Compartir en LinkedIn<\/span><\/a><\/li><li class='av-share-link av-social-link-mail' ><a  aria-label=\"Compartir por correo\" href='mailto:?subject=A%2015%20a%C3%B1os%20de%20presidio%20fue%20sentenciado%20imputado%20que%20hizo%20estallar%20un%20cilindro%20de%20gas%20para%20intentar%20dar%20muerte%20a%20su%20pareja&#038;body=https:\/\/radiorevelacionfm.cl\/?p=38331' aria-hidden='false' data-av_icon='\ue805' data-av_iconfont='entypo-fontello' title='' data-avia-related-tooltip='Compartir por correo'><span class='avia_hidden_link_text'>Compartir por correo<\/span><\/a><\/li><\/ul><\/div><\/div>\n<div  style='height:50px' class='hr hr-invisible   avia-builder-el-8  el_after_av_social_share  el_before_av_comments_list '><span class='hr-inner ' ><span class='hr-inner-style'><\/span><\/span><\/div>\n<div  class='av-buildercomment  av-blog-meta-html-info-disabled av-blog-meta-tag-disabled  '><\/div>\n","protected":false},"excerpt":{"rendered":"","protected":false},"author":1,"featured_media":31966,"comment_status":"open","ping_status":"open","sticky":false,"template":"","format":"standard","meta":{"footnotes":""},"categories":[55],"tags":[],"class_list":["post-38331","post","type-post","status-publish","format-standard","has-post-thumbnail","hentry","category-justicia"],"jetpack_featured_media_url":"https:\/\/radiorevelacionfm.cl\/wp-content\/uploads\/2023\/06\/fiscalia_aysen1-2-1_optimized.jpg","_links":{"self":[{"href":"https:\/\/radiorevelacionfm.cl\/index.php?rest_route=\/wp\/v2\/posts\/38331","targetHints":{"allow":["GET"]}}],"collection":[{"href":"https:\/\/radiorevelacionfm.cl\/index.php?rest_route=\/wp\/v2\/posts"}],"about":[{"href":"https:\/\/radiorevelacionfm.cl\/index.php?rest_route=\/wp\/v2\/types\/post"}],"author":[{"embeddable":true,"href":"https:\/\/radiorevelacionfm.cl\/index.php?rest_route=\/wp\/v2\/users\/1"}],"replies":[{"embeddable":true,"href":"https:\/\/radiorevelacionfm.cl\/index.php?rest_route=%2Fwp%2Fv2%2Fcomments&post=38331"}],"version-history":[{"count":1,"href":"https:\/\/radiorevelacionfm.cl\/index.php?rest_route=\/wp\/v2\/posts\/38331\/revisions"}],"predecessor-version":[{"id":38332,"href":"https:\/\/radiorevelacionfm.cl\/index.php?rest_route=\/wp\/v2\/posts\/38331\/revisions\/38332"}],"wp:featuredmedia":[{"embeddable":true,"href":"https:\/\/radiorevelacionfm.cl\/index.php?rest_route=\/wp\/v2\/media\/31966"}],"wp:attachment":[{"href":"https:\/\/radiorevelacionfm.cl\/index.php?rest_route=%2Fwp%2Fv2%2Fmedia&parent=38331"}],"wp:term":[{"taxonomy":"category","embeddable":true,"href":"https:\/\/radiorevelacionfm.cl\/index.php?rest_route=%2Fwp%2Fv2%2Fcategories&post=38331"},{"taxonomy":"post_tag","embeddable":true,"href":"https:\/\/radiorevelacionfm.cl\/index.php?rest_route=%2Fwp%2Fv2%2Ftags&post=38331"}],"curies":[{"name":"wp","href":"https:\/\/api.w.org\/{rel}","templated":true}]}}