{"id":38328,"date":"2023-12-26T18:27:59","date_gmt":"2023-12-26T21:27:59","guid":{"rendered":"https:\/\/radiorevelacionfm.cl\/?p=38328"},"modified":"2023-12-26T18:27:59","modified_gmt":"2023-12-26T21:27:59","slug":"mop-invita-a-la-ciudadania-a-participar-en-la-elaboracion-del-plan-de-adaptacion-al-cambio-climatico-para-los-recursos-hidricos","status":"publish","type":"post","link":"https:\/\/radiorevelacionfm.cl\/?p=38328","title":{"rendered":"MOP invita a la ciudadan\u00eda a participar en la elaboraci\u00f3n del Plan de Adaptaci\u00f3n al Cambio Clim\u00e1tico para los Recursos H\u00eddricos"},"content":{"rendered":"<div class=\"flex_column av_one_full  flex_column_div av-zero-column-padding first  avia-builder-el-0  el_before_av_one_full  avia-builder-el-first  \" style='border-radius:0px; '><div  class='avia-image-container  av-styling-    avia-builder-el-1  avia-builder-el-no-sibling  avia-align-center '  itemprop=\"image\" itemscope=\"itemscope\" itemtype=\"https:\/\/schema.org\/ImageObject\"  ><div class='avia-image-container-inner'><div class='avia-image-overlay-wrap'><img decoding=\"async\" class='wp-image-38329 avia-img-lazy-loading-not-38329 avia_image' src=\"https:\/\/radiorevelacionfm.cl\/wp-content\/uploads\/2023\/12\/aguas-uno-1_optimized.jpg\" alt='' title='aguas-uno-(1)_optimized' height=\"745\" width=\"801\"  itemprop=\"thumbnailUrl\" srcset=\"https:\/\/radiorevelacionfm.cl\/wp-content\/uploads\/2023\/12\/aguas-uno-1_optimized.jpg 801w, https:\/\/radiorevelacionfm.cl\/wp-content\/uploads\/2023\/12\/aguas-uno-1_optimized-300x279.jpg 300w, https:\/\/radiorevelacionfm.cl\/wp-content\/uploads\/2023\/12\/aguas-uno-1_optimized-768x714.jpg 768w, https:\/\/radiorevelacionfm.cl\/wp-content\/uploads\/2023\/12\/aguas-uno-1_optimized-705x656.jpg 705w, https:\/\/radiorevelacionfm.cl\/wp-content\/uploads\/2023\/12\/aguas-uno-1_optimized-450x419.jpg 450w, https:\/\/radiorevelacionfm.cl\/wp-content\/uploads\/2023\/12\/aguas-uno-1_optimized-600x558.jpg 600w\" sizes=\"(max-width: 801px) 100vw, 801px\" \/><\/div><\/div><\/div><\/div><div class=\"flex_column av_one_full  flex_column_div av-zero-column-padding first  avia-builder-el-2  el_after_av_one_full  el_before_av_one_full  column-top-margin\" style='border-radius:0px; '><section class=\"av_textblock_section \"  itemscope=\"itemscope\" itemtype=\"https:\/\/schema.org\/BlogPosting\" itemprop=\"blogPost\" ><div class='avia_textblock  '   itemprop=\"text\" ><p style=\"text-align: center;\"><strong><span style=\"font-size: 18pt;\">MOP invita a la ciudadan\u00eda a participar en la elaboraci\u00f3n del Plan de Adaptaci\u00f3n al Cambio Clim\u00e1tico para los Recursos H\u00eddricos<\/span><\/strong><\/p>\n<div id=\"gtx-trans\" style=\"position: absolute; left: -50px; top: 4.31534px;\">\n<div class=\"gtx-trans-icon\"><\/div>\n<\/div>\n<\/div><\/section><\/div><div class=\"flex_column av_one_full  flex_column_div av-zero-column-padding first  avia-builder-el-4  el_after_av_one_full  el_before_av_hr  column-top-margin\" style='border-radius:0px; '><section class=\"av_textblock_section \"  itemscope=\"itemscope\" itemtype=\"https:\/\/schema.org\/BlogPosting\" itemprop=\"blogPost\" ><div class='avia_textblock  '   itemprop=\"text\" ><p style=\"text-align: justify;\"><em>La encuesta de opini\u00f3n estar\u00e1 disponible en la web de la Direcci\u00f3n General de Aguas del MOP (<a href=\"https:\/\/snia.mop.gob.cl\/pacc-rh\/inicio\">https:\/\/snia.mop.gob.cl\/pacc-rh\/inicio<\/a>) hasta el 18 de enero de 2024 y los talleres por macrozona comenzar\u00e1n a realizarse en enero de 2024. <\/em><\/p>\n<p style=\"text-align: justify;\">El Secretario Regional Ministerial de Obras P\u00fablicas, Patricio Sanhueza Ulloa, realiz\u00f3 una invitaci\u00f3n a la ciudadan\u00eda para participar con su opini\u00f3n en la elaboraci\u00f3n del anteproyecto del primer \u201cPlan de Adaptaci\u00f3n al Cambio Clim\u00e1tico para los Recursos H\u00eddricos\u201d, el que propondr\u00e1 acciones de adaptaci\u00f3n para avanzar en seguridad h\u00eddrica y enfrentar sequ\u00edas, inundaciones y afectaci\u00f3n de la calidad del agua.<\/p>\n<p style=\"text-align: justify;\">De esta forma, Patricio Sanhueza hizo una invitaci\u00f3n a ser parte de este proceso a las vecinas y vecinos de toda la regi\u00f3n, indicando que es muy relevante preguntarse \u201cc\u00f3mo nos adoptamos al cambio clim\u00e1tico, qu\u00e9 medidas tomamos para mitigar sus efectos, y de qu\u00e9 manera buscamos enfrentar este escenario. En estas y otras interrogantes queremos profundizar, as\u00ed que estamos invitando a toda la comunidad a participar respondiendo hasta el 18 de enero 2024 la encuesta dispuesta en la p\u00e1gina web de la Direcci\u00f3n General de Aguas MOP<strong> (<\/strong><a href=\"https:\/\/snia.mop.gob.cl\/pacc-rh\/inicio\"><strong>https:\/\/snia.mop.gob.cl\/pacc-rh\/inicio<\/strong><\/a><strong>)<\/strong>, porque es importante tener la opini\u00f3n de las personas con un enfoque territorial y que nuestra macrozona est\u00e9 representada, para juntos construir c\u00f3mo vamos a enfrentar estos fen\u00f3menos climatol\u00f3gicos extremos. Realizar la encuesta es la primera etapa; la segunda acci\u00f3n es participar en los Talleres que se van a desarrollar a partir de enero del a\u00f1o 2024, los que contar\u00e1n con el apoyo de centros universitarios y con participaciones presenciales y online, as\u00ed que participar en ambas instancias es muy importante para seguir construyendo y avanzar. Recordemos que este proceso lo lidera nuestra Direcci\u00f3n General de Aguas, con el apoyo de la FAO y el financiamiento internacional\u201d.<\/p>\n<p style=\"text-align: justify;\">La ministra de Obras P\u00fablicas, Jessica L\u00f3pez, se\u00f1al\u00f3 al respecto que \u201cla participaci\u00f3n ciudadana es fundamental para hacer frente a problemas complejos y globales como el cambio clim\u00e1tico, por lo que llamamos a las personas de todo el pa\u00eds, en sus diversas realidades, a participar y a contribuir con sus experiencias para elaborar un Plan para Chile sobre un recurso vital para la vida humana tal como lo es el agua\u201d.<\/p>\n<p style=\"text-align: justify;\">Sobre el particular, el Director de la Direcci\u00f3n General de Aguas del MOP en la regi\u00f3n de Ays\u00e9n H\u00e9ctor Cort\u00e9s Gaete, expres\u00f3 que \u201cesta es una oportunidad para democratizar las fuentes de informaci\u00f3n desde las experiencias de quienes habitan los territorios y su observaci\u00f3n respecto de cambios que se han ido presentando durante los \u00faltimos a\u00f1os, acentu\u00e1ndose particularmente en la \u00faltima d\u00e9cada, de manera tal que en un contexto de ocupaci\u00f3n territorial se validen y reconozcan los efectos del cambio clim\u00e1tico en cada uno de los sectores de nuestra regi\u00f3n, particularmente en la variable recurso h\u00eddrico\u201d<\/p>\n<p style=\"text-align: justify;\">Los instrumentos de participaci\u00f3n buscan recoger las opiniones y percepciones sobre la vulnerabilidad frente al cambio clim\u00e1tico y las posibles medidas de adaptaci\u00f3n en el \u00e1mbito de los recursos h\u00eddricos.<\/p>\n<p style=\"text-align: justify;\">En particular, la encuesta considera aspectos de caracterizaci\u00f3n demogr\u00e1fica, a qu\u00e9 tipo de vulnerabilidades frente al cambio clim\u00e1tico se ha visto expuesta la persona y qu\u00e9 medidas de adaptaci\u00f3n deber\u00edan tomarse para reducir los efectos adversos del cambio clim\u00e1tico sobre las aguas en su regi\u00f3n y qu\u00e9 pol\u00edticas debieran impulsar las autoridades y servicios p\u00fablicos para reducir los efectos del cambio clim\u00e1tico sobre el recurso h\u00eddrico.<\/p>\n<p style=\"text-align: justify;\">En los talleres se trabajar\u00e1 en el levantamiento de problem\u00e1ticas, ideas y posibles soluciones para hacer frente a los efectos del cambio clim\u00e1tico entorno al agua. En este sentido, la representante de la FAO en Chile, Eve Crowley, destac\u00f3 que en los talleres con los diferentes sectores de la sociedad vinculados con los recursos h\u00eddricos y en los di\u00e1logos con pueblos ind\u00edgenas a lo largo del territorio, se propiciar\u00e1 la participaci\u00f3n de las mujeres.<\/p>\n<p style=\"text-align: justify;\">\u00abEn la tenencia de derechos de agua en Chile existe una brecha de g\u00e9nero del 24%, lo que da cuenta de una mayor sensibilidad de las mujeres ante eventos como sequ\u00edas y desastres naturales, especialmente en zonas rurales. Esta brecha sumada a la desigualdad en cuanto a la tenencia o propiedad de la tierra afecta la seguridad alimentaria y los medios de subsistencia. Adem\u00e1s, las mujeres son tradicionalmente las encargadas del abastecimiento y gesti\u00f3n del agua, tanto al interior de las familias como de las comunidades. Por eso, es especialmente importante contar con su participaci\u00f3n y opini\u00f3n para la elaboraci\u00f3n de este Plan\u201d, indic\u00f3 la autoridad de la FAO.<\/p>\n<\/div><\/section><\/div><div  style='height:50px' class='hr hr-invisible   avia-builder-el-6  el_after_av_one_full  el_before_av_social_share '><span class='hr-inner ' ><span class='hr-inner-style'><\/span><\/span><\/div><\/p>\n<div  class='av-social-sharing-box  avia-builder-el-7  el_after_av_hr  el_before_av_hr  '><div class='av-share-box'><h5 class='av-share-link-description av-no-toc '>Compartir esta noticia<\/h5><ul class='av-share-box-list noLightbox'><li class='av-share-link av-social-link-facebook' ><a target=\"_blank\" aria-label=\"Compartir en Facebook\" href='https:\/\/www.facebook.com\/sharer.php?u=https:\/\/radiorevelacionfm.cl\/?p=38328&#038;t=MOP%20invita%20a%20la%20ciudadan%C3%ADa%20a%20participar%20en%20la%20elaboraci%C3%B3n%20del%20Plan%20de%20Adaptaci%C3%B3n%20al%20Cambio%20Clim%C3%A1tico%20para%20los%20Recursos%20H%C3%ADdricos' aria-hidden='false' data-av_icon='\ue8f3' data-av_iconfont='entypo-fontello' title='' data-avia-related-tooltip='Compartir en Facebook' rel=\"noopener\"><span class='avia_hidden_link_text'>Compartir en Facebook<\/span><\/a><\/li><li class='av-share-link av-social-link-twitter' ><a target=\"_blank\" aria-label=\"Compartir en Twitter\" href='https:\/\/twitter.com\/share?text=MOP%20invita%20a%20la%20ciudadan%C3%ADa%20a%20participar%20en%20la%20elaboraci%C3%B3n%20del%20Plan%20de%20Adaptaci%C3%B3n%20al%20Cambio%20Clim%C3%A1tico%20para%20los%20Recursos%20H%C3%ADdricos&#038;url=https:\/\/radiorevelacionfm.cl\/?p=38328' aria-hidden='false' data-av_icon='\ue8f1' data-av_iconfont='entypo-fontello' title='' data-avia-related-tooltip='Compartir en Twitter' rel=\"noopener\"><span class='avia_hidden_link_text'>Compartir en Twitter<\/span><\/a><\/li><li class='av-share-link av-social-link-whatsapp' ><a target=\"_blank\" aria-label=\"Compartir en Whatsapp\" href='https:\/\/api.whatsapp.com\/send?text=https:\/\/radiorevelacionfm.cl\/?p=38328' aria-hidden='false' data-av_icon='\uf232' data-av_iconfont='entypo-fontello' title='' data-avia-related-tooltip='Compartir en Whatsapp' rel=\"noopener\"><span class='avia_hidden_link_text'>Compartir en Whatsapp<\/span><\/a><\/li><li class='av-share-link av-social-link-linkedin' ><a target=\"_blank\" aria-label=\"Compartir en LinkedIn\" href='https:\/\/linkedin.com\/shareArticle?mini=true&#038;title=MOP%20invita%20a%20la%20ciudadan%C3%ADa%20a%20participar%20en%20la%20elaboraci%C3%B3n%20del%20Plan%20de%20Adaptaci%C3%B3n%20al%20Cambio%20Clim%C3%A1tico%20para%20los%20Recursos%20H%C3%ADdricos&#038;url=https:\/\/radiorevelacionfm.cl\/?p=38328' aria-hidden='false' data-av_icon='\ue8fc' data-av_iconfont='entypo-fontello' title='' data-avia-related-tooltip='Compartir en LinkedIn' rel=\"noopener\"><span class='avia_hidden_link_text'>Compartir en LinkedIn<\/span><\/a><\/li><li class='av-share-link av-social-link-mail' ><a  aria-label=\"Compartir por correo\" href='mailto:?subject=MOP%20invita%20a%20la%20ciudadan%C3%ADa%20a%20participar%20en%20la%20elaboraci%C3%B3n%20del%20Plan%20de%20Adaptaci%C3%B3n%20al%20Cambio%20Clim%C3%A1tico%20para%20los%20Recursos%20H%C3%ADdricos&#038;body=https:\/\/radiorevelacionfm.cl\/?p=38328' aria-hidden='false' data-av_icon='\ue805' data-av_iconfont='entypo-fontello' title='' data-avia-related-tooltip='Compartir por correo'><span class='avia_hidden_link_text'>Compartir por correo<\/span><\/a><\/li><\/ul><\/div><\/div>\n<div  style='height:50px' class='hr hr-invisible   avia-builder-el-8  el_after_av_social_share  el_before_av_comments_list '><span class='hr-inner ' ><span class='hr-inner-style'><\/span><\/span><\/div>\n<div  class='av-buildercomment  av-blog-meta-html-info-disabled av-blog-meta-tag-disabled  '><\/div>\n","protected":false},"excerpt":{"rendered":"","protected":false},"author":1,"featured_media":38329,"comment_status":"open","ping_status":"open","sticky":false,"template":"","format":"standard","meta":{"footnotes":""},"categories":[38],"tags":[],"class_list":["post-38328","post","type-post","status-publish","format-standard","has-post-thumbnail","hentry","category-regional"],"jetpack_featured_media_url":"https:\/\/radiorevelacionfm.cl\/wp-content\/uploads\/2023\/12\/aguas-uno-1_optimized.jpg","_links":{"self":[{"href":"https:\/\/radiorevelacionfm.cl\/index.php?rest_route=\/wp\/v2\/posts\/38328","targetHints":{"allow":["GET"]}}],"collection":[{"href":"https:\/\/radiorevelacionfm.cl\/index.php?rest_route=\/wp\/v2\/posts"}],"about":[{"href":"https:\/\/radiorevelacionfm.cl\/index.php?rest_route=\/wp\/v2\/types\/post"}],"author":[{"embeddable":true,"href":"https:\/\/radiorevelacionfm.cl\/index.php?rest_route=\/wp\/v2\/users\/1"}],"replies":[{"embeddable":true,"href":"https:\/\/radiorevelacionfm.cl\/index.php?rest_route=%2Fwp%2Fv2%2Fcomments&post=38328"}],"version-history":[{"count":1,"href":"https:\/\/radiorevelacionfm.cl\/index.php?rest_route=\/wp\/v2\/posts\/38328\/revisions"}],"predecessor-version":[{"id":38330,"href":"https:\/\/radiorevelacionfm.cl\/index.php?rest_route=\/wp\/v2\/posts\/38328\/revisions\/38330"}],"wp:featuredmedia":[{"embeddable":true,"href":"https:\/\/radiorevelacionfm.cl\/index.php?rest_route=\/wp\/v2\/media\/38329"}],"wp:attachment":[{"href":"https:\/\/radiorevelacionfm.cl\/index.php?rest_route=%2Fwp%2Fv2%2Fmedia&parent=38328"}],"wp:term":[{"taxonomy":"category","embeddable":true,"href":"https:\/\/radiorevelacionfm.cl\/index.php?rest_route=%2Fwp%2Fv2%2Fcategories&post=38328"},{"taxonomy":"post_tag","embeddable":true,"href":"https:\/\/radiorevelacionfm.cl\/index.php?rest_route=%2Fwp%2Fv2%2Ftags&post=38328"}],"curies":[{"name":"wp","href":"https:\/\/api.w.org\/{rel}","templated":true}]}}