{"id":38321,"date":"2023-12-26T17:44:57","date_gmt":"2023-12-26T20:44:57","guid":{"rendered":"https:\/\/radiorevelacionfm.cl\/?p=38321"},"modified":"2023-12-26T17:44:57","modified_gmt":"2023-12-26T20:44:57","slug":"comprometen-financiamiento-para-espacio-publico-recreativo-en-ribera-sur-por-mas-de-2-600-millones","status":"publish","type":"post","link":"https:\/\/radiorevelacionfm.cl\/?p=38321","title":{"rendered":"Comprometen financiamiento para espacio p\u00fablico recreativo en Ribera Sur por m\u00e1s de $2.600 millones"},"content":{"rendered":"<div class=\"flex_column av_one_full  flex_column_div av-zero-column-padding first  avia-builder-el-0  el_before_av_one_full  avia-builder-el-first  \" style='border-radius:0px; '><div  class='avia-image-container  av-styling-    avia-builder-el-1  avia-builder-el-no-sibling  avia-align-center '  itemprop=\"image\" itemscope=\"itemscope\" itemtype=\"https:\/\/schema.org\/ImageObject\"  ><div class='avia-image-container-inner'><div class='avia-image-overlay-wrap'><img decoding=\"async\" class='wp-image-38323 avia-img-lazy-loading-not-38323 avia_image' src=\"https:\/\/radiorevelacionfm.cl\/wp-content\/uploads\/2023\/12\/ribera-sur-7-1_optimized-1.jpg\" alt='' title='ribera-sur-7-(1)_optimized (1)' height=\"600\" width=\"1065\"  itemprop=\"thumbnailUrl\" srcset=\"https:\/\/radiorevelacionfm.cl\/wp-content\/uploads\/2023\/12\/ribera-sur-7-1_optimized-1.jpg 1065w, https:\/\/radiorevelacionfm.cl\/wp-content\/uploads\/2023\/12\/ribera-sur-7-1_optimized-1-300x169.jpg 300w, https:\/\/radiorevelacionfm.cl\/wp-content\/uploads\/2023\/12\/ribera-sur-7-1_optimized-1-1030x580.jpg 1030w, https:\/\/radiorevelacionfm.cl\/wp-content\/uploads\/2023\/12\/ribera-sur-7-1_optimized-1-768x433.jpg 768w, https:\/\/radiorevelacionfm.cl\/wp-content\/uploads\/2023\/12\/ribera-sur-7-1_optimized-1-705x397.jpg 705w, https:\/\/radiorevelacionfm.cl\/wp-content\/uploads\/2023\/12\/ribera-sur-7-1_optimized-1-450x254.jpg 450w, https:\/\/radiorevelacionfm.cl\/wp-content\/uploads\/2023\/12\/ribera-sur-7-1_optimized-1-600x338.jpg 600w\" sizes=\"(max-width: 1065px) 100vw, 1065px\" \/><\/div><\/div><\/div><\/div><div class=\"flex_column av_one_full  flex_column_div av-zero-column-padding first  avia-builder-el-2  el_after_av_one_full  el_before_av_one_full  column-top-margin\" style='border-radius:0px; '><section class=\"av_textblock_section \"  itemscope=\"itemscope\" itemtype=\"https:\/\/schema.org\/BlogPosting\" itemprop=\"blogPost\" ><div class='avia_textblock  '   itemprop=\"text\" ><p style=\"text-align: center;\"><strong><span style=\"font-size: 18pt;\">Comprometen financiamiento para espacio p\u00fablico recreativo en Ribera Sur por m\u00e1s de $2.600 millones<\/span><\/strong><\/p>\n<div id=\"gtx-trans\" style=\"position: absolute; left: -50px; top: 4.31534px;\">\n<div class=\"gtx-trans-icon\"><\/div>\n<\/div>\n<\/div><\/section><\/div><div class=\"flex_column av_one_full  flex_column_div av-zero-column-padding first  avia-builder-el-4  el_after_av_one_full  el_before_av_hr  column-top-margin\" style='border-radius:0px; '><section class=\"av_textblock_section \"  itemscope=\"itemscope\" itemtype=\"https:\/\/schema.org\/BlogPosting\" itemprop=\"blogPost\" ><div class='avia_textblock  '   itemprop=\"text\" ><p style=\"text-align: justify;\">En un acto simb\u00f3lico, pero de gran importancia, el Alcalde Julio Uribe y Oscar del Solar, jefe de la Divisi\u00f3n de Infraestructura y Transporte del Gobierno Regional, firmaron el compromiso para el financiamiento del proyecto \u201cEspacio P\u00fablico Recreativo sector Ribera Sur de Puerto Ays\u00e9n\u201d.<\/p>\n<p style=\"text-align: justify;\">Son m\u00e1s de $2.600 millones los que considera la iniciativa que significar\u00e1 la intervenci\u00f3n del bandej\u00f3n central, entre las calles Yussef Laibe y Kalstrom y entre la ruta 240 hacia Puerto Chacabuco y calle Chindo Vera. En el lugar de instalar\u00e1n espacios de recreaci\u00f3n y deportes para toda la comunidad.<\/p>\n<p style=\"text-align: justify;\">\u201cEstos son proyectos relevantes para la comuna de Ays\u00e9n, un proyecto que viene a entregar espacios de deporte y recreaci\u00f3n, que viene a dar respuesta tambi\u00e9n a una necesidad de crecimiento y de desarrollo urbano. Cuando las comunas y las localidades crecen, tambi\u00e9n hay que saber responder a los desaf\u00edos que tienen las comunidades y en este caso es el deporte y la recreaci\u00f3n. Una inversi\u00f3n de aproximadamente $2.600 millones, en donde hoy nos vinimos a comprometer con su financiamiento de parte del Gobierno Regional y su Consejo\u201d, se\u00f1al\u00f3 el jefe de la Divisi\u00f3n de Infraestructura y Transporte, Oscar del Solar.<\/p>\n<p style=\"text-align: justify;\">Por su parte, el Alcalde de la comuna de Ays\u00e9n, Julio Uribe, se mostr\u00f3 muy contento que se comprometan los recursos para una iniciativa que va en directo beneficio de la comunidad. \u201cMuy contento de haber podido realizar este hito junto al Gobierno Regional, porque ingresa el proyecto para el financiamiento en este sector, que es el bandej\u00f3n central de la ruta 240, que va desde el frontis del hospital hasta la cancha de calle Kalstrom. Aqu\u00ed se har\u00e1n espacios urbanos, de entretenci\u00f3n, enfocados al deporte\u201d.<\/p>\n<p style=\"text-align: justify;\">El Alcalde Uribe, relev\u00f3 tambi\u00e9n el trabajo realizado en etapas previas junto al equipo del SERVIU. \u201cEste es un proyecto donde tambi\u00e9n hubo una alianza con el Ministerio de Vivienda y Urbanismo para el financiamiento del dise\u00f1o. Hoy los dise\u00f1os est\u00e1n listos, est\u00e1n todos los c\u00e1lculos estructurales, el tema de iluminaci\u00f3n, todos los permisos ya est\u00e1n listos, por lo tanto, viene esta etapa de buscar el financiamiento. As\u00ed es que, estamos muy contentos de lo ocurrido y esperar que podamos avanzar en la ejecuci\u00f3n de este proyecto\u201d.<\/p>\n<p style=\"text-align: justify;\">La iniciativa denominada \u201cEspacio P\u00fablico Recreativo sector Ribera Sur de Puerto Ays\u00e9n\u201d, fue elaborado por el equipo de la Secretaria Comunal de Planificaci\u00f3n de la Ilustre Municipalidad.<\/p>\n<\/div><\/section><\/div><div  style='height:50px' class='hr hr-invisible   avia-builder-el-6  el_after_av_one_full  el_before_av_social_share '><span class='hr-inner ' ><span class='hr-inner-style'><\/span><\/span><\/div><\/p>\n<div  class='av-social-sharing-box  avia-builder-el-7  el_after_av_hr  el_before_av_hr  '><div class='av-share-box'><h5 class='av-share-link-description av-no-toc '>Compartir esta noticia<\/h5><ul class='av-share-box-list noLightbox'><li class='av-share-link av-social-link-facebook' ><a target=\"_blank\" aria-label=\"Compartir en Facebook\" href='https:\/\/www.facebook.com\/sharer.php?u=https:\/\/radiorevelacionfm.cl\/?p=38321&#038;t=Comprometen%20financiamiento%20para%20espacio%20p%C3%BAblico%20recreativo%20en%20Ribera%20Sur%20por%20m%C3%A1s%20de%20%242.600%20millones' aria-hidden='false' data-av_icon='\ue8f3' data-av_iconfont='entypo-fontello' title='' data-avia-related-tooltip='Compartir en Facebook' rel=\"noopener\"><span class='avia_hidden_link_text'>Compartir en Facebook<\/span><\/a><\/li><li class='av-share-link av-social-link-twitter' ><a target=\"_blank\" aria-label=\"Compartir en Twitter\" href='https:\/\/twitter.com\/share?text=Comprometen%20financiamiento%20para%20espacio%20p%C3%BAblico%20recreativo%20en%20Ribera%20Sur%20por%20m%C3%A1s%20de%20%242.600%20millones&#038;url=https:\/\/radiorevelacionfm.cl\/?p=38321' aria-hidden='false' data-av_icon='\ue8f1' data-av_iconfont='entypo-fontello' title='' data-avia-related-tooltip='Compartir en Twitter' rel=\"noopener\"><span class='avia_hidden_link_text'>Compartir en Twitter<\/span><\/a><\/li><li class='av-share-link av-social-link-whatsapp' ><a target=\"_blank\" aria-label=\"Compartir en Whatsapp\" href='https:\/\/api.whatsapp.com\/send?text=https:\/\/radiorevelacionfm.cl\/?p=38321' aria-hidden='false' data-av_icon='\uf232' data-av_iconfont='entypo-fontello' title='' data-avia-related-tooltip='Compartir en Whatsapp' rel=\"noopener\"><span class='avia_hidden_link_text'>Compartir en Whatsapp<\/span><\/a><\/li><li class='av-share-link av-social-link-linkedin' ><a target=\"_blank\" aria-label=\"Compartir en LinkedIn\" href='https:\/\/linkedin.com\/shareArticle?mini=true&#038;title=Comprometen%20financiamiento%20para%20espacio%20p%C3%BAblico%20recreativo%20en%20Ribera%20Sur%20por%20m%C3%A1s%20de%20%242.600%20millones&#038;url=https:\/\/radiorevelacionfm.cl\/?p=38321' aria-hidden='false' data-av_icon='\ue8fc' data-av_iconfont='entypo-fontello' title='' data-avia-related-tooltip='Compartir en LinkedIn' rel=\"noopener\"><span class='avia_hidden_link_text'>Compartir en LinkedIn<\/span><\/a><\/li><li class='av-share-link av-social-link-mail' ><a  aria-label=\"Compartir por correo\" href='mailto:?subject=Comprometen%20financiamiento%20para%20espacio%20p%C3%BAblico%20recreativo%20en%20Ribera%20Sur%20por%20m%C3%A1s%20de%20%242.600%20millones&#038;body=https:\/\/radiorevelacionfm.cl\/?p=38321' aria-hidden='false' data-av_icon='\ue805' data-av_iconfont='entypo-fontello' title='' data-avia-related-tooltip='Compartir por correo'><span class='avia_hidden_link_text'>Compartir por correo<\/span><\/a><\/li><\/ul><\/div><\/div>\n<div  style='height:50px' class='hr hr-invisible   avia-builder-el-8  el_after_av_social_share  el_before_av_comments_list '><span class='hr-inner ' ><span class='hr-inner-style'><\/span><\/span><\/div>\n<div  class='av-buildercomment  av-blog-meta-html-info-disabled av-blog-meta-tag-disabled  '><\/div>\n","protected":false},"excerpt":{"rendered":"","protected":false},"author":1,"featured_media":38323,"comment_status":"open","ping_status":"open","sticky":false,"template":"","format":"standard","meta":{"footnotes":""},"categories":[38],"tags":[],"class_list":["post-38321","post","type-post","status-publish","format-standard","has-post-thumbnail","hentry","category-regional"],"jetpack_featured_media_url":"https:\/\/radiorevelacionfm.cl\/wp-content\/uploads\/2023\/12\/ribera-sur-7-1_optimized-1.jpg","_links":{"self":[{"href":"https:\/\/radiorevelacionfm.cl\/index.php?rest_route=\/wp\/v2\/posts\/38321","targetHints":{"allow":["GET"]}}],"collection":[{"href":"https:\/\/radiorevelacionfm.cl\/index.php?rest_route=\/wp\/v2\/posts"}],"about":[{"href":"https:\/\/radiorevelacionfm.cl\/index.php?rest_route=\/wp\/v2\/types\/post"}],"author":[{"embeddable":true,"href":"https:\/\/radiorevelacionfm.cl\/index.php?rest_route=\/wp\/v2\/users\/1"}],"replies":[{"embeddable":true,"href":"https:\/\/radiorevelacionfm.cl\/index.php?rest_route=%2Fwp%2Fv2%2Fcomments&post=38321"}],"version-history":[{"count":1,"href":"https:\/\/radiorevelacionfm.cl\/index.php?rest_route=\/wp\/v2\/posts\/38321\/revisions"}],"predecessor-version":[{"id":38324,"href":"https:\/\/radiorevelacionfm.cl\/index.php?rest_route=\/wp\/v2\/posts\/38321\/revisions\/38324"}],"wp:featuredmedia":[{"embeddable":true,"href":"https:\/\/radiorevelacionfm.cl\/index.php?rest_route=\/wp\/v2\/media\/38323"}],"wp:attachment":[{"href":"https:\/\/radiorevelacionfm.cl\/index.php?rest_route=%2Fwp%2Fv2%2Fmedia&parent=38321"}],"wp:term":[{"taxonomy":"category","embeddable":true,"href":"https:\/\/radiorevelacionfm.cl\/index.php?rest_route=%2Fwp%2Fv2%2Fcategories&post=38321"},{"taxonomy":"post_tag","embeddable":true,"href":"https:\/\/radiorevelacionfm.cl\/index.php?rest_route=%2Fwp%2Fv2%2Ftags&post=38321"}],"curies":[{"name":"wp","href":"https:\/\/api.w.org\/{rel}","templated":true}]}}