{"id":38318,"date":"2023-12-26T16:03:11","date_gmt":"2023-12-26T19:03:11","guid":{"rendered":"https:\/\/radiorevelacionfm.cl\/?p=38318"},"modified":"2023-12-26T16:03:11","modified_gmt":"2023-12-26T19:03:11","slug":"seremi-de-culturas-aysen-financiara-6-puntos-de-cultura-comunitaria-en-la-region","status":"publish","type":"post","link":"https:\/\/radiorevelacionfm.cl\/?p=38318","title":{"rendered":"Seremi de Culturas Ays\u00e9n financiar\u00e1 6 Puntos de Cultura Comunitaria en la regi\u00f3n"},"content":{"rendered":"<div class=\"flex_column av_one_full  flex_column_div av-zero-column-padding first  avia-builder-el-0  el_before_av_one_full  avia-builder-el-first  \" style='border-radius:0px; '><div  class='avia-image-container  av-styling-    avia-builder-el-1  avia-builder-el-no-sibling  avia-align-center '  itemprop=\"image\" itemscope=\"itemscope\" itemtype=\"https:\/\/schema.org\/ImageObject\"  ><div class='avia-image-container-inner'><div class='avia-image-overlay-wrap'><img decoding=\"async\" class='wp-image-38319 avia-img-lazy-loading-not-38319 avia_image' src=\"https:\/\/radiorevelacionfm.cl\/wp-content\/uploads\/2023\/12\/convenio-puntos-cultura-1-1.jpeg\" alt='' title='convenio puntos cultura (1) (1)' height=\"640\" width=\"804\"  itemprop=\"thumbnailUrl\" srcset=\"https:\/\/radiorevelacionfm.cl\/wp-content\/uploads\/2023\/12\/convenio-puntos-cultura-1-1.jpeg 804w, https:\/\/radiorevelacionfm.cl\/wp-content\/uploads\/2023\/12\/convenio-puntos-cultura-1-1-300x239.jpeg 300w, https:\/\/radiorevelacionfm.cl\/wp-content\/uploads\/2023\/12\/convenio-puntos-cultura-1-1-768x611.jpeg 768w, https:\/\/radiorevelacionfm.cl\/wp-content\/uploads\/2023\/12\/convenio-puntos-cultura-1-1-705x561.jpeg 705w, https:\/\/radiorevelacionfm.cl\/wp-content\/uploads\/2023\/12\/convenio-puntos-cultura-1-1-450x358.jpeg 450w, https:\/\/radiorevelacionfm.cl\/wp-content\/uploads\/2023\/12\/convenio-puntos-cultura-1-1-600x478.jpeg 600w\" sizes=\"(max-width: 804px) 100vw, 804px\" \/><\/div><\/div><\/div><\/div><div class=\"flex_column av_one_full  flex_column_div av-zero-column-padding first  avia-builder-el-2  el_after_av_one_full  el_before_av_one_full  column-top-margin\" style='border-radius:0px; '><section class=\"av_textblock_section \"  itemscope=\"itemscope\" itemtype=\"https:\/\/schema.org\/BlogPosting\" itemprop=\"blogPost\" ><div class='avia_textblock  '   itemprop=\"text\" ><p style=\"text-align: center;\"><strong><span style=\"font-size: 18pt;\">Seremi de Culturas Ays\u00e9n financiar\u00e1 6 Puntos de Cultura Comunitaria en la regi\u00f3n<\/span><\/strong><\/p>\n<div id=\"gtx-trans\" style=\"position: absolute; left: -50px; top: 4.31534px;\">\n<div class=\"gtx-trans-icon\"><\/div>\n<\/div>\n<\/div><\/section><\/div><div class=\"flex_column av_one_full  flex_column_div av-zero-column-padding first  avia-builder-el-4  el_after_av_one_full  el_before_av_hr  column-top-margin\" style='border-radius:0px; '><section class=\"av_textblock_section \"  itemscope=\"itemscope\" itemtype=\"https:\/\/schema.org\/BlogPosting\" itemprop=\"blogPost\" ><div class='avia_textblock  '   itemprop=\"text\" ><p style=\"text-align: justify;\">Una buena noticia recibieron esta semana las organizaciones culturales de base comunitaria de la Regi\u00f3n de Ays\u00e9n: 6 de ellas fueron seleccionadas para recibir financiamiento como Puntos de Cultura Comunitaria, programa que reconoce y apoya al desarrollo de las pr\u00e1cticas socioculturales y art\u00edsticas que realizan estas instituciones.<\/p>\n<p style=\"text-align: justify;\">El programa Puntos de Cultura Comunitaria que est\u00e1 implementando el Gobierno del presidente Boric a trav\u00e9s del Ministerio de las Culturas busca visibilizar, valorizar y financiar parte de la gesti\u00f3n cultural que desarrollan las organizaciones de base comunitaria que trabajan en el territorio. Esto comenz\u00f3 con la inscripci\u00f3n en el Registro\u00a0 de Agentes Culturales, Art\u00edsticos y Patrimoniales, cuyos antecedentes reunidos permitieron seleccionar a los primeros beneficiados.<\/p>\n<p style=\"text-align: justify;\">En la Regi\u00f3n de Ays\u00e9n los primeros Puntos de Cultura Comunitaria que recibir\u00e1n financiamiento para sus planes de gesti\u00f3n son el Colectivo de Madereros de Tortel, la Organizaci\u00f3n Cultural Comunitaria de Bah\u00eda Murta,\u00a0Atelakoya Tribal de Coyhaique, la\u00a0Agrupaci\u00f3n Artesanos y Productores de Chile Chico, la Agrupaci\u00f3n Urdimbre Cultural de Chile Chico y la Agrupaci\u00f3n Cultural Arte y Mate de la comuna de Cisnes.<\/p>\n<p style=\"text-align: justify;\">El seremi de Culturas Ays\u00e9n, Felipe Quiroz, explica que \u201ceste programa viene a reconocer, validar y acompa\u00f1ar a las organizaciones de car\u00e1cter comunitario que habitan nuestra regi\u00f3n. Creemos que esta alianza se debe profundizar, y a trav\u00e9s de este programa, podemos ir generando apoyo a la gesti\u00f3n de estas. Puntos de Cultura Comunitaria nos permite, sin duda, ir fortaleciendo el trabajo cultural comunitario que se desarrolla y gesta en nuestros territorios, avanzando as\u00ed en una mayor democracia cultural\u00bb<\/p>\n<p style=\"text-align: justify;\">Carolina C\u00e1rdenas de la Agrupaci\u00f3n Urdimbre Cultural de Chile Chico, dice que \u201ccomo agrupaci\u00f3n estamos muy contentos de recibir esta menci\u00f3n. Esto es nuevo y ya firmamos el convenio para nuestro Plan de Fortalecimiento,. Esto va ser un tremendo beneficio para comunidad de Chile Chico para que pueda optar a una oferta program\u00e1tica art\u00edstico-cultural. Es una necesidad muy fuerte de la comuna y potencia el trabajo colaborativo de otras agrupaciones y gestores culturales\u201d.<\/p>\n<p style=\"text-align: justify;\">Los recursos del Puntos de Cultura Comunitarios permitir\u00e1n, entre otras cosas, llevar adelante la segunda versi\u00f3n de la Var\u00edet\u00e9 art\u00edstico-cultural de la Ciudad del Sol.<\/p>\n<p style=\"text-align: justify;\">Las organizaciones culturales de base comunitaria mantienen un trabajo sostenido en el territorio y fomentan procesos que incrementan la cocreaci\u00f3n, la autogesti\u00f3n y la\u00a0 capacidad de las comunidades bajo los principios de solidaridad, colaboraci\u00f3n y trabajo en red, basados en los principios de la econom\u00eda social y solidaria.<\/p>\n<\/div><\/section><\/div><div  style='height:50px' class='hr hr-invisible   avia-builder-el-6  el_after_av_one_full  el_before_av_social_share '><span class='hr-inner ' ><span class='hr-inner-style'><\/span><\/span><\/div><\/p>\n<div  class='av-social-sharing-box  avia-builder-el-7  el_after_av_hr  el_before_av_hr  '><div class='av-share-box'><h5 class='av-share-link-description av-no-toc '>Compartir esta noticia<\/h5><ul class='av-share-box-list noLightbox'><li class='av-share-link av-social-link-facebook' ><a target=\"_blank\" aria-label=\"Compartir en Facebook\" href='https:\/\/www.facebook.com\/sharer.php?u=https:\/\/radiorevelacionfm.cl\/?p=38318&#038;t=Seremi%20de%20Culturas%20Ays%C3%A9n%20financiar%C3%A1%206%20Puntos%20de%20Cultura%20Comunitaria%20en%20la%20regi%C3%B3n' aria-hidden='false' data-av_icon='\ue8f3' data-av_iconfont='entypo-fontello' title='' data-avia-related-tooltip='Compartir en Facebook' rel=\"noopener\"><span class='avia_hidden_link_text'>Compartir en Facebook<\/span><\/a><\/li><li class='av-share-link av-social-link-twitter' ><a target=\"_blank\" aria-label=\"Compartir en Twitter\" href='https:\/\/twitter.com\/share?text=Seremi%20de%20Culturas%20Ays%C3%A9n%20financiar%C3%A1%206%20Puntos%20de%20Cultura%20Comunitaria%20en%20la%20regi%C3%B3n&#038;url=https:\/\/radiorevelacionfm.cl\/?p=38318' aria-hidden='false' data-av_icon='\ue8f1' data-av_iconfont='entypo-fontello' title='' data-avia-related-tooltip='Compartir en Twitter' rel=\"noopener\"><span class='avia_hidden_link_text'>Compartir en Twitter<\/span><\/a><\/li><li class='av-share-link av-social-link-whatsapp' ><a target=\"_blank\" aria-label=\"Compartir en Whatsapp\" href='https:\/\/api.whatsapp.com\/send?text=https:\/\/radiorevelacionfm.cl\/?p=38318' aria-hidden='false' data-av_icon='\uf232' data-av_iconfont='entypo-fontello' title='' data-avia-related-tooltip='Compartir en Whatsapp' rel=\"noopener\"><span class='avia_hidden_link_text'>Compartir en Whatsapp<\/span><\/a><\/li><li class='av-share-link av-social-link-linkedin' ><a target=\"_blank\" aria-label=\"Compartir en LinkedIn\" href='https:\/\/linkedin.com\/shareArticle?mini=true&#038;title=Seremi%20de%20Culturas%20Ays%C3%A9n%20financiar%C3%A1%206%20Puntos%20de%20Cultura%20Comunitaria%20en%20la%20regi%C3%B3n&#038;url=https:\/\/radiorevelacionfm.cl\/?p=38318' aria-hidden='false' data-av_icon='\ue8fc' data-av_iconfont='entypo-fontello' title='' data-avia-related-tooltip='Compartir en LinkedIn' rel=\"noopener\"><span class='avia_hidden_link_text'>Compartir en LinkedIn<\/span><\/a><\/li><li class='av-share-link av-social-link-mail' ><a  aria-label=\"Compartir por correo\" href='mailto:?subject=Seremi%20de%20Culturas%20Ays%C3%A9n%20financiar%C3%A1%206%20Puntos%20de%20Cultura%20Comunitaria%20en%20la%20regi%C3%B3n&#038;body=https:\/\/radiorevelacionfm.cl\/?p=38318' aria-hidden='false' data-av_icon='\ue805' data-av_iconfont='entypo-fontello' title='' data-avia-related-tooltip='Compartir por correo'><span class='avia_hidden_link_text'>Compartir por correo<\/span><\/a><\/li><\/ul><\/div><\/div>\n<div  style='height:50px' class='hr hr-invisible   avia-builder-el-8  el_after_av_social_share  el_before_av_comments_list '><span class='hr-inner ' ><span class='hr-inner-style'><\/span><\/span><\/div>\n<div  class='av-buildercomment  av-blog-meta-html-info-disabled av-blog-meta-tag-disabled  '><\/div>\n","protected":false},"excerpt":{"rendered":"","protected":false},"author":1,"featured_media":38319,"comment_status":"open","ping_status":"open","sticky":false,"template":"","format":"standard","meta":{"footnotes":""},"categories":[52],"tags":[],"class_list":["post-38318","post","type-post","status-publish","format-standard","has-post-thumbnail","hentry","category-cultura"],"jetpack_featured_media_url":"https:\/\/radiorevelacionfm.cl\/wp-content\/uploads\/2023\/12\/convenio-puntos-cultura-1-1.jpeg","_links":{"self":[{"href":"https:\/\/radiorevelacionfm.cl\/index.php?rest_route=\/wp\/v2\/posts\/38318","targetHints":{"allow":["GET"]}}],"collection":[{"href":"https:\/\/radiorevelacionfm.cl\/index.php?rest_route=\/wp\/v2\/posts"}],"about":[{"href":"https:\/\/radiorevelacionfm.cl\/index.php?rest_route=\/wp\/v2\/types\/post"}],"author":[{"embeddable":true,"href":"https:\/\/radiorevelacionfm.cl\/index.php?rest_route=\/wp\/v2\/users\/1"}],"replies":[{"embeddable":true,"href":"https:\/\/radiorevelacionfm.cl\/index.php?rest_route=%2Fwp%2Fv2%2Fcomments&post=38318"}],"version-history":[{"count":1,"href":"https:\/\/radiorevelacionfm.cl\/index.php?rest_route=\/wp\/v2\/posts\/38318\/revisions"}],"predecessor-version":[{"id":38320,"href":"https:\/\/radiorevelacionfm.cl\/index.php?rest_route=\/wp\/v2\/posts\/38318\/revisions\/38320"}],"wp:featuredmedia":[{"embeddable":true,"href":"https:\/\/radiorevelacionfm.cl\/index.php?rest_route=\/wp\/v2\/media\/38319"}],"wp:attachment":[{"href":"https:\/\/radiorevelacionfm.cl\/index.php?rest_route=%2Fwp%2Fv2%2Fmedia&parent=38318"}],"wp:term":[{"taxonomy":"category","embeddable":true,"href":"https:\/\/radiorevelacionfm.cl\/index.php?rest_route=%2Fwp%2Fv2%2Fcategories&post=38318"},{"taxonomy":"post_tag","embeddable":true,"href":"https:\/\/radiorevelacionfm.cl\/index.php?rest_route=%2Fwp%2Fv2%2Ftags&post=38318"}],"curies":[{"name":"wp","href":"https:\/\/api.w.org\/{rel}","templated":true}]}}