{"id":38315,"date":"2023-12-26T15:11:05","date_gmt":"2023-12-26T18:11:05","guid":{"rendered":"https:\/\/radiorevelacionfm.cl\/?p=38315"},"modified":"2023-12-26T15:11:05","modified_gmt":"2023-12-26T18:11:05","slug":"mineduc-invertira-450-millones-de-pesos-para-la-conservacion-de-la-escuela-de-caleta-tortel","status":"publish","type":"post","link":"https:\/\/radiorevelacionfm.cl\/?p=38315","title":{"rendered":"Mineduc invertir\u00e1 450 millones de pesos para la conservaci\u00f3n de la Escuela de Caleta Tortel"},"content":{"rendered":"<div class=\"flex_column av_one_full  flex_column_div av-zero-column-padding first  avia-builder-el-0  el_before_av_one_full  avia-builder-el-first  \" style='border-radius:0px; '><div  class='avia-image-container  av-styling-    avia-builder-el-1  avia-builder-el-no-sibling  avia-align-center '  itemprop=\"image\" itemscope=\"itemscope\" itemtype=\"https:\/\/schema.org\/ImageObject\"  ><div class='avia-image-container-inner'><div class='avia-image-overlay-wrap'><img decoding=\"async\" class='wp-image-38316 avia-img-lazy-loading-not-38316 avia_image' src=\"https:\/\/radiorevelacionfm.cl\/wp-content\/uploads\/2023\/12\/tortel-2-2-1-1.jpg\" alt='' title='tortel 2 (2) (1) (1)' height=\"600\" width=\"900\"  itemprop=\"thumbnailUrl\" srcset=\"https:\/\/radiorevelacionfm.cl\/wp-content\/uploads\/2023\/12\/tortel-2-2-1-1.jpg 900w, https:\/\/radiorevelacionfm.cl\/wp-content\/uploads\/2023\/12\/tortel-2-2-1-1-300x200.jpg 300w, https:\/\/radiorevelacionfm.cl\/wp-content\/uploads\/2023\/12\/tortel-2-2-1-1-768x512.jpg 768w, https:\/\/radiorevelacionfm.cl\/wp-content\/uploads\/2023\/12\/tortel-2-2-1-1-705x470.jpg 705w, https:\/\/radiorevelacionfm.cl\/wp-content\/uploads\/2023\/12\/tortel-2-2-1-1-450x300.jpg 450w, https:\/\/radiorevelacionfm.cl\/wp-content\/uploads\/2023\/12\/tortel-2-2-1-1-600x400.jpg 600w\" sizes=\"(max-width: 900px) 100vw, 900px\" \/><\/div><\/div><\/div><\/div><div class=\"flex_column av_one_full  flex_column_div av-zero-column-padding first  avia-builder-el-2  el_after_av_one_full  el_before_av_one_full  column-top-margin\" style='border-radius:0px; '><section class=\"av_textblock_section \"  itemscope=\"itemscope\" itemtype=\"https:\/\/schema.org\/BlogPosting\" itemprop=\"blogPost\" ><div class='avia_textblock  '   itemprop=\"text\" ><p style=\"text-align: center;\"><strong><span style=\"font-size: 18pt;\">Mineduc invertir\u00e1 450 millones de pesos para la conservaci\u00f3n de la Escuela de Caleta Tortel<\/span><\/strong><\/p>\n<div id=\"gtx-trans\" style=\"position: absolute; left: -50px; top: 4.31534px;\">\n<div class=\"gtx-trans-icon\"><\/div>\n<\/div>\n<\/div><\/section><\/div><div class=\"flex_column av_one_full  flex_column_div av-zero-column-padding first  avia-builder-el-4  el_after_av_one_full  el_before_av_hr  column-top-margin\" style='border-radius:0px; '><section class=\"av_textblock_section \"  itemscope=\"itemscope\" itemtype=\"https:\/\/schema.org\/BlogPosting\" itemprop=\"blogPost\" ><div class='avia_textblock  '   itemprop=\"text\" ><p class=\"v1MsoNormal\" style=\"text-align: justify;\">La Seremi de Educaci\u00f3n de Ays\u00e9n Isabel Garrido estuvo en Caleta Tortel, localidad del extremo sur de la regi\u00f3n, donde junto al Alcalde de la comuna Abel Becerra visit\u00f3 la Escuela Comandante Luis Bravo, oportunidad en que comparti\u00f3 con el profesor y director Eladio Saldivia docentes y estudiantes.<\/p>\n<p class=\"v1MsoNormal\" style=\"text-align: justify;\">La Escuela Comandante Luis Bravo es el \u00fanico establecimiento educacional de educaci\u00f3n b\u00e1sica de esta comuna y ha visto mejorada su infraestructura con recursos de la l\u00ednea de Conservaci\u00f3n 2022 y 2023 del Ministerio de Educaci\u00f3n.<\/p>\n<p class=\"v1MsoNormal\" style=\"text-align: justify;\">En esta \u00faltima convocatoria, el establecimiento fue favorecido con la asignaci\u00f3n de 450 millones de pesos en el marco del plan de mejoramiento de infraestructura impulsado por el Gobierno del Presidente Gabriel Boric que busca atender los requerimientos de las escuelas y liceos p\u00fablicos del pa\u00eds y la regi\u00f3n.<\/p>\n<p class=\"v1MsoNormal\" style=\"text-align: justify;\">Los recursos asignados ser\u00e1n invertidos en cambio de envolvente t\u00e9rmico interior y exterior, reposici\u00f3n de caldera, pintura interior y exterior; reparaci\u00f3n de pisos instalaci\u00f3n de ventanas DVH, mejoramiento patio techado, accesibilidad, entre otras intervenciones.<\/p>\n<p class=\"v1MsoNormal\" style=\"text-align: justify;\">Durante su visita al establecimiento Isabel Garrido destac\u00f3 que \u201cEn la convocatoria 2023 del Plan de Infraestructura hemos priorizado el mejoramiento de los establecimientos que ser\u00e1n traspasados al Servicio Local de Educaci\u00f3n P\u00fablica estableciendo recursos espec\u00edficos para el mejoramiento de su infraestructura. Estamos contentos de entregar estos recursos a esta escuela porque estamos convencidos de que cada peso que se invierte en educaci\u00f3n es dinero bien gastado\u201d.<\/p>\n<p class=\"v1MsoNormal\" style=\"text-align: justify;\">Por su parte, el Alcalde Abel Becerra valor\u00f3 y agradeci\u00f3 la inversi\u00f3n sectorial que permitir\u00e1 mejorar el edificio educacional. \u201cEste es nuestro \u00faltimo a\u00f1o en que como municipalidad somos sostenedor de este colegio. Como administraci\u00f3n el compromiso con nuestro colegio y con nuestros ni\u00f1os sigue plenamente vigente y continuar\u00e1 si\u00e9ndolo. Cuando hablamos con la seremi sobre estas l\u00edneas de financiamiento pensamos en concretar este proyecto que es una intervenci\u00f3n importante y muy necesaria. Por ello estamos contentos por este hito que permite iniciar los trabajos para la conservaci\u00f3n de la Escuela Comandante Luis Bravo\u201d.<\/p>\n<\/div><\/section><\/div><div  style='height:50px' class='hr hr-invisible   avia-builder-el-6  el_after_av_one_full  el_before_av_social_share '><span class='hr-inner ' ><span class='hr-inner-style'><\/span><\/span><\/div><\/p>\n<div  class='av-social-sharing-box  avia-builder-el-7  el_after_av_hr  el_before_av_hr  '><div class='av-share-box'><h5 class='av-share-link-description av-no-toc '>Compartir esta noticia<\/h5><ul class='av-share-box-list noLightbox'><li class='av-share-link av-social-link-facebook' ><a target=\"_blank\" aria-label=\"Compartir en Facebook\" href='https:\/\/www.facebook.com\/sharer.php?u=https:\/\/radiorevelacionfm.cl\/?p=38315&#038;t=Mineduc%20invertir%C3%A1%20450%20millones%20de%20pesos%20para%20la%20conservaci%C3%B3n%20de%20la%20Escuela%20de%20Caleta%20Tortel' aria-hidden='false' data-av_icon='\ue8f3' data-av_iconfont='entypo-fontello' title='' data-avia-related-tooltip='Compartir en Facebook' rel=\"noopener\"><span class='avia_hidden_link_text'>Compartir en Facebook<\/span><\/a><\/li><li class='av-share-link av-social-link-twitter' ><a target=\"_blank\" aria-label=\"Compartir en Twitter\" href='https:\/\/twitter.com\/share?text=Mineduc%20invertir%C3%A1%20450%20millones%20de%20pesos%20para%20la%20conservaci%C3%B3n%20de%20la%20Escuela%20de%20Caleta%20Tortel&#038;url=https:\/\/radiorevelacionfm.cl\/?p=38315' aria-hidden='false' data-av_icon='\ue8f1' data-av_iconfont='entypo-fontello' title='' data-avia-related-tooltip='Compartir en Twitter' rel=\"noopener\"><span class='avia_hidden_link_text'>Compartir en Twitter<\/span><\/a><\/li><li class='av-share-link av-social-link-whatsapp' ><a target=\"_blank\" aria-label=\"Compartir en Whatsapp\" href='https:\/\/api.whatsapp.com\/send?text=https:\/\/radiorevelacionfm.cl\/?p=38315' aria-hidden='false' data-av_icon='\uf232' data-av_iconfont='entypo-fontello' title='' data-avia-related-tooltip='Compartir en Whatsapp' rel=\"noopener\"><span class='avia_hidden_link_text'>Compartir en Whatsapp<\/span><\/a><\/li><li class='av-share-link av-social-link-linkedin' ><a target=\"_blank\" aria-label=\"Compartir en LinkedIn\" href='https:\/\/linkedin.com\/shareArticle?mini=true&#038;title=Mineduc%20invertir%C3%A1%20450%20millones%20de%20pesos%20para%20la%20conservaci%C3%B3n%20de%20la%20Escuela%20de%20Caleta%20Tortel&#038;url=https:\/\/radiorevelacionfm.cl\/?p=38315' aria-hidden='false' data-av_icon='\ue8fc' data-av_iconfont='entypo-fontello' title='' data-avia-related-tooltip='Compartir en LinkedIn' rel=\"noopener\"><span class='avia_hidden_link_text'>Compartir en LinkedIn<\/span><\/a><\/li><li class='av-share-link av-social-link-mail' ><a  aria-label=\"Compartir por correo\" href='mailto:?subject=Mineduc%20invertir%C3%A1%20450%20millones%20de%20pesos%20para%20la%20conservaci%C3%B3n%20de%20la%20Escuela%20de%20Caleta%20Tortel&#038;body=https:\/\/radiorevelacionfm.cl\/?p=38315' aria-hidden='false' data-av_icon='\ue805' data-av_iconfont='entypo-fontello' title='' data-avia-related-tooltip='Compartir por correo'><span class='avia_hidden_link_text'>Compartir por correo<\/span><\/a><\/li><\/ul><\/div><\/div>\n<div  style='height:50px' class='hr hr-invisible   avia-builder-el-8  el_after_av_social_share  el_before_av_comments_list '><span class='hr-inner ' ><span class='hr-inner-style'><\/span><\/span><\/div>\n<div  class='av-buildercomment  av-blog-meta-html-info-disabled av-blog-meta-tag-disabled  '><\/div>\n","protected":false},"excerpt":{"rendered":"","protected":false},"author":1,"featured_media":38316,"comment_status":"open","ping_status":"open","sticky":false,"template":"","format":"standard","meta":{"footnotes":""},"categories":[49],"tags":[],"class_list":["post-38315","post","type-post","status-publish","format-standard","has-post-thumbnail","hentry","category-educacion"],"jetpack_featured_media_url":"https:\/\/radiorevelacionfm.cl\/wp-content\/uploads\/2023\/12\/tortel-2-2-1-1.jpg","_links":{"self":[{"href":"https:\/\/radiorevelacionfm.cl\/index.php?rest_route=\/wp\/v2\/posts\/38315","targetHints":{"allow":["GET"]}}],"collection":[{"href":"https:\/\/radiorevelacionfm.cl\/index.php?rest_route=\/wp\/v2\/posts"}],"about":[{"href":"https:\/\/radiorevelacionfm.cl\/index.php?rest_route=\/wp\/v2\/types\/post"}],"author":[{"embeddable":true,"href":"https:\/\/radiorevelacionfm.cl\/index.php?rest_route=\/wp\/v2\/users\/1"}],"replies":[{"embeddable":true,"href":"https:\/\/radiorevelacionfm.cl\/index.php?rest_route=%2Fwp%2Fv2%2Fcomments&post=38315"}],"version-history":[{"count":1,"href":"https:\/\/radiorevelacionfm.cl\/index.php?rest_route=\/wp\/v2\/posts\/38315\/revisions"}],"predecessor-version":[{"id":38317,"href":"https:\/\/radiorevelacionfm.cl\/index.php?rest_route=\/wp\/v2\/posts\/38315\/revisions\/38317"}],"wp:featuredmedia":[{"embeddable":true,"href":"https:\/\/radiorevelacionfm.cl\/index.php?rest_route=\/wp\/v2\/media\/38316"}],"wp:attachment":[{"href":"https:\/\/radiorevelacionfm.cl\/index.php?rest_route=%2Fwp%2Fv2%2Fmedia&parent=38315"}],"wp:term":[{"taxonomy":"category","embeddable":true,"href":"https:\/\/radiorevelacionfm.cl\/index.php?rest_route=%2Fwp%2Fv2%2Fcategories&post=38315"},{"taxonomy":"post_tag","embeddable":true,"href":"https:\/\/radiorevelacionfm.cl\/index.php?rest_route=%2Fwp%2Fv2%2Ftags&post=38315"}],"curies":[{"name":"wp","href":"https:\/\/api.w.org\/{rel}","templated":true}]}}